{"id":211999,"date":"2025-11-12T22:02:18","date_gmt":"2025-11-12T22:02:18","guid":{"rendered":"https:\/\/www.europesays.com\/it\/211999\/"},"modified":"2025-11-12T22:02:18","modified_gmt":"2025-11-12T22:02:18","slug":"domenico-procacci-e-la-moglie-kasia-smutniak-in-bilico-sulla-mole-la-mostra-di-ghilardi-a-torino","status":"publish","type":"post","link":"https:\/\/www.europesays.com\/it\/211999\/","title":{"rendered":"Domenico Procacci e la moglie Kasia Smutniak in bilico sulla Mole: la mostra di Ghilardi a Torino"},"content":{"rendered":"<p>\u00abLa prossima volta che qualcuno mi chiede se ci va di appenderci alla Mole Antonelliana, 166 metri di altezza, per motivi poco chiari, giuro che te lo chiedo\u00bb ha dovuto promettere<strong> Domenico Procacci<\/strong> alla moglie <strong>Kasia Smutniak<\/strong> dopo avere accettato senza consultarla la proposta del fotografo <strong>Riccardo Ghilardi<\/strong>.<\/p>\n<p>Cos\u00ec i due si sono ritrovati a volteggiare insieme appesi alla Mole nei panni di Ginger e Fred. Lei con un abito di alta moda Armani modificato per mettere un\u2019imbragatura sotto, lui a ballare il tip tap sulla cupola felice come un bambino. La foto che li ritrae \u00e8 una delle quarantadue che compongono la mostra \u201c<strong>Riccardo Ghilardi. Piano sequenza la Mole<\/strong>\u201d, curata da Domenico De Gaetano e realizzata da Intesa Sanpaolo in collaborazione con il Museo del Cinema, che \u00e8 stata inaugurata questa mattina alle Gallerie d\u2019Italia. Un racconto fotografico che, come un lungo piano sequenza, attraverso gli scatti del fotografo racconta la storia del cinema, la Mole e le collezioni del Museo, coinvolgendo le tante personalit\u00e0 che in questi anni vi hanno fatto visita.<\/p>\n<p>    <img decoding=\"async\" src=\"https:\/\/www.europesays.com\/it\/wp-content\/uploads\/2025\/11\/210309603-c4d90f98-c9a4-4bbc-953d-e9c1fd345819.jpg\" class=\"lazyload\"\/><\/p>\n<p>Da Martin Scorsese circondato dai cimeli nello studio di Goffredo Lombardo a Sharon Stone avvolta nel mantello di Ingrid Bergman, passando per Willem Dafoe che contempla l\u2019interno della cupola nei panni di Freder Fredersen in \u201cMetropolis\u201d e Malcolm McDowell si aggira minaccioso per i sotterranei con i drughi di \u201cArancia Meccanica\u201d.Il progetto \u00e8 nato nel 2021 da un\u2019idea dell\u2019allora direttore del Museo del Cinema Domenico De Gaetano, curatore della mostra.<\/p>\n<p>\u00abCi siamo resi conto che restava poco dei tanti grandi personaggi del cinema che stavamo invitando a Torino \u2013 racconta \u2013 e allora ci siamo chiesti: come fare a costruire qualcosa con loro?\u00bb. Per farlo \u00e8 stato coinvolto il fotografo Riccardo Ghilardi che per quattro anni \u00e8 stato libero di creare e immaginare giocando con gli ospiti, con l\u2019architettura della Mole e con il patrimonio del Museo. \u00abMi sono ispirato a \u201cUna notte al museo\u201d immaginando che questi grandi personaggi prendessero vita durante la notte \u2013 spiega Ghilardi \u2013 e ho avuto la libert\u00e0 di poter esprimere tutto quello che avevo in mente\u00bb. Tra i ricordi pi\u00f9 intensi, racconta ancora il fotografo, \u00abla disponibilit\u00e0 di Willem Dafoe che ha spostato il volo per darmi pi\u00f9 agio per realizzare lo scatto, o Damien Chazelle che \u00e8 arrossito quando ha preso in mano il copione di Casanova\u00bb.Tra i protagonisti degli scatti anche Tim Burton, Kevin Spacey, Monica Bellucci, Damien Chazelle, Xavier Dolan e Ron Howard.<\/p>\n<p>    <img decoding=\"async\" src=\"https:\/\/www.europesays.com\/it\/wp-content\/uploads\/2025\/11\/210314975-5facf2d9-edc9-4e58-91d3-0ba3eafe442b.jpg\" class=\"lazyload\"\/><\/p>\n<p>Ci siamo concessi un gioco libero di finzione\u00bb ha raccontato all\u2019inaugurazione l\u2019attrice Rosa Diletta Rossi immortalata da Ghilardi nei panni di Catherine Zeta Jones mentre si cala dall\u2019interno della cupola per rubare la stella della Mole da una cassaforte posta nell\u2019Aula del Tempio. Giovanna Mezzogiorno, invece, veste i panni di Maria Adriana Prolo, la fondatrice del Museo Nazionale del Cinema, e presta la sua voce e la sua presenza come narratrice al documentario di backstage che sar\u00e0 proiettato parzialmente all\u2019interno della mostra per poi approdare integrale su RayPlay nel 2026.La mostra \u00e8 visitabile gratuitamente con il biglietto del Museo del Cinema.<\/p>\n","protected":false},"excerpt":{"rendered":"\u00abLa prossima volta che qualcuno mi chiede se ci va di appenderci alla Mole Antonelliana, 166 metri di&hellip;\n","protected":false},"author":3,"featured_media":212000,"comment_status":"","ping_status":"","sticky":false,"template":"","format":"standard","meta":{"footnotes":""},"categories":[1446],"tags":[1615,1613,1614,1611,1610,1612,203,204,1537,90,89],"class_list":{"0":"post-211999","1":"post","2":"type-post","3":"status-publish","4":"format-standard","5":"has-post-thumbnail","7":"category-arte-e-design","8":"tag-arte","9":"tag-arte-e-design","10":"tag-arteedesign","11":"tag-arts","12":"tag-arts-and-design","13":"tag-design","14":"tag-entertainment","15":"tag-intrattenimento","16":"tag-it","17":"tag-italia","18":"tag-italy"},"share_on_mastodon":{"url":"https:\/\/pubeurope.com\/@it\/115538988072624580","error":""},"_links":{"self":[{"href":"https:\/\/www.europesays.com\/it\/wp-json\/wp\/v2\/posts\/211999","targetHints":{"allow":["GET"]}}],"collection":[{"href":"https:\/\/www.europesays.com\/it\/wp-json\/wp\/v2\/posts"}],"about":[{"href":"https:\/\/www.europesays.com\/it\/wp-json\/wp\/v2\/types\/post"}],"author":[{"embeddable":true,"href":"https:\/\/www.europesays.com\/it\/wp-json\/wp\/v2\/users\/3"}],"replies":[{"embeddable":true,"href":"https:\/\/www.europesays.com\/it\/wp-json\/wp\/v2\/comments?post=211999"}],"version-history":[{"count":0,"href":"https:\/\/www.europesays.com\/it\/wp-json\/wp\/v2\/posts\/211999\/revisions"}],"wp:featuredmedia":[{"embeddable":true,"href":"https:\/\/www.europesays.com\/it\/wp-json\/wp\/v2\/media\/212000"}],"wp:attachment":[{"href":"https:\/\/www.europesays.com\/it\/wp-json\/wp\/v2\/media?parent=211999"}],"wp:term":[{"taxonomy":"category","embeddable":true,"href":"https:\/\/www.europesays.com\/it\/wp-json\/wp\/v2\/categories?post=211999"},{"taxonomy":"post_tag","embeddable":true,"href":"https:\/\/www.europesays.com\/it\/wp-json\/wp\/v2\/tags?post=211999"}],"curies":[{"name":"wp","href":"https:\/\/api.w.org\/{rel}","templated":true}]}}