{"id":212264,"date":"2025-11-13T01:36:12","date_gmt":"2025-11-13T01:36:12","guid":{"rendered":"https:\/\/www.europesays.com\/it\/212264\/"},"modified":"2025-11-13T01:36:12","modified_gmt":"2025-11-13T01:36:12","slug":"gattuso-conferenza-pre-moldova-italia-scamacca-e-raspadori-titolari","status":"publish","type":"post","link":"https:\/\/www.europesays.com\/it\/212264\/","title":{"rendered":"Gattuso, conferenza pre Moldova-Italia: &#8220;Scamacca e Raspadori titolari&#8221;"},"content":{"rendered":"<p>                                Il ct azzurro alla vigilia della gara della nona giornata del Gruppo I: &#8220;Non penso ai playoff. La mia testa \u00e8 solo alla partita di domani, non vado oltre&#8221;<\/p>\n<p>                    12 novembre 2025 (modifica il 13 novembre 2025 | 00:11)  &#8211; CHISINAU (MOLDOVA)<\/p>\n<p class=\"paragraph\" spellcheck=\"true\">Rino Gattuso non fa regali e non vuole un risultato diverso rispetto alla vittoria in Moldova. Anche se un successo della Norvegia sull&#8217;Estonia, che domani giocher\u00e0 alle 18, potrebbe rendere inutile il nostro risultato. &#8220;Mi ricordo quando con Lippi abbiamo giocato qui in Moldova (settembre 2004, successo per 1-0 grazie a un gol di Del Piero, ndr) &#8211; ha affermato Rino &#8211; e non \u00e8 stato facile come non lo sar\u00e0 domani. Partite facili non ce n&#8217;erano prima e non ce ne sono neppure adesso. Ci vuole grande rispetto perch\u00e9 se non hai rispetto per gli avversari \u00e8 dura. Chi ha in testa l&#8217;11-1 della Norvegia contro questa Moldova si sbaglia. La Moldova non \u00e8 quella dell&#8217;11-1&#8230; Se si rigioca 10 volte quella partita, difficilmente che quel risultato si ripeta. A Reggio Emilia (ultimo incontro dell&#8217;era Spalletti, ndr) abbiamo sudato e faticato: domani ci vogliono impegno e rispetto per gli avversari per portare a casa i tre punti. Lo ribadisco per essere chiaro: la Moldova ci pu\u00f2 mettere in difficolt\u00e0 e ci sar\u00e0 da pedalare e da rispettare l&#8217;avversario. Ha una squadra con pregi e difetti: conosco Ionita e quello che ha fatto in Italia. Abbiamo preparato la partita sulla Moldova e non sul singolo&#8221;.<\/p>\n<p>    formazione\u2014 \u00a0<\/p>\n<p class=\"paragraph\" spellcheck=\"true\">Gattuso ha poi parlato della formazione: &#8220;Confermo che ci saranno dei cambiamenti e li faccio senza paura perch\u00e9 ho fiducia nei miei ragazzi: tutti si meritano una serata come domani. Voglio ringraziare il gruppo perch\u00e9 pensavo che potevano succedere determinate cose e invece c&#8217;\u00e8 stato un grande senso di appartenenza a Coverciano. Sappiamo come funziona e che ci sono tante partite in questo periodo nel quale i singoli hanno un minutaggio elevato&#8230; Invece stiamo continuando sulla strada giusta. Barella (squalificato contro la Moldova, ndr), per esempio, mi poteva chiedere di venire a Milanello e invece \u00e8 qui con noi. Tutti vogliono stare con i compagni e crescere come gruppo, stando insieme. Non \u00e8 tutto dovuto. Gabbia? Non partir\u00e0 dall&#8217;inizio, ma l&#8217;obiettivo \u00e8 dare minutaggio anche a lui. In porta? Spazio per Vicario e con Donnarumma in panchina. In attacco, invece, ci saranno Scamacca e Raspadori: saranno loro due a partire dall\u2019inizio, ma non deve strafare perch\u00e9 conosciamo le caratteristiche e la balistica di Scamacca. Sappiamo cosa ci pu\u00f2 dare: deve stare tranquillo e fare una partita seria. Dimarco? Si \u00e8 sparsa l&#8217;opinione che potesse giocare solo 60-65 minuti. Lui ci ha messo del suo per togliersi di dosso questa etichetta ed \u00e8 da un bel po&#8217; che sta offrendo\u00a0 prestazioni importanti. Domani, ripeto, ci saranno tanti cambiamenti e  Dimarco sar\u00e0 uno che si riposer\u00e0. \u00c8 giusto far rifiatare questi ragazzi perch\u00e9 li vedo lavorare ed \u00e8 doveroso dare spazio a tutti. Non sto regalando niente a chi giocher\u00e0. Faremo una grande prestazione perch\u00e9 sono convinto delle capacit\u00e0 di chiunque \u00e8 qua. Chiunque scender\u00e0 in campo \u00e8 perch\u00e9 se lo merita. Non per dare un contentino&#8221;.<\/p>\n<p>    orgoglio\u2014 \u00a0<\/p>\n<p class=\"paragraph\" spellcheck=\"true\">Il ct ha poi elogiato Sinner: &#8220;Sinner mi riempie d&#8217;orgoglio, ma anche Musetti: ieri eravamo sul divano con i miei collaboratori e siamo stati fino a mezzanotte a vedere la vittoria di Musetti. Lo sport d\u00e0 emozione quando uno rappresenta la nostra bandiera. Per me, per\u00f2, \u00e8 un motivo di orgoglio anche sapere che 6-7 milioni di persone guardano l&#8217;Italia ogni incontro: \u00e8 un dato che chiedo sempre. Vogliamo far rinnamorare la gente. Quell&#8217;attaccamento alla maglia e quella voglia di azzurro non devono mancare mai: da parte della gente li sento anche quando vado in giro per gli stadi o per strada. Tutti abbiamo il desiderio di vedere l&#8217;Italia al Mondiale. I playoff? Sono onesto: la mia testa va alla partita di domani e non guardo oltre. Voglio vedere la crescita e mi aspetto un&#8217;altra prestazione importante da parte di tutti&#8221;.<\/p>\n<p class=\"is-copyright\">\u00a9 RIPRODUZIONE RISERVATA<\/p>\n","protected":false},"excerpt":{"rendered":"Il ct azzurro alla vigilia della gara della nona giornata del Gruppo I: &#8220;Non penso ai playoff. La&hellip;\n","protected":false},"author":3,"featured_media":212265,"comment_status":"","ping_status":"","sticky":false,"template":"","format":"standard","meta":{"footnotes":"","_share_on_mastodon":"0"},"categories":[1452],"tags":[8449,7920,721,7402,6969,5886,2276,33595,1690,2097,1740,1974,11332,4965,2250,399,1302,1537,90,89,102295,68494,3419,4052,3038,10800,1290,126629,4283,12040,6666,1699,22268,64431,1270,126630,6811,20525,27619,126631,1739,245,244,1928,2959],"class_list":["post-212264","post","type-post","status-publish","format-standard","has-post-thumbnail","category-calcio","tag-avversari","tag-azzurro","tag-calcio","tag-cambiamenti","tag-ce","tag-ct","tag-dare","tag-dimarco","tag-domani","tag-far","tag-football","tag-formazione","tag-gattuso","tag-gente","tag-giochera","tag-incontro","tag-inizio","tag-it","tag-italia","tag-italy","tag-minutaggio","tag-moldova","tag-musetti","tag-ndr","tag-norvegia","tag-orgoglio","tag-partita","tag-partita-domani","tag-partite","tag-playoff","tag-prestazione","tag-ragazzi","tag-raspadori","tag-rino","tag-rispetto","tag-rispetto-avversari","tag-risultato","tag-sappiamo","tag-scamacca","tag-scamacca-raspadori","tag-soccer","tag-sport","tag-sports","tag-testa","tag-vedere"],"share_on_mastodon":{"url":"","error":"Validation failed: Text character limit of 500 exceeded"},"_links":{"self":[{"href":"https:\/\/www.europesays.com\/it\/wp-json\/wp\/v2\/posts\/212264","targetHints":{"allow":["GET"]}}],"collection":[{"href":"https:\/\/www.europesays.com\/it\/wp-json\/wp\/v2\/posts"}],"about":[{"href":"https:\/\/www.europesays.com\/it\/wp-json\/wp\/v2\/types\/post"}],"author":[{"embeddable":true,"href":"https:\/\/www.europesays.com\/it\/wp-json\/wp\/v2\/users\/3"}],"replies":[{"embeddable":true,"href":"https:\/\/www.europesays.com\/it\/wp-json\/wp\/v2\/comments?post=212264"}],"version-history":[{"count":0,"href":"https:\/\/www.europesays.com\/it\/wp-json\/wp\/v2\/posts\/212264\/revisions"}],"wp:featuredmedia":[{"embeddable":true,"href":"https:\/\/www.europesays.com\/it\/wp-json\/wp\/v2\/media\/212265"}],"wp:attachment":[{"href":"https:\/\/www.europesays.com\/it\/wp-json\/wp\/v2\/media?parent=212264"}],"wp:term":[{"taxonomy":"category","embeddable":true,"href":"https:\/\/www.europesays.com\/it\/wp-json\/wp\/v2\/categories?post=212264"},{"taxonomy":"post_tag","embeddable":true,"href":"https:\/\/www.europesays.com\/it\/wp-json\/wp\/v2\/tags?post=212264"}],"curies":[{"name":"wp","href":"https:\/\/api.w.org\/{rel}","templated":true}]}}