{"id":212616,"date":"2025-11-13T07:41:13","date_gmt":"2025-11-13T07:41:13","guid":{"rendered":"https:\/\/www.europesays.com\/it\/212616\/"},"modified":"2025-11-13T07:41:13","modified_gmt":"2025-11-13T07:41:13","slug":"donald-trump-firma-finisce-lo-shutdown-piu-lungo-della-storia-usa","status":"publish","type":"post","link":"https:\/\/www.europesays.com\/it\/212616\/","title":{"rendered":"Donald Trump firma: finisce lo shutdown pi\u00f9 lungo della storia Usa"},"content":{"rendered":"<p>Donald Trump ha ufficialmente firmato il provvedimento approvato dal Congresso americano per mettere fine <a data-intcmp=\"skytg24_foglia articolo_interlink_text\" href=\"https:\/\/tg24.sky.it\/mondo\/2025\/10\/03\/shutdown-usa-impatto-economia-pil-lavoro\" rel=\"nofollow noopener\" target=\"_blank\">allo shutdown<\/a> pi\u00f9 lungo della storia del Paese, durato 43 giorni. La Camera ha, infatti, dato il via libera alla misura con 222 voti a favore e 209 contrari. Sei deputati democratici, inoltre, hanno votato con i repubblicani per riaprire il governo. Firmando il provvedimento, il presidente americano ha ringraziato i leader repubblicani del Congresso e i democratici che hanno votato a favore della fine dello shutdown. &#8220;Non si deve pi\u00f9 ripetere&#8221;, ha commentato Trump.<\/p>\n<p>\t\t \tLo scontro politico<\/p>\n<p>Dunque, dopo 43 giorni di chiusura, il governo Usa riapre. Il provvedimento messo a punto, adesso, permette di finanziare il governo fino al 30 gennaio e di non includere l&#8217;estensione dei sussidi all&#8217;Obamacare, al centro della disputa che ha portato allo stop delle attivit\u00e0 governative nel Paese. I democratici per\u00f2 non vogliono arretrare. Il leader dei liberal alla Camera, Hakeem Jeffries, ha infatti gi\u00e0 confermato che la disputa non si fermer\u00e0. &#8220;E&#8217; appena iniziata&#8221;, ha ribadito prevedendo che i repubblicani potrebbero subire una mancata estensione alla elezioni di met\u00e0 mandato del 2026. Senza ulteriori fondi, ha proseguito, gli americani li &#8220;cacceranno dai loro incarichi il prossimo anno&#8221;.<\/p>\n<p>La questione Obamacare<\/p>\n<p>Tornando <a data-intcmp=\"skytg24_foglia articolo_interlink_text\" href=\"https:\/\/tg24.sky.it\/mondo\/2025\/11\/10\/shutdown-usa-accordo-obamacare\" rel=\"nofollow noopener\" target=\"_blank\">all&#8217;Obamacare<\/a>,\u00a0riforma sanitaria che mira a rendere l&#8217;assistenza sanitaria pi\u00f9 accessibile e conveniente per gli americani, ampliando la copertura assicurativa e offrendo sussidi per l&#8217;acquisto di pacchetti assicurativi, le stime indicano che in mancanza di un&#8217;estensione i premi saliranno in media del 114%. &#8220;L&#8217;Obamacare \u00e8 stata un disastro fin dall&#8217;inizio. Vorremmo che i soldi che vanno alle assicurazioni sanitarie andassero direttamente agli americani, in modo che possano acquistare direttamente la loro copertura sanitaria e diventare manager di se stessi&#8221;, ha tuonatoTrump accusando i democratici. Gli stessi, ha detto ancora il tycoon, che hanno &#8220;voluto lo shutdown per motivi politici&#8221;.<\/p>\n<p>Verso la normalit\u00e0 dei trasporti aerei<\/p>\n<p>Ora, con la riapertura del governo, i <a data-intcmp=\"skytg24_foglia articolo_interlink_text\" href=\"https:\/\/tg24.sky.it\/mondo\/2025\/11\/10\/shutdown-usa-trump-controllori-volo\" rel=\"nofollow noopener\" target=\"_blank\">disagi al trasporto aereo<\/a> dovrebbe rientrare, dopo le migliaia di voli cancellati dei giorni scorsi. Per un ritorno alla normalit\u00e0 completo, per\u00f2, servir\u00e0 tempo, anche se dovrebbe essere scongiurato il caos legato alle feste del Ringraziamento. A poco a poco, infatti, i controllori di volo torneranno del tutto operativi consentendo al Dipartimento dei Trasporti di rimuovere i limiti imposti al traffico aereo nei maggiori scali Usa. In ultimo, poi, la riapertura del governo permetter\u00e0 anche il pagamento dei buoni pasto essenziali per 42 milioni di americani.\u00a0<\/p>\n<p>\u00a0<\/p>\n<p>\t\t\t<a class=\"c-inline-card j-inline-card c-inline-card--with-image\" href=\"https:\/\/tg24.sky.it\/mondo\/2025\/11\/11\/shutdown-usa\" rel=\"follow nofollow noopener\" data-intcmp=\"skytg24_articolo_approfondimenti_inline\" target=\"_blank\"><\/p>\n<p>\t\t\t         <img decoding=\"async\" crossorigin=\"anonymous\" alt=\"\" src=\"https:\/\/www.europesays.com\/it\/wp-content\/uploads\/2025\/11\/capitol-hill-GettyImages-2245583443.jpg\"  loading=\"lazy\"  bad-src=\"https:\/\/www.europesays.com\/it\/wp-content\/uploads\/2025\/11\/capitol-hill-GettyImages-2245583443.jpg\"\/><\/p>\n<p>\n\t\t\t         Approfondimento<br \/>\n\t\t\t         Ecco come 8 senatori dem avvicinano Trump alla fine dello shutdown\n\t\t\t      <\/p>\n<p>\t\t\t<\/a><\/p>\n","protected":false},"excerpt":{"rendered":"Donald Trump ha ufficialmente firmato il provvedimento approvato dal Congresso americano per mettere fine allo shutdown pi\u00f9 lungo&hellip;\n","protected":false},"author":3,"featured_media":212617,"comment_status":"","ping_status":"","sticky":false,"template":"","format":"standard","meta":{"footnotes":"","_share_on_mastodon":"0"},"categories":[160],"tags":[364,14,164,165,206,166,7,15,89222,242,11,167,12,168,410,161,162,163],"class_list":["post-212616","post","type-post","status-publish","format-standard","has-post-thumbnail","category-mondo","tag-collaboratori","tag-cronaca","tag-dal-mondo","tag-dalmondo","tag-donald-trump","tag-mondo","tag-news","tag-notizie","tag-shutdown","tag-stati-uniti","tag-ultime-notizie","tag-ultime-notizie-di-mondo","tag-ultimenotizie","tag-ultimenotiziedimondo","tag-usa","tag-world","tag-world-news","tag-worldnews"],"share_on_mastodon":{"url":"https:\/\/pubeurope.com\/@it\/115541264921353062","error":""},"_links":{"self":[{"href":"https:\/\/www.europesays.com\/it\/wp-json\/wp\/v2\/posts\/212616","targetHints":{"allow":["GET"]}}],"collection":[{"href":"https:\/\/www.europesays.com\/it\/wp-json\/wp\/v2\/posts"}],"about":[{"href":"https:\/\/www.europesays.com\/it\/wp-json\/wp\/v2\/types\/post"}],"author":[{"embeddable":true,"href":"https:\/\/www.europesays.com\/it\/wp-json\/wp\/v2\/users\/3"}],"replies":[{"embeddable":true,"href":"https:\/\/www.europesays.com\/it\/wp-json\/wp\/v2\/comments?post=212616"}],"version-history":[{"count":0,"href":"https:\/\/www.europesays.com\/it\/wp-json\/wp\/v2\/posts\/212616\/revisions"}],"wp:featuredmedia":[{"embeddable":true,"href":"https:\/\/www.europesays.com\/it\/wp-json\/wp\/v2\/media\/212617"}],"wp:attachment":[{"href":"https:\/\/www.europesays.com\/it\/wp-json\/wp\/v2\/media?parent=212616"}],"wp:term":[{"taxonomy":"category","embeddable":true,"href":"https:\/\/www.europesays.com\/it\/wp-json\/wp\/v2\/categories?post=212616"},{"taxonomy":"post_tag","embeddable":true,"href":"https:\/\/www.europesays.com\/it\/wp-json\/wp\/v2\/tags?post=212616"}],"curies":[{"name":"wp","href":"https:\/\/api.w.org\/{rel}","templated":true}]}}