{"id":212793,"date":"2025-11-13T10:24:12","date_gmt":"2025-11-13T10:24:12","guid":{"rendered":"https:\/\/www.europesays.com\/it\/212793\/"},"modified":"2025-11-13T10:24:12","modified_gmt":"2025-11-13T10:24:12","slug":"la-coalizione-del-premier-al-soudani-vince-in-quasi-tutte-le-province","status":"publish","type":"post","link":"https:\/\/www.europesays.com\/it\/212793\/","title":{"rendered":"la coalizione del premier Al Soudani vince in quasi tutte le province"},"content":{"rendered":"\n<p>La Commissione elettorale irachena ha annunciato oggi i risultati preliminari delle parlamentari 2025: la coalizione &#8220;<strong>Ricostruzione e Sviluppo<\/strong>&#8221; guidata dal premier Mohammed Shia al-Sudani si \u00e8 affermata al primo posto nella maggior parte delle province, con un&#8217;affluenza superiore al 56%. Secondo posto per il partito &#8220;<strong>Taqaddum<\/strong>&#8221; di Mohammed al-Halbousi, soprattutto a Baghdad. Nel Kurdistan iracheno il <strong>Partito democratico curdo<\/strong> di Masoud Barzani ha dominato a Erbil, Dohuk e Ninive; l&#8217;<strong>Unione patriottica curda <\/strong>ha prevalso a Sulaymaniyah e Kirkuk. A Bassora primo il blocco &#8220;<strong>Tasmeem<\/strong>&#8221; di Asaad al-Eidani.\u00a0<\/p>\n<p>Al Soudani ha affermato di voler tenere conto, nella formazione del prossimo governo, della \u201cvolont\u00e0 di tutti gli elettori e degli interessi di tutto il nostro popolo, compresi quelli che hanno scelto di boicottare\u201d le elezioni, come l&#8217;influente leader sciita Moqtada Sadr. Soudani dovr\u00e0 anche preservare il fragile equilibrio tra i due principali alleati dell&#8217;Iraq, l&#8217;Iran e gli Stati Uniti, mentre il Medio Oriente attraversa un periodo di profondi sconvolgimenti sulla scia della guerra a Gaza.<\/p>\n<p>Soudani si \u00e8 imposto sulla scena politica irachena dopo essere stato portato al potere nel 2022 grazie al sostegno di un&#8217;alleanza che riunisce partiti e fazioni sciite tutti legati all&#8217;Iran, il Quadro di coordinamento. Le elezioni aprono la strada alla nomina di un nuovo presidente, carica largamente onorifica riservata a un curdo, e di un primo ministro tradizionalmente sciita. Un sunnita occuper\u00e0 la carica di presidente del Parlamento. Poich\u00e9 \u00e8 impossibile ottenere la maggioranza assoluta con una sola lista, Soudani, se la sua vittoria sar\u00e0 confermata, dovr\u00e0 nuovamente federare le fazioni sciite per assicurarsi la riconferma.<strong> I partiti sunniti si sono presentati separatamente alle elezioni, caratterizzate da un&#8217;affluenza superiore al 55%<\/strong> secondo la commissione elettorale, con l&#8217;ex presidente del Parlamento Mohamed al-Halboussi dato per favorito. Nella regione autonoma del Kurdistan, la rivalit\u00e0 tra il Partito Democratico del Kurdistan (PDK) e l&#8217;Unione Patriottica del Kurdistan (UPK) rimane accesa. L&#8217;Iraq ha conosciuto una stabilit\u00e0 insolita negli ultimi anni, dopo diversi decenni di guerra e repressione sotto Saddam Hussein e dall&#8217;invasione guidata dagli Stati Uniti nel 2003 che lo ha rovesciato. <strong>Gli elettori erano chiamati a scegliere tra oltre 7.700 candidati, di cui quasi un terzo donne, per occupare 329 seggi di deputati con mandato quadriennale. L&#8217;affluenza alle urne ha registrato un forte aumento rispetto al minimo storico del 41% del 2021,<\/strong> nonostante un sentimento generale di apatia e scetticismo, nonch\u00e9 il boicottaggio delle elezioni da parte dell&#8217;influente leader sciita Moqtada Sadr, che ha denunciato un&#8217;elezione \u201cdominata da interessi settari, etnici e di parte\u201d.\u00a0<\/p>\n<p>Durante la sua campagna elettorale, Soudani si \u00e8 impegnato a proseguire la sua politica di ricostruzione e sviluppo. Durante i suoi tre anni di mandato, Baghdad si \u00e8 trasformata in un vasto cantiere, con la costruzione di nuovi tunnel e ponti in tutta la capitale. Soudani afferma inoltre che il suo governo ha preservato l&#8217;Iraq dalle turbolenze regionali negli ultimi due anni. L&#8217;esito di queste elezioni \u00e8 seguito da vicino dall&#8217;Iran e dagli Stati Uniti. L&#8217;Iran spera di preservare la sua influenza sul vicino dopo aver visto i suoi altri alleati regionali (Hezbollah libanese, Hamas palestinese, Houthi yemeniti) indeboliti negli ultimi due anni dai conflitti con Israele. Teheran ha inoltre perso un alleato importante con la caduta di Bashar al-Assad in Siria alla fine del 2024. L&#8217;Iraq \u00e8 sotto pressione da parte degli Stati Uniti, che mantengono circa 2.500 soldati nel Paese, \u00a0affinch\u00e9 disarmi i gruppi filo-iraniani. L&#8217;amministrazione del presidente Donald Trump ha nominato un inviato speciale per il Paese, Mark Savaya, di origine irachena, che ha insistito sulla necessit\u00e0 di vedere l&#8217;Iraq \u201cliberato dalle interferenze straniere malevole, in particolare quelle dell&#8217;Iran e dei suoi alleati\u201d.<\/p>\n","protected":false},"excerpt":{"rendered":"La Commissione elettorale irachena ha annunciato oggi i risultati preliminari delle parlamentari 2025: la coalizione &#8220;Ricostruzione e Sviluppo&#8221;&hellip;\n","protected":false},"author":3,"featured_media":212794,"comment_status":"","ping_status":"","sticky":false,"template":"","format":"standard","meta":{"footnotes":""},"categories":[160],"tags":[14,164,165,166,7,15,11,167,12,168,161,162,163],"class_list":{"0":"post-212793","1":"post","2":"type-post","3":"status-publish","4":"format-standard","5":"has-post-thumbnail","7":"category-mondo","8":"tag-cronaca","9":"tag-dal-mondo","10":"tag-dalmondo","11":"tag-mondo","12":"tag-news","13":"tag-notizie","14":"tag-ultime-notizie","15":"tag-ultime-notizie-di-mondo","16":"tag-ultimenotizie","17":"tag-ultimenotiziedimondo","18":"tag-world","19":"tag-world-news","20":"tag-worldnews"},"share_on_mastodon":{"url":"https:\/\/pubeurope.com\/@it\/115541905513070479","error":""},"_links":{"self":[{"href":"https:\/\/www.europesays.com\/it\/wp-json\/wp\/v2\/posts\/212793","targetHints":{"allow":["GET"]}}],"collection":[{"href":"https:\/\/www.europesays.com\/it\/wp-json\/wp\/v2\/posts"}],"about":[{"href":"https:\/\/www.europesays.com\/it\/wp-json\/wp\/v2\/types\/post"}],"author":[{"embeddable":true,"href":"https:\/\/www.europesays.com\/it\/wp-json\/wp\/v2\/users\/3"}],"replies":[{"embeddable":true,"href":"https:\/\/www.europesays.com\/it\/wp-json\/wp\/v2\/comments?post=212793"}],"version-history":[{"count":0,"href":"https:\/\/www.europesays.com\/it\/wp-json\/wp\/v2\/posts\/212793\/revisions"}],"wp:featuredmedia":[{"embeddable":true,"href":"https:\/\/www.europesays.com\/it\/wp-json\/wp\/v2\/media\/212794"}],"wp:attachment":[{"href":"https:\/\/www.europesays.com\/it\/wp-json\/wp\/v2\/media?parent=212793"}],"wp:term":[{"taxonomy":"category","embeddable":true,"href":"https:\/\/www.europesays.com\/it\/wp-json\/wp\/v2\/categories?post=212793"},{"taxonomy":"post_tag","embeddable":true,"href":"https:\/\/www.europesays.com\/it\/wp-json\/wp\/v2\/tags?post=212793"}],"curies":[{"name":"wp","href":"https:\/\/api.w.org\/{rel}","templated":true}]}}