{"id":212954,"date":"2025-11-13T12:33:16","date_gmt":"2025-11-13T12:33:16","guid":{"rendered":"https:\/\/www.europesays.com\/it\/212954\/"},"modified":"2025-11-13T12:33:16","modified_gmt":"2025-11-13T12:33:16","slug":"ha-rovinato-tutto-per-miles-teller-il-flop-del-film-ha-un-solo-colpevole","status":"publish","type":"post","link":"https:\/\/www.europesays.com\/it\/212954\/","title":{"rendered":"&#8220;Ha rovinato tutto&#8221;. Per Miles Teller il flop del film ha un solo colpevole"},"content":{"rendered":"<p class=\"subtitle fw-normal mb-3 lh-sm text-secondary\">Ritornando con la mente alla sua esperienza sul set, l&#8217;attore non ha potuto fare a meno di esprimere il suo dispiacere per tutti coloro che avevano lavorato sodo al film uscito nel 2015<\/p>\n<p>  <img decoding=\"async\" src=\"https:\/\/www.europesays.com\/it\/wp-content\/uploads\/2025\/11\/miles_teller_fantastic_4_jpg_1280x720_crop_q85.jpg\"  alt=\"Miles Teller e Kate Mara in una scena di Fantastic 4 - I fantastici quattro\"\/><\/p>\n<p><strong>Fantastic 4 &#8211; I fantastici quattro<\/strong> \u00e8 stato senza alcun dubbio un fallimento sia artistico che commerciale, ma <strong>Miles Teller<\/strong> ha un solo colpevole per quel disastro annunciato. Il film uscito nel 2015 incass\u00f2 solamente 168 milioni di dollari e mise fine da subito alle speranze di inaugurare una nuova saga.  <\/p>\n<p>Parlando con SiriusXM, all&#8217;attore \u00e8 stato chiesto se, durante la promozione del film, il cast di Fantastic 4 fosse consapevole della <strong>scarsa qualit\u00e0 del progetto<\/strong>. In risposta, Teller ha definito l&#8217;intera vicenda &#8220;sfortunata&#8221;, indicando una persona &#8211; senza nominarla mai direttamente &#8211; che <strong>ritiene responsabile<\/strong> del fallimento del film.   <\/p>\n<p>&#8220;Penso che sia stato un peccato, perch\u00e9 cos\u00ec tante persone hanno lavorato duramente a quel film. E onestamente, forse c&#8217;\u00e8 stata una persona molto importante che <strong>ha mandato tutto a rotoli<\/strong>. Gi\u00e0&#8221;, ha confessato Teller.  <\/p>\n<p>    <img decoding=\"async\" alt=\"Fantastic 4 - I Fantastici Quattro: il regista Josh Trank al lavoro\" data-caption=\"Fantastic 4 - I Fantastici Quattro: il regista Josh Trank al lavoro\" data-gallery-src=\"https:\/\/movieplayer.net-cdn.it\/t\/images\/2015\/01\/27\/fantastic-four-josh-trank-700x465_jpg_1400x0_crop_q85.jpg\" src=\"https:\/\/www.europesays.com\/it\/wp-content\/uploads\/2025\/11\/fantastic-four-josh-trank-700x465_jpg_960x0_crop_q85.jpg\" \/><\/p>\n<p>  Fantastic 4 &#8211; I Fantastici Quattro: il regista Josh Trank al lavoro<\/p>\n<p>I guai sul set e le colpe del regista Josh Trank<\/p>\n<p>Anche se Teller non ha fatto nomi, la &#8220;persona importante&#8221; a cui fa riferimento potrebbe essere il regista del film, <strong>Josh Trank<\/strong>. \u00c8 stato infatti ampiamente riportato e ipotizzato che tra Trank e Teller non scorresse buon sangue. La loro animosit\u00e0 avrebbe raggiunto un punto tale che <strong>i due quasi arrivarono alle mani<\/strong> sul set.  <\/p>\n<p>\t\t<a class=\"fw-bold\" href=\"https:\/\/movieplayer.it\/news\/fantastic-4-josh-trank-attrice-afroamericana-sue-storm_81917\/\" title=\"Fantastic 4: Josh Trank voleva un&#039;attrice afroamericana per il ruolo di Sue Storm\" rel=\"nofollow noopener\" target=\"_blank\"><br \/>\n      Fantastic 4: Josh Trank voleva un&#8217;attrice afroamericana per il ruolo di Sue Storm<\/p>\n<p>        <img loading=\"lazy\" decoding=\"async\" alt=\"Fantastic 4: Josh Trank voleva un'attrice afroamericana per il ruolo di Sue Storm\" class=\"lazyload\" src=\"https:\/\/www.europesays.com\/it\/wp-content\/uploads\/2025\/11\/fantastic4_jpg_200x150_crop_q85.jpg\" height=\"150\" width=\"200\"\/><\/p>\n<p>    <\/a><\/p>\n<p>Come riportato a suo tempo da Entertainment Weekly: &#8220;Sul set, si diceva che Trank fosse offensivo e aggressivo con troupe e cast. Lo studio non voleva l&#8217;attore di Whiplash, Teller, ma Trank aveva insistito per averlo. Poi, ironia della sorte, <strong>i due finirono quasi per litigare fisicamente<\/strong>: si trovarono faccia a faccia, sfidandosi a tirare il primo pugno. Nessuno dei due lo fece&#8221;.  <\/p>\n<p>L&#8217;attore ha inoltre dichiarato che una delle motivazioni per partecipare al progetto era il desiderio di <strong>affermarsi come protagonista<\/strong>: &#8220;Da giovane attore, a quel tempo, era come dire: &#8216;Va bene, se vuoi essere preso sul serio come protagonista, devi salire su questo treno dei supereroi&#8217;. E quella era la nostra occasione, e pensavo che il cast fosse spettacolare. Adoravo tutti quegli attori&#8221;.  <\/p>\n<p>    <img decoding=\"async\" alt=\"Fantastic 4 - I Fantastici Quattro: Miles Teller in una scena drammatica\" data-caption=\"Fantastic 4 - I Fantastici Quattro: Miles Teller in una scena drammatica\" data-gallery-src=\"https:\/\/movieplayer.net-cdn.it\/t\/images\/2015\/03\/18\/fantastic-four-screengrab-4_jpg_1400x0_crop_q85.jpg\" loading=\"lazy\" src=\"https:\/\/www.europesays.com\/it\/wp-content\/uploads\/2025\/11\/fantastic-four-screengrab-4_jpg_960x0_crop_q85.jpg\" \/><\/p>\n<p>  Fantastic 4 &#8211; I Fantastici Quattro: Miles Teller in una scena drammatica<\/p>\n<p>Gli scontri fra il regista e lo studio<\/p>\n<p>Fu riportato anche che <strong>Josh Trank non voleva scritturare Kate Mara<\/strong> nel ruolo di Sue Storm, ma la 20th Century Fox lo aveva costretto a farlo. In risposta, il regista avrebbe sfogato le sue frustrazioni sull&#8217;attrice, nota per House of Cards: &#8220;Dicono che i suoi rapporti con lei andavano, a seconda dei momenti, dal freddo al crudele&#8221;. In un&#8217;intervista del 2020 con Emmy Magazine, Mara ha poi descritto la sua esperienza sul set di <a href=\"https:\/\/movieplayer.it\/film\/fantastic-4-i-fantastici-quattro_27764\/\" title=\"Fantastic 4 - I Fantastici Quattro\" rel=\"nofollow noopener\" target=\"_blank\">Fantastic 4 &#8211; I Fantastici Quattro<\/a> come &#8220;orribile&#8221;.<\/p>\n<p>Il regista \u00e8 inoltre tristemente <a href=\"https:\/\/movieplayer.it\/news\/fantastic-4-i-fantastici-quattro-josh-trank-quel-tweet-film_92550\/\" title=\"noto per aver scritto su Twitter\" rel=\"nofollow noopener\" target=\"_blank\">noto per aver scritto su Twitter<\/a> che aveva realizzato una versione &#8220;fantastica&#8221; del film che nessuno avrebbe mai potuto vedere: &#8220;Un anno fa avevo una versione fantastica di questo film. E avrebbe ricevuto ottime recensioni. Probabilmente non la vedrete mai. Ma questa \u00e8 la realt\u00e0&#8221;. <strong>Il post si diffuse rapidamente in rete<\/strong>, e secondo quanto riportato, fece perdere al film tra i 5 e i 10 milioni di dollari di incassi al botteghino.<\/p>\n","protected":false},"excerpt":{"rendered":"Ritornando con la mente alla sua esperienza sul set, l&#8217;attore non ha potuto fare a meno di esprimere&hellip;\n","protected":false},"author":3,"featured_media":212955,"comment_status":"","ping_status":"","sticky":false,"template":"","format":"standard","meta":{"footnotes":""},"categories":[1442],"tags":[203,454,204,1537,90,89,1521],"class_list":{"0":"post-212954","1":"post","2":"type-post","3":"status-publish","4":"format-standard","5":"has-post-thumbnail","7":"category-film","8":"tag-entertainment","9":"tag-film","10":"tag-intrattenimento","11":"tag-it","12":"tag-italia","13":"tag-italy","14":"tag-movies"},"share_on_mastodon":{"url":"https:\/\/pubeurope.com\/@it\/115542413142467122","error":""},"_links":{"self":[{"href":"https:\/\/www.europesays.com\/it\/wp-json\/wp\/v2\/posts\/212954","targetHints":{"allow":["GET"]}}],"collection":[{"href":"https:\/\/www.europesays.com\/it\/wp-json\/wp\/v2\/posts"}],"about":[{"href":"https:\/\/www.europesays.com\/it\/wp-json\/wp\/v2\/types\/post"}],"author":[{"embeddable":true,"href":"https:\/\/www.europesays.com\/it\/wp-json\/wp\/v2\/users\/3"}],"replies":[{"embeddable":true,"href":"https:\/\/www.europesays.com\/it\/wp-json\/wp\/v2\/comments?post=212954"}],"version-history":[{"count":0,"href":"https:\/\/www.europesays.com\/it\/wp-json\/wp\/v2\/posts\/212954\/revisions"}],"wp:featuredmedia":[{"embeddable":true,"href":"https:\/\/www.europesays.com\/it\/wp-json\/wp\/v2\/media\/212955"}],"wp:attachment":[{"href":"https:\/\/www.europesays.com\/it\/wp-json\/wp\/v2\/media?parent=212954"}],"wp:term":[{"taxonomy":"category","embeddable":true,"href":"https:\/\/www.europesays.com\/it\/wp-json\/wp\/v2\/categories?post=212954"},{"taxonomy":"post_tag","embeddable":true,"href":"https:\/\/www.europesays.com\/it\/wp-json\/wp\/v2\/tags?post=212954"}],"curies":[{"name":"wp","href":"https:\/\/api.w.org\/{rel}","templated":true}]}}