{"id":213445,"date":"2025-11-13T19:21:13","date_gmt":"2025-11-13T19:21:13","guid":{"rendered":"https:\/\/www.europesays.com\/it\/213445\/"},"modified":"2025-11-13T19:21:13","modified_gmt":"2025-11-13T19:21:13","slug":"perche-andare-al-cinema-a-vedere-il-maestro-con-favino-perche-e-il-piu-bel-film-italiano-in-circolazione-style-magazine","status":"publish","type":"post","link":"https:\/\/www.europesays.com\/it\/213445\/","title":{"rendered":"Perch\u00e9 andare al cinema a vedere Il Maestro con Favino? Perch\u00e9 \u00e8 il pi\u00f9 bel film italiano in circolazione &#8211; Style Magazine"},"content":{"rendered":"<ol>\n<li><a href=\"https:\/\/news.google.com\/rss\/articles\/CBMisAFBVV95cUxNY1h1bXpOOHR5NDgwdnFOREZKbTNWUDR1SnFOaFluWG9rSVB1elg1ZHlZWXZ6U3JBcGc2WXA0c1JFYzRCZ2hkUkFITmVZSUFLTEdBNURDeVBCb09XenhadXRRemZMMTlRbHRsdzNQaldsR2tMTjhnNTFycWNhdEd0d2hTWHNNcnUzN3NEdDczXy0wNWsxamNaZGVGeWZNT01QQ3NsVXN5MnE1OU80dWtZaA?oc=5\" target=\"_blank\" rel=\"nofollow noopener\">Perch\u00e9 andare al cinema a vedere Il Maestro con Favino? Perch\u00e9 \u00e8 il pi\u00f9 bel film italiano in circolazione<\/a>&nbsp;&nbsp;Style Magazine<\/li>\n<li><a href=\"https:\/\/news.google.com\/rss\/articles\/CBMi5wFBVV95cUxORHJ3b1QxbnptVmtsaTJCdEczbDBWdzllTkJVczBYWWd0Y3ZMVmF5NExpbzZfYWRTYVhKNXZfbW9DUUNMdVlDRUhpMjhKWWROS0x5eWw0MHJDSW5zOHN4WXk1eXR3Y21hMFFkYk9pcGhsV0F6Ym1YYnAyb19MN0puQVUtVEhJQ0dTYVhOWlAyeEJXVk16NTB5dW5NN19qRXRneGNteWU3bUFYWXFNWkZfTkNVcDdoSmxYOGczZFRuNjdDcVRhQ0Vvc2U2Rkd2UXVWQjE3cFY0a29EVC1COWJpZGIxVEhMWkk?oc=5\" target=\"_blank\" rel=\"nofollow noopener\">\u00abIl maestro\u00bb di Favino, \u00abPaw Patrol\u00bb in missione Natale: tutti i film al cinema<\/a>&nbsp;&nbsp;L&#8217;Eco di Bergamo<\/li>\n<li><a href=\"https:\/\/news.google.com\/rss\/articles\/CBMiuAFBVV95cUxNUE00bnhBUDJNTHZBUlB3Q2t2RHJSRTNHLUpBb1l2V3JUQTZVdU0tUWs5cnljV2xVaUpPZy10eEYtZjJodTQ2QU5JWUljN3RReElzbWx6Zzc1Sm1vVW5YZUJmQWxMOEpEeUdlemhfTldFUzk3aEN4RWtQNVNlSkVfQlBVeDV1dFA0UmhmN1BYLXRncnptR3BRT0RmVFJQUU85dm93Sm1jUFJGd1BPS3VCTXVWN3g2UEFE0gG-AUFVX3lxTE5vZmJyeVlXZkRBaEVLRk02NW1KdTdmSUp4a1E5UzMwbGo4blZZYmZod0xyZGRONUktNnRLS2xicFAyQUZrZXIyaWNvcVE4VDB6dHVZWFkyWHo2djdvbUhLUDJucmI0eXpZZUJEU0pnSGZUNmpRQ0pjQlRtT0hrSUtBU2xTYjBJTGs1ckljdnZ1NTdvamkyOGQtdTRSU1N0azI0bzR4bzBWbThHbDR5dGpRc3gwQUZLQ29XamxSdWc?oc=5\" target=\"_blank\" rel=\"nofollow noopener\">Andate a vedere \u2018Il maestro\u2019, e non solo per il tennis e Favino<\/a>&nbsp;&nbsp;Rolling Stone Italia<\/li>\n<li><a href=\"https:\/\/news.google.com\/rss\/articles\/CBMid0FVX3lxTE9hOVU2THhEc0xmVHBxZ2I0MFAyaDhuQ25DcHd3d0drS0FMdlptOHc4WmEwaXR2V2JKaU9kQUNLRElrdUdlQ1B4Rzd5UVFSTmdjdEZkZFNVWlZtVERwcVB1Mnl4TXg0bjdhUFM3YkR0b2d1VkcwTUJV0gF8QVVfeXFMT3JTaURoR2t6VGFlVTFmYTg5dXRXLTZGV1piekswNU5ta2F4SU1SNEphOHlyUTh0SV94T3Bkbmd6TWlFa3ZZNWY4R1NXWEpwNFpxYjZ4MUFtSTAxQVZtX1ZNeWl4Z2M1Zm9IQXotc1ZLQjFkcWNMUDQ3dkpUcQ?oc=5\" target=\"_blank\" rel=\"nofollow noopener\">Il Maestro, tutte le location del film con Pierfrancesco Favino tra Lazio e Marche<\/a>&nbsp;&nbsp;SiViaggia<\/li>\n<li><a href=\"https:\/\/news.google.com\/rss\/articles\/CBMi-AFBVV95cUxQbVdWRDZnekN2ZEQteWdscEFZeWczeUd6akh5NXUwMkE3VlRrRHZLSFV2aDFmX2FHQUg0UTNCRVNyVTBWeGc0aE56SnpfZ1lKQ3lJT1UtbVBsMngwZmRQeXdFOFk4UnRCN1p5SEhaYjc4X3FsZkZqQkx3QWVjSzR4ZHNGTExYQjNlRVo2NDVGa0lmd0I5MTVfeFFmWGFURlktbjF6ZFpnQ09TdUE5ZVlPQy1WTWMyUTA0MGU1RjZRVlZpNnY4WlRrM3ozTDJaYnRjb2pUalg0UGFGVnJORUlCZFl2V1dzZ1c1WVlaLWZlMGFWcmU2Mk5Za9IB_gFBVV95cUxQTHBxa0pQUmFVSDgzYVFiNTFYbWdBZlFjNThIV1ljSW1VZWcxSlU1cjZwQ2pNZ3J0bGhmWDNKR19GUl9JdEh1SnJ5eUVCbFZZZzFHRUpLdi1VcE5YT0xyV0dDSFF5VjhGZHp4aVd3c044NmlJVnNMRXF3eE1NWk56MDZWbWxQRGlYTzd2V1V4NW96ZUVhZ1FxRl9vVVV1YWR6OVF0eFdvcy1YSWpYQmZmenFyYWJSR25OZGxYOTRsZXdNQkxpamZHUU00T1czNU9fTTVQNDVCQWQ0MmNiOUhaQ1pIbmZxblg2Wk56aEl4Z2lyMjQxQy04UE5mVk1hdw?oc=5\" target=\"_blank\" rel=\"nofollow noopener\">ANSA\/ Weekend al cinema, il maestro Favino guida le novit\u00e0<\/a>&nbsp;&nbsp;ANSA<\/li>\n<\/ol>\n","protected":false},"excerpt":{"rendered":"Perch\u00e9 andare al cinema a vedere Il Maestro con Favino? Perch\u00e9 \u00e8 il pi\u00f9 bel film italiano in&hellip;\n","protected":false},"author":3,"featured_media":213446,"comment_status":"","ping_status":"","sticky":false,"template":"","format":"standard","meta":{"footnotes":"","_share_on_mastodon":"0"},"categories":[1442],"tags":[36692,13029,15249,2537,1495,127436,127437,2700,122660,3550,7738,127428,127438,127439,24629,127432,37,6195,921,13032,2387,41956,1902,2389,127440,127441,40,127429,127442,36704,127443,640,5205,3591,122,2878,1277,3059,3451,2391,1731,127444,127445,203,1533,24649,127446,127447,127448,2245,4631,64234,454,127449,127450,127451,228,5701,12806,87638,2024,2759,127452,37099,127453,127454,399,2160,127455,127456,6990,17646,127457,204,1537,90,4945,1599,89,3776,1914,127458,15263,127459,127460,127461,127462,127430,1521,3269,3608,56258,41462,5272,127433,115655,18496,1399,16591,10840,635,8336,12044,123414,245,6845,119030,1273,60417,127431,6663,23114,84684,222,24126,127434,81212,127435],"class_list":["post-213445","post","type-post","status-publish","format-standard","has-post-thumbnail","category-film","tag-agio","tag-albergo","tag-allievo","tag-altra","tag-altre","tag-amazzone","tag-amazzone-attrice","tag-andrea","tag-andrea-stefano","tag-atleta","tag-attrice","tag-bassermann","tag-bassermann-donna","tag-bassermann-donna-illumina","tag-battute","tag-battute-sguardi","tag-bisogno","tag-cambia","tag-campo","tag-campo-tennis","tag-carlo","tag-carlo-verdone","tag-carriera","tag-cast","tag-cast-maestro","tag-cast-maestro-pierfrancesco","tag-chiara","tag-chiara-bassermann","tag-chiara-bassermann-donna","tag-chimica","tag-chimica-merito","tag-cinema","tag-commedia","tag-corpo","tag-cose","tag-da","tag-dato","tag-deciso","tag-differenza","tag-diversi","tag-donna","tag-donna-illumina","tag-donna-illumina-maestro","tag-entertainment","tag-estate","tag-favino","tag-favino-maestro","tag-favino-tiziano","tag-favino-tiziano-menichelli","tag-felice","tag-festival","tag-festival-venezia","tag-film","tag-film-andrea","tag-film-andrea-stefano","tag-film-italiano","tag-foto","tag-francesca","tag-gatti","tag-gettoni","tag-gioco","tag-giovanni","tag-giovanni-ludeno","tag-illumina","tag-illumina-maestro","tag-illumina-maestro-allievo","tag-incontro","tag-indipendenza","tag-indipendenza-progetto","tag-indipendenza-progetto-work","tag-iniziato","tag-intimita","tag-intimita-tenerezza","tag-intrattenimento","tag-it","tag-italia","tag-italiana","tag-italiano","tag-italy","tag-lavorare","tag-li","tag-ludeno","tag-maestro","tag-maestro-allievo","tag-maestro-andrea","tag-maestro-andrea-stefano","tag-maestro-carlo","tag-menichelli","tag-movies","tag-ovviamente","tag-padre","tag-pierfrancesco","tag-pierfrancesco-favino","tag-poesia","tag-poesia-sconfitta","tag-progress","tag-provino","tag-raoul","tag-raul","tag-recensione","tag-regista","tag-scene","tag-sconfitta","tag-sguardi","tag-sport","tag-stefano","tag-tenerezza","tag-tennis","tag-tiziano","tag-tiziano-menichelli","tag-torneo","tag-trama","tag-trama-cast","tag-venezia","tag-vittorie","tag-vittorie-altre","tag-work","tag-work-progress"],"share_on_mastodon":{"url":"","error":"Validation failed: Text character limit of 500 exceeded"},"_links":{"self":[{"href":"https:\/\/www.europesays.com\/it\/wp-json\/wp\/v2\/posts\/213445","targetHints":{"allow":["GET"]}}],"collection":[{"href":"https:\/\/www.europesays.com\/it\/wp-json\/wp\/v2\/posts"}],"about":[{"href":"https:\/\/www.europesays.com\/it\/wp-json\/wp\/v2\/types\/post"}],"author":[{"embeddable":true,"href":"https:\/\/www.europesays.com\/it\/wp-json\/wp\/v2\/users\/3"}],"replies":[{"embeddable":true,"href":"https:\/\/www.europesays.com\/it\/wp-json\/wp\/v2\/comments?post=213445"}],"version-history":[{"count":0,"href":"https:\/\/www.europesays.com\/it\/wp-json\/wp\/v2\/posts\/213445\/revisions"}],"wp:featuredmedia":[{"embeddable":true,"href":"https:\/\/www.europesays.com\/it\/wp-json\/wp\/v2\/media\/213446"}],"wp:attachment":[{"href":"https:\/\/www.europesays.com\/it\/wp-json\/wp\/v2\/media?parent=213445"}],"wp:term":[{"taxonomy":"category","embeddable":true,"href":"https:\/\/www.europesays.com\/it\/wp-json\/wp\/v2\/categories?post=213445"},{"taxonomy":"post_tag","embeddable":true,"href":"https:\/\/www.europesays.com\/it\/wp-json\/wp\/v2\/tags?post=213445"}],"curies":[{"name":"wp","href":"https:\/\/api.w.org\/{rel}","templated":true}]}}