{"id":213652,"date":"2025-11-13T22:24:10","date_gmt":"2025-11-13T22:24:10","guid":{"rendered":"https:\/\/www.europesays.com\/it\/213652\/"},"modified":"2025-11-13T22:24:10","modified_gmt":"2025-11-13T22:24:10","slug":"qualificazioni-mondiali-ronaldo-espulso-per-gomitata-cose-successo","status":"publish","type":"post","link":"https:\/\/www.europesays.com\/it\/213652\/","title":{"rendered":"Qualificazioni Mondiali: Ronaldo espulso per gomitata, cos&#8217;\u00e8 successo"},"content":{"rendered":"<p>                                I portoghesi, sconfitti 2-0 a Dublino, ora dovranno battere l&#8217;Armenia per centrare la qualificazione. Doppietta di Mbapp\u00e9 nel 4-0 dei Bleus all&#8217;Ucraina. Albania certa dei playoff ai danni della Serbia<\/p>\n<p>\n                                                                    Francesco Albanesi\n                            <\/p>\n<p>                    13 novembre 2025 (modifica alle 23:19)  &#8211; MILANO<\/p>\n<p class=\"paragraph\" spellcheck=\"true\">Cade a sorpresa il Portogallo, battuto 2-0 dall&#8217;Irlanda che riapre totalmente i discorsi qualificazione nel gruppo F. Follia di Cristiano Ronaldo, che all&#8217;ora di gioco tira una gomitata sulla schiena di un avversario e viene espulso su richiamo al Var dell&#8217;arbitro. Al momento dell&#8217;uscita dal campo, CR7 viene anche deriso dal pubblico dell&#8217;Aviva Stadium. Portogallo che dovr\u00e0 vincere la prossima ed ultima contro l&#8217;Armenia per conquistare la qualificazione diretta. Chi vola al Mondiale \u00e8 la Francia, che batte 4-0 l&#8217;Ucraina grazie alla doppietta di Mbapp\u00e8 e ai gol di Olise ed Ekitike. Asllani segna e regala i playoff all&#8217;Albania con un turno di anticipo: 1-0 all&#8217;Andorra. Ne fa le spese la Serbia, che perde contro l&#8217;Inghilterra 2-0 ed \u00e8 fuori: decidono Eze e Saka.<\/p>\n<p>    super gud\u2014 \u00a0<\/p>\n<p class=\"paragraph\" spellcheck=\"true\">Nei match delle 18, l&#8217;Islanda viene trascinata ancora una volta da Albert Gudmundsson, che si conferma un altro giocatore rispetto a quello di Firenze: gol e assist nel 2-0 all&#8217;Azerbaijan. Gli islandesi sono secondi e ancora in corsa per i playoff nel gruppo D. L&#8217;Ungheria vince a domicilio sull&#8217;Armenia (0-1): nel gruppo F si giocher\u00e0 tutto all&#8217;ultima giornata. <a href=\"https:\/\/www.gazzetta.it\/calcio\/mondiali\/classifica\/\" target=\"_blank\" rel=\"nofollow noopener\">Qui le classifiche<\/a>.<\/p>\n<p class=\"paragraph\" spellcheck=\"true\"><b>Risultati.  Azerbaijan-Islanda 0-2<\/b>. Marcatori: Gudmundsson 20&#8242;, Sverrir Ingason 39&#8242;.<\/p>\n<p class=\"paragraph\" spellcheck=\"true\"><b>Armenia-Ungheria 0-1<\/b>. Marcatori: Varga 33&#8242;.<\/p>\n<p class=\"paragraph\" spellcheck=\"true\"><b>Francia-Ucraina 4-0<\/b>. Marcatori: Mbapp\u00e8 55&#8242; (R), Olise 76&#8242;, Mbapp\u00e8 83&#8242;, Ekitike 88&#8242;.<\/p>\n<p class=\"paragraph\" spellcheck=\"true\"><b>Andorra-Albania 0-1<\/b>. Marcatori: Asllani 67&#8242;.<\/p>\n<p class=\"paragraph\" spellcheck=\"true\"><b>Irlanda-Portogallo 2-0<\/b>. Marcatori: Parrott 17&#8242;, Parrott 45&#8242;.<\/p>\n<p class=\"paragraph\" spellcheck=\"true\"><b>Inghilterra-Serbia 2-0<\/b>. Marcatori: Saka 28&#8242;, Eze 88&#8242;.<\/p>\n<p class=\"is-copyright\">\u00a9 RIPRODUZIONE RISERVATA<\/p>\n","protected":false},"excerpt":{"rendered":"I portoghesi, sconfitti 2-0 a Dublino, ora dovranno battere l&#8217;Armenia per centrare la qualificazione. Doppietta di Mbapp\u00e9 nel&hellip;\n","protected":false},"author":3,"featured_media":213653,"comment_status":"","ping_status":"","sticky":false,"template":"","format":"standard","meta":{"footnotes":"","_share_on_mastodon":"0"},"categories":[1452],"tags":[23729,20258,59250,19463,15961,69677,721,7438,8495,82413,5378,1740,4300,1976,81603,2014,1537,90,89,55312,56030,12040,17294,4285,358,1739,245,244,170,2529],"class_list":["post-213652","post","type-post","status-publish","format-standard","has-post-thumbnail","category-calcio","tag-albania","tag-andorra","tag-armenia","tag-asllani","tag-avversario","tag-azerbaijan","tag-calcio","tag-doppietta","tag-ekitike","tag-eze","tag-follia","tag-football","tag-francia","tag-gol","tag-gomitata","tag-irlanda","tag-it","tag-italia","tag-italy","tag-marcatori","tag-mbappe","tag-playoff","tag-portogallo","tag-qualificazione","tag-serbia","tag-soccer","tag-sport","tag-sports","tag-ucraina","tag-viene"],"share_on_mastodon":{"url":"https:\/\/pubeurope.com\/@it\/115544736719575235","error":""},"_links":{"self":[{"href":"https:\/\/www.europesays.com\/it\/wp-json\/wp\/v2\/posts\/213652","targetHints":{"allow":["GET"]}}],"collection":[{"href":"https:\/\/www.europesays.com\/it\/wp-json\/wp\/v2\/posts"}],"about":[{"href":"https:\/\/www.europesays.com\/it\/wp-json\/wp\/v2\/types\/post"}],"author":[{"embeddable":true,"href":"https:\/\/www.europesays.com\/it\/wp-json\/wp\/v2\/users\/3"}],"replies":[{"embeddable":true,"href":"https:\/\/www.europesays.com\/it\/wp-json\/wp\/v2\/comments?post=213652"}],"version-history":[{"count":0,"href":"https:\/\/www.europesays.com\/it\/wp-json\/wp\/v2\/posts\/213652\/revisions"}],"wp:featuredmedia":[{"embeddable":true,"href":"https:\/\/www.europesays.com\/it\/wp-json\/wp\/v2\/media\/213653"}],"wp:attachment":[{"href":"https:\/\/www.europesays.com\/it\/wp-json\/wp\/v2\/media?parent=213652"}],"wp:term":[{"taxonomy":"category","embeddable":true,"href":"https:\/\/www.europesays.com\/it\/wp-json\/wp\/v2\/categories?post=213652"},{"taxonomy":"post_tag","embeddable":true,"href":"https:\/\/www.europesays.com\/it\/wp-json\/wp\/v2\/tags?post=213652"}],"curies":[{"name":"wp","href":"https:\/\/api.w.org\/{rel}","templated":true}]}}