{"id":213663,"date":"2025-11-13T22:31:11","date_gmt":"2025-11-13T22:31:11","guid":{"rendered":"https:\/\/www.europesays.com\/it\/213663\/"},"modified":"2025-11-13T22:31:11","modified_gmt":"2025-11-13T22:31:11","slug":"gattuso-dopo-moldova-italia-azzurri-contestati-una-vergogna","status":"publish","type":"post","link":"https:\/\/www.europesays.com\/it\/213663\/","title":{"rendered":"Gattuso dopo Moldova-Italia: &#8220;Azzurri contestati? Una vergogna&#8221;"},"content":{"rendered":"<p>                                Il ct dell&#8217;Italia si scaglia contro i supporters presenti a Chisinau che hanno criticato la squadra prima dei gol nel finale: &#8220;Se siete rimasti all&#8217;11-1 della Norvegia contro questi non \u00e8 un problema mio, ho visto un&#8217;Italia che ha giocato&#8221;<\/p>\n<p class=\"paragraph\" spellcheck=\"true\">&#8220;Quello che ho sentito oggi \u00e8 una vergogna, non lo accetto&#8221;. Dopo il sofferto 0-2 a Chisinau contro la Moldova, che, complica la vittoria della Norvegia sull&#8217;Estonia costringer\u00e0 l&#8217;Italia a giocare i playoff per qualificarsi ai Mondiali, il ct azzurro Rino Gattuso si scaglia contro gli ultras Italia, che, al 73&#8242;, avevano iniziato a contestare la squadra, ancora ferma sullo 0-0. &#8220;Io ho visto un&#8217;Italia che ha giocato e loro non hanno mai tirato in porta: non esistono partite facili, se siete rimasti all&#8217;11-1 (della Norvegia ai moldavi) non \u00e8\u00a0 un problema mio. Io sono molto soddisfatto, andiamo avanti. &#8211; esordisce Gattuso alla Rai -. Piuttosto \u00e8 una vergogna la contestazione dei tifosi, mi dispiace quello che ho sentito oggi. Non \u00e8 il momento di dire ai giocatori di andare a lavorare: bisogna stare uniti, perch\u00e9 la squadra sta combattendo in campo con le difficolt\u00e0 e sentire 500 tifosi che contestano fuori casa non lo accetto&#8221;.<\/p>\n<p>    gattuso dopo moldova-italia\u2014 \u00a0<\/p>\n<p class=\"paragraph is-inline\" spellcheck=\"true\">Il ct della Nazionale, poi, analizza l&#8217;impatto dei due centravanti subentrati, Retegui e Pio Esposito, dopo le difficolt\u00e0 palesate da Scamacca e Raspadori: &#8220;Mettendo 11 giocatori nuovi dal primo minuto oggi pensavo che potevamo pure perderla: quando cambi cos\u00ec tanto&#8230; Invece chapeau&#8221;, si complimenta con i suoi Gattuso, che chiude con un pizzico di polemica sulla formula di qualificazione. &#8220;Il record di sei partite vinte dall&#8217;Italia? Dovete chiederlo a chi fa i gironi e le regole &#8211; punge -. Nel 1990 e 1994 c&#8217;erano due africane, adesso sono 8&#8230; Non \u00e8 una polemica, ma ai nostri tempi la migliore seconda andava direttamente ai Mondiali. Le difficolt\u00e0 ci sono e lo sappiamo bene&#8221;.<\/p>\n","protected":false},"excerpt":{"rendered":"Il ct dell&#8217;Italia si scaglia contro i supporters presenti a Chisinau che hanno criticato la squadra prima dei&hellip;\n","protected":false},"author":3,"featured_media":213664,"comment_status":"","ping_status":"","sticky":false,"template":"","format":"standard","meta":{"footnotes":""},"categories":[176],"tags":[31576,86091,5886,5376,11332,2267,3412,1537,90,127513,89,68494,4422,3038,4283,3968,1885,986,127514,245,244,1857,6035,19955],"class_list":{"0":"post-213663","1":"post","2":"type-post","3":"status-publish","4":"format-standard","5":"has-post-thumbnail","7":"category-sport","8":"tag-accetto","9":"tag-chisinau","10":"tag-ct","11":"tag-difficolta","12":"tag-gattuso","13":"tag-giocato","14":"tag-giocatori","15":"tag-it","16":"tag-italia","17":"tag-italia-giocato","18":"tag-italy","19":"tag-moldova","20":"tag-mondiali","21":"tag-norvegia","22":"tag-partite","23":"tag-polemica","24":"tag-problema","25":"tag-rimasti","26":"tag-rimasti-norvegia","27":"tag-sport","28":"tag-sports","29":"tag-squadra","30":"tag-tifosi","31":"tag-vergogna"},"share_on_mastodon":{"url":"https:\/\/pubeurope.com\/@it\/115544764089183971","error":""},"_links":{"self":[{"href":"https:\/\/www.europesays.com\/it\/wp-json\/wp\/v2\/posts\/213663","targetHints":{"allow":["GET"]}}],"collection":[{"href":"https:\/\/www.europesays.com\/it\/wp-json\/wp\/v2\/posts"}],"about":[{"href":"https:\/\/www.europesays.com\/it\/wp-json\/wp\/v2\/types\/post"}],"author":[{"embeddable":true,"href":"https:\/\/www.europesays.com\/it\/wp-json\/wp\/v2\/users\/3"}],"replies":[{"embeddable":true,"href":"https:\/\/www.europesays.com\/it\/wp-json\/wp\/v2\/comments?post=213663"}],"version-history":[{"count":0,"href":"https:\/\/www.europesays.com\/it\/wp-json\/wp\/v2\/posts\/213663\/revisions"}],"wp:featuredmedia":[{"embeddable":true,"href":"https:\/\/www.europesays.com\/it\/wp-json\/wp\/v2\/media\/213664"}],"wp:attachment":[{"href":"https:\/\/www.europesays.com\/it\/wp-json\/wp\/v2\/media?parent=213663"}],"wp:term":[{"taxonomy":"category","embeddable":true,"href":"https:\/\/www.europesays.com\/it\/wp-json\/wp\/v2\/categories?post=213663"},{"taxonomy":"post_tag","embeddable":true,"href":"https:\/\/www.europesays.com\/it\/wp-json\/wp\/v2\/tags?post=213663"}],"curies":[{"name":"wp","href":"https:\/\/api.w.org\/{rel}","templated":true}]}}