{"id":214123,"date":"2025-11-14T05:59:17","date_gmt":"2025-11-14T05:59:17","guid":{"rendered":"https:\/\/www.europesays.com\/it\/214123\/"},"modified":"2025-11-14T05:59:17","modified_gmt":"2025-11-14T05:59:17","slug":"carlo-alberto-caniato-sesto-uomo-alle-final-8-di-coppa-davis","status":"publish","type":"post","link":"https:\/\/www.europesays.com\/it\/214123\/","title":{"rendered":"Carlo Alberto Caniato sesto uomo alle Final 8 di Coppa Davis"},"content":{"rendered":"<p>Un ferrarese si allener\u00e0 con la nazionale per la competizione pi\u00f9 importante a livello di squadre nazionali nel tennis.<a href=\"https:\/\/www.estense.com\/2024\/1056847\/tennis-carlo-alberto-caniato-tra-presente-e-futuro\/\" rel=\"nofollow noopener\" target=\"_blank\"><strong> Carlo Alberto Caniato<\/strong><\/a> \u00e8 stato scelto come sesto uomo alle Final 8 di Coppa Davis a Bologna.<\/p>\n<p>Il classe 2005 sar\u00e0 lo sparring partner dei giocatori convocati per le finali di Coppa Davis per tutta la settimana.<\/p>\n<p>\u201cQuando ho ricevuto la notizia sono stato molto felice, non vedo l\u2019ora di essere a Bologna. Sar\u00e0 speciale sia per me che per il mio allenatore \u2013 afferma \u201cLitos\u201d, cos\u00ec chiamato ai tempi del Cus Ferrara, a<strong><a href=\"https:\/\/youtu.be\/aLd2HjBW2LI?si=rasj6YL38uLk-lD4\" target=\"_blank\" rel=\"noopener nofollow\"> SpazioTennis<\/a><\/strong> \u2013. Ringrazio la Federazione per questa opportunit\u00e0: sar\u00e0 bellissimo allenarsi con i migliori al mondo e spero di imparare tanto da questa esperienza\u201d.<\/p>\n<p>Caniato \u00e8 cresciuto tra il Circolo Marfisa e il Cus Ferrara ma a 15 anni si \u00e8 trasferito a Forl\u00ec dove ha potuto allenarsi otto la guida di Alberto Casadei e Omar Urbinati al circolo Villa Carpena, dove \u00e8 passato anche un altro campione italiano, Lorenzo Musetti.<\/p>\n<p>I match sono in programma dal 18 al 23 novembre alla SuperTennis Arena\u2019 di BolognaFiere.<\/p>\n<p>Domattina (venerd\u00ec 14 novembre) Caniato sar\u00e0 nel capoluogo felsineo e nel pomeriggio sar\u00e0 gi\u00e0 in campo per allenarsi con Flavio Cobolli.<\/p>\n<p>\t\t\t\tGrazie per aver letto questo articolo&#8230;<\/p>\n<p>Da 20 anni\u00a0<a class=\"vglnk\" href=\"https:\/\/www.estense.com\/\" rel=\"nofollow noopener\" target=\"_blank\">Estense.com<\/a>\u00a0offre una informazione indipendente ai suoi lettori e non ha mai accettato fondi pubblici per non pesare nemmeno un centesimo sulle spalle della collettivit\u00e0. Il lavoro che svolgiamo ha un costo economico non indifferente e la pubblicit\u00e0 dei privati non sempre \u00e8 sufficiente.<br \/>Per questo chiediamo a chi quotidianamente ci legge e, speriamo, ci apprezza di darci un piccolo contributo in base alle proprie possibilit\u00e0. Anche un piccolo sostegno, moltiplicato per le decine di migliaia di ferraresi che ci leggono ogni giorno, pu\u00f2 diventare fondamentale.<\/p>\n<p>\u00a0<\/p>\n<p><strong>OPPURE <\/strong>se preferisci non usare PayPal ma un normale bonifico bancario (anche periodico) puoi intestarlo a:<\/p>\n<p><strong>Scoop Media Edit<br \/><\/strong>IBAN:\u00a0<strong>IT06D0538713004000000035119 <\/strong>(Banca BPER)<br \/>Causale:\u00a0<strong>Donazione per\u00a0<a class=\"vglnk\" href=\"https:\/\/www.estense.com\/\" rel=\"nofollow noopener\" target=\"_blank\">Estense.com<\/a><\/strong><\/p>\n","protected":false},"excerpt":{"rendered":"Un ferrarese si allener\u00e0 con la nazionale per la competizione pi\u00f9 importante a livello di squadre nazionali nel&hellip;\n","protected":false},"author":3,"featured_media":214124,"comment_status":"","ping_status":"","sticky":false,"template":"","format":"standard","meta":{"footnotes":""},"categories":[1457],"tags":[2646,1537,90,89,245,244,1273],"class_list":{"0":"post-214123","1":"post","2":"type-post","3":"status-publish","4":"format-standard","5":"has-post-thumbnail","7":"category-tennis","8":"tag-altri-sport","9":"tag-it","10":"tag-italia","11":"tag-italy","12":"tag-sport","13":"tag-sports","14":"tag-tennis"},"share_on_mastodon":{"url":"https:\/\/pubeurope.com\/@it\/115546525719339850","error":""},"_links":{"self":[{"href":"https:\/\/www.europesays.com\/it\/wp-json\/wp\/v2\/posts\/214123","targetHints":{"allow":["GET"]}}],"collection":[{"href":"https:\/\/www.europesays.com\/it\/wp-json\/wp\/v2\/posts"}],"about":[{"href":"https:\/\/www.europesays.com\/it\/wp-json\/wp\/v2\/types\/post"}],"author":[{"embeddable":true,"href":"https:\/\/www.europesays.com\/it\/wp-json\/wp\/v2\/users\/3"}],"replies":[{"embeddable":true,"href":"https:\/\/www.europesays.com\/it\/wp-json\/wp\/v2\/comments?post=214123"}],"version-history":[{"count":0,"href":"https:\/\/www.europesays.com\/it\/wp-json\/wp\/v2\/posts\/214123\/revisions"}],"wp:featuredmedia":[{"embeddable":true,"href":"https:\/\/www.europesays.com\/it\/wp-json\/wp\/v2\/media\/214124"}],"wp:attachment":[{"href":"https:\/\/www.europesays.com\/it\/wp-json\/wp\/v2\/media?parent=214123"}],"wp:term":[{"taxonomy":"category","embeddable":true,"href":"https:\/\/www.europesays.com\/it\/wp-json\/wp\/v2\/categories?post=214123"},{"taxonomy":"post_tag","embeddable":true,"href":"https:\/\/www.europesays.com\/it\/wp-json\/wp\/v2\/tags?post=214123"}],"curies":[{"name":"wp","href":"https:\/\/api.w.org\/{rel}","templated":true}]}}