{"id":214125,"date":"2025-11-14T06:04:15","date_gmt":"2025-11-14T06:04:15","guid":{"rendered":"https:\/\/www.europesays.com\/it\/214125\/"},"modified":"2025-11-14T06:04:15","modified_gmt":"2025-11-14T06:04:15","slug":"ricci-inter-nuovo-stadio-facilitera-linizio-di-un-nuovo-e-bellissimo-ciclo","status":"publish","type":"post","link":"https:\/\/www.europesays.com\/it\/214125\/","title":{"rendered":"Ricci (Inter): &#8220;Nuovo stadio faciliter\u00e0 l&#8217;inizio di un nuovo e bellissimo ciclo&#8221;"},"content":{"rendered":"<p>Le dichiarazioni di Giorgio Ricci, Chief Revenue Officer dell\u2019Inter, durante l&#8217;evento \u201cInvestire nel futuro del calcio\u201d<\/p>\n<p>Giorgio <strong>Ricci<\/strong>, <strong>Chief Revenue Officer dell\u2019Inter<\/strong>, ha affermato questo gioved\u00ec che l\u2019aspirazione dei club per crescere in modo sostenibile non \u00e8 pi\u00f9 &#8220;avere lo stadio pi\u00f9 grande, ma lo stadio pi\u00f9 ottimizzato&#8221;, capace di offrire servizi pi\u00f9 diversificati.<\/p>\n<p>Ricci ha rilasciato alcune dichiarazioni durante l&#8217;evento \u201cInvestire nel futuro del calcio\u201d alla fiera tecnologica Web Summit di Lisbona. Interrogato in merito al recente acquisto di San Siro, ha precisato che l\u2019obiettivo \u00e8 trasformarlo in uno dei \u00abpi\u00f9 importanti impianti d\u2019\u00e9lite d\u2019Europa\u00bb. Questo nonostante la capienza inferiore a quella attuale.<\/p>\n<p>\u00abAvere uno stadio che possa offrire una percentuale maggiore di servizi non solo per il tempo libero, ma anche per aziende, professionisti, eccetera, sar\u00e0 fondamentale per rendere possibile questo tipo di crescita. Siamo molto convinti che, per un club come il nostro, lo stadio sar\u00e0 un grande facilitatore per l\u2019inizio di un nuovo e bellissimo ciclo e permetter\u00e0 di compiere un passo avanti in termini di crescita per la societ\u00e0\u00bb.<\/p>\n<p>Ricci ha inoltre sottolineato che non si pu\u00f2 ignorare come l\u2019attenzione del pubblico si concentri sempre di pi\u00f9 su un numero ridotto di squadre, e questo si riflette anche in termini economici. Per questo, l\u2019obiettivo \u00e8 entrare a far parte di quel gruppo e riuscire a rimanervi, sia grazie ai risultati sportivi, sia per quelli commerciali o di visibilit\u00e0.<\/p>\n<p class=\"is-copyright\">\u00a9 RIPRODUZIONE RISERVATA<\/p>\n","protected":false},"excerpt":{"rendered":"Le dichiarazioni di Giorgio Ricci, Chief Revenue Officer dell\u2019Inter, durante l&#8217;evento \u201cInvestire nel futuro del calcio\u201d Giorgio Ricci,&hellip;\n","protected":false},"author":3,"featured_media":214126,"comment_status":"","ping_status":"","sticky":false,"template":"","format":"standard","meta":{"footnotes":""},"categories":[1452],"tags":[4990,127647,721,15162,127648,127649,16936,554,6917,1307,1102,451,127650,1740,350,1537,90,89,2776,1739,245,244,2957],"class_list":{"0":"post-214125","1":"post","2":"type-post","3":"status-publish","4":"format-standard","5":"has-post-thumbnail","7":"category-calcio","8":"tag-bellissimo","9":"tag-bellissimo-ciclo","10":"tag-calcio","11":"tag-chief","12":"tag-chief-revenue","13":"tag-chief-revenue-officer","14":"tag-ciclo","15":"tag-club","16":"tag-convinti","17":"tag-crescita","18":"tag-dichiarazioni","19":"tag-evento","20":"tag-evento-investire","21":"tag-football","22":"tag-inter","23":"tag-it","24":"tag-italia","25":"tag-italy","26":"tag-ricci","27":"tag-soccer","28":"tag-sport","29":"tag-sports","30":"tag-stadio"},"share_on_mastodon":{"url":"https:\/\/pubeurope.com\/@it\/115546545466089727","error":""},"_links":{"self":[{"href":"https:\/\/www.europesays.com\/it\/wp-json\/wp\/v2\/posts\/214125","targetHints":{"allow":["GET"]}}],"collection":[{"href":"https:\/\/www.europesays.com\/it\/wp-json\/wp\/v2\/posts"}],"about":[{"href":"https:\/\/www.europesays.com\/it\/wp-json\/wp\/v2\/types\/post"}],"author":[{"embeddable":true,"href":"https:\/\/www.europesays.com\/it\/wp-json\/wp\/v2\/users\/3"}],"replies":[{"embeddable":true,"href":"https:\/\/www.europesays.com\/it\/wp-json\/wp\/v2\/comments?post=214125"}],"version-history":[{"count":0,"href":"https:\/\/www.europesays.com\/it\/wp-json\/wp\/v2\/posts\/214125\/revisions"}],"wp:featuredmedia":[{"embeddable":true,"href":"https:\/\/www.europesays.com\/it\/wp-json\/wp\/v2\/media\/214126"}],"wp:attachment":[{"href":"https:\/\/www.europesays.com\/it\/wp-json\/wp\/v2\/media?parent=214125"}],"wp:term":[{"taxonomy":"category","embeddable":true,"href":"https:\/\/www.europesays.com\/it\/wp-json\/wp\/v2\/categories?post=214125"},{"taxonomy":"post_tag","embeddable":true,"href":"https:\/\/www.europesays.com\/it\/wp-json\/wp\/v2\/tags?post=214125"}],"curies":[{"name":"wp","href":"https:\/\/api.w.org\/{rel}","templated":true}]}}