{"id":214270,"date":"2025-11-14T08:30:13","date_gmt":"2025-11-14T08:30:13","guid":{"rendered":"https:\/\/www.europesays.com\/it\/214270\/"},"modified":"2025-11-14T08:30:13","modified_gmt":"2025-11-14T08:30:13","slug":"eredita-del-vecchio-leonardo-maria-blocca-rocco-basilico-la-successione-da-50-miliardi-dopo-3-anni-resta-ancora-aperta","status":"publish","type":"post","link":"https:\/\/www.europesays.com\/it\/214270\/","title":{"rendered":"Eredit\u00e0 Del Vecchio, Leonardo Maria blocca Rocco Basilico: la successione da 50 miliardi dopo 3 anni resta ancora aperta"},"content":{"rendered":"<p>    di<br \/>\n    Daniela Polizzi<\/p>\n<p class=\"summary-art is-line-h-12 is-mr-t-20\">Gli otto eredi, proprietari del 12,5% a testa della holding Delfin,  chiamati in assemblea straordinaria da Rocco Basilico, votano no al  trasferimento di parte della sua quota a una holding lussemburghese<\/p>\n<p class=\"chapter-paragraph\">Nuovo confronto tra gli azionisti della<b> Delfin<\/b> che ancora non hanno chiuso la successione a tre anni dalla morte di Leonardo Del Vecchio. Gioved\u00ec 13 novembre, <b>gli otto eredi, proprietari del 12,5% a testa della holding<\/b>, sono stati chiamati in assemblea straordinaria da Rocco Basilico, figlio della vedova del Cavaliere, Nicoletta Zampillo, e di Paolo Basilico. <b>L\u2019obiettivo di Rocco era di ottenere il consenso a<\/b> <b>trasferire parte della sua quota a un\u2019altra holding  di sua propriet\u00e0, la lussemburghese RBH.<\/b>\u00a0<\/p>\n<p class=\"chapter-paragraph\">Prima di mettere ai voti la richiesta, Leonardo Maria Del Vecchio e i suoi legali sono intervenuti per precisare alcune circostanze che risalgono alla met\u00e0 del 2022, subito dopo la scomparsa di Leonardo Del Vecchio. Il punto di partenza \u00e8 che l<b>a partecipazione in Delfin che oggi fa capo a Basilico  era di titolarit\u00e0 del fondatore di EssilorLuxottica<\/b>, che nel testamento aperto a giugno del 2022 aveva  attribuito<b> a Basilico la nuda propriet\u00e0 e alla madre  l\u2019usufrutto<\/b>. La signora Zampillo qualche giorno dopo aveva rinunciato all\u2019usufrutto deciso in suo favore. Dopodich\u00e9  Delfin ha ritenuto che  Basilico fosse divenuto pieno proprietario delle quote.    &#13;<br \/>\n&#13;<br \/>\n&#13;<br \/>\n&#13;<br \/>\n&#13;<br \/>\n&#13;<br \/>\n&#13;<br \/>\n&#13;<br \/>\n&#13;<br \/>\n&#13;<br \/>\n&#13;<br \/>\n&#13;<br \/>\n&#13;<br \/>\n&#13;<br \/>\n&#13;<br \/>\n&#13;<br \/>\n&#13;<br \/>\n&#13;<br \/>\n&#13;<br \/>\n&#13;<br \/>\n&#13;<br \/>\n&#13;<br \/>\n&#13;<br \/>\n&#13;<br \/>\n&#13;<br \/>\n&#13;<br \/>\n&#13;<br \/>\n&#13;<br \/>\n&#13;<br \/>\n&#13;<br \/>\n&#13;<br \/>\n&#13;<br \/>\n&#13;<br \/>\n&#13;<br \/>\n&#13;<br \/>\n&#13;<br \/>\n&#13;<br \/>\n&#13;<br \/>\n&#13;<br \/>\n&#13;<br \/>\n&#13;<br \/>\n&#13;<br \/>\n&#13;<br \/>\n&#13;<br \/>\n&#13;<br \/>\n&#13;<br \/>\n&#13;<br \/>\n&#13;<br \/>\n&#13;<br \/>\n&#13;<br \/>\n&#13;<br \/>\n&#13;<br \/>\n&#13;\n<\/p>\n<p class=\"chapter-paragraph\">Dal punto di vista tecnico \u2014 \u00e8 la tesi di Leonardo Maria Del Vecchio supportato dai suoi avvocati \u2014 <b>la signora  Zampillo ha rinunciato al legato di usufrutto e non al diritto di usufrutto<\/b>. La  differenza sarebbe  decisiva perch\u00e9 la rinuncia al legato ha effetto retroattivo, quindi la vedova di Del Vecchio non sarebbe mai stata titolare del diritto oggetto del legato. Insomma, la signora Zampillo  non avrebbe potuto trasferire un diritto che lei, per prima, non aveva mai ricevuto. Di conseguenza, secondo le parti, <b>Basilico non potrebbe  essere considerato pieno proprietario delle quote, che restano quindi di tutti e sei gli eredi, cio\u00e8 i figli del patron<\/b>.<\/p>\n<p class=\"chapter-paragraph\">In aggiunta, si sarebbe trattato di un trasferimento tra vivi e quindi avrebbe richiesto il via libera di un\u2019assemblea straordinaria, in base allo statuto di Delfin. La richiesta di Basilico non \u00e8 quindi stata accolta.<\/p>\n<p class=\"chapter-paragraph\">\u00c8 una questione che \u2014 avrebbe spiegato in assemblea  Leonardo Maria Del Vecchio \u2014    ai suoi occhi era necessaria anche per cercare di sollecitare gli altri eredi a chiudere gli ultimi capitoli di una successione aperta da troppo tempo. Un passaggio  rilevante visto che riguarda peraltro a<b>sset del valore di mercato di circa 50 miliardi, tra le quote in  EssilorLuxottica, l\u2019immobiliare Covivio e le partecipazioni finanziarie in  UniCredit, Mps e Generali<\/b>.<\/p>\n<p class=\"chapter-paragraph\">Da quanto emerge,  non sarebbe  stata una scelta semplice per Leonardo Maria, presa nel rispetto profondo della volont\u00e0 del padre e per tutelare gli eredi.<\/p>\n<p>APPROFONDISCI CON IL PODCAST<\/p>\n<p class=\"chapter-paragraph\"><b>La reazione alle richieste di Rocco Basilico \u00e8 stata negativa da parte di tutti gli altri eredi <\/b>che hanno sottolineato come, nel caso in cui un socio trasferisca parte delle sue azioni, queste siano peraltro  oggetto di prelazione. <b>La signora Zampillo si \u00e8 detta molto dispiaciuta<\/b>. La sua decisione, avrebbe spiegato,  era stata presa in un momento delicato e forse all\u2019epoca era anche stata mal consigliata. Il suo auspicio ora \u00e8 che le parti si incontrino per trovare  una soluzione pacifica.<\/p>\n<p>LEGGI ANCHE<\/p>\n<ul id=\"m6745-6744-6746\">\n<li id=\"m6750-6749-6751\">\n<p>            <a id=\"m6808-6807-6809\" href=\"https:\/\/www.corriere.it\/economia\/moda-business\/25_ottobre_16\/armani-via-al-riassetto-dopo-la-scomparsa-del-fondatore-l-ipotesi-di-marsocci-amministratore-delegato-910ff6ba-ba54-4c57-829e-8de04f5e0xlk.shtml\" rel=\"nofollow noopener\" target=\"_blank\">Armani, via al riassetto dopo la scomparsa del fondatore: Marsocci nuovo amministratore delegato<\/a>di Mario Gerevini e Daniela Polizzi<\/p>\n<\/li>\n<li id=\"m6763-6762-6764\">\n<p>            <a id=\"m6830-6829-6831\" href=\"https:\/\/www.corriere.it\/economia\/aziende\/25_ottobre_13\/delfin-record-di-dividendi-a-1-2-miliardi-gli-eredi-di-leonardo-del-vecchio-si-dividono-140-milioni-9adde118-7d73-4f50-a73e-bec07ab79xlk.shtml\" rel=\"nofollow noopener\" target=\"_blank\">Delfin, record di dividendi a 1,2 miliardi: gli eredi di Leonardo Del Vecchio si dividono 140 milioni<\/a>di Daniela Polizzi<\/p>\n<\/li>\n<li id=\"m6769-6768-6770\">\n<p>            <a id=\"m6852-6851-6853\" href=\"https:\/\/www.corriere.it\/economia\/professionisti\/notai\/25_settembre_26\/testamento-olografo-o-dal-notaio-pubblico-o-privato-ecco-cosa-scelgono-gli-italiani-e-perche-14d80661-f691-4e62-912b-80043cd3dxlk.shtml\" rel=\"nofollow noopener\" target=\"_blank\">Testamento pubblico o privato, dal notaio o olografo? Ecco cosa scelgono gli italiani e perch\u00e9<\/a>di Redazione Economia<\/p>\n<\/li>\n<li id=\"m6782-6781-6783\">\n<p>            <a id=\"m6874-6873-6875\" href=\"https:\/\/www.corriere.it\/economia\/finanza\/25_settembre_23\/grandi-eredita-quanto-valgono-i-lasciti-di-caprotti-del-vecchio-berlusconi-e-armani-come-due-manovre-fe5d7f4f-e76e-429b-bc7c-7f523b930xlk.shtml\" rel=\"nofollow noopener\" target=\"_blank\">Grandi eredit\u00e0: quanto valgono i lasciti di Caprotti, Del Vecchio, Berlusconi e Armani (come due manovre)<\/a>di Daniela Polizzi<\/p>\n<\/li>\n<li id=\"m6795-6794-6796\">\n<p>            <a id=\"m6896-6895-6897\" href=\"https:\/\/www.corriere.it\/economia\/finanza\/25_settembre_12\/giorgio-armani-ecco-il-testamento-alla-fondazione-il-100-della-societa-leo-dell-orco-avra-il-40-dei-diritti-di-voto-a39ce157-4f76-4665-bfa4-d3ccaa047xlk.shtml\" rel=\"nofollow noopener\" target=\"_blank\">Giorgio Armani, ecco il testamento: alla Fondazione la propriet\u00e0 della societ\u00e0, diritti di voto a Dell\u2019Orco e due nipoti: \u00abVendere a Lvmh, Luxottica o L&#8217;Oreal\u00bb<\/a>di Mario Gerevini, Daniela Polizzi e Redazione Economia<\/p>\n<\/li>\n<\/ul>\n<p><a href=\"https:\/\/www.corriere.it\/app-economia\/?intcmp=DL-app_nd_011024_corriere_ss_conomia\" target=\"_blank\" class=\"bck-app-banner\" rel=\"nofollow noopener\"><img decoding=\"async\" class=\"bck-app-img\" src=\"https:\/\/www.europesays.com\/it\/wp-content\/uploads\/2025\/08\/1756449670_863_app.png\"\/><\/p>\n<p>Nuova app <strong>L&#8217;Economia<\/strong>. News, approfondimenti e l&#8217;assistente virtuale al tuo servizio.<\/p>\n<p>SCARICA L&#8217; APP<\/p>\n<p><img decoding=\"async\" src=\"https:\/\/www.europesays.com\/it\/wp-content\/uploads\/2025\/07\/eco.png\"\/><\/a><\/p>\n<p>Iscriviti alle <a href=\"https:\/\/www.corriere.it\/newsletter\/?theme=4\" rel=\"nofollow noopener\" target=\"_blank\">newsletter de L&#8217;Economia<\/a>. Analisi e commenti sui principali avvenimenti\u00a0economici a cura delle firme del Corriere.<\/p>\n<p class=\"is-last-update\" datetime=\"2025-11-14T09:15:18+01:00\">14 novembre 2025 ( modifica il 14 novembre 2025 | 09:15)<\/p>\n<p class=\"is-copyright\">\n            \u00a9 RIPRODUZIONE RISERVATA\n        <\/p>\n","protected":false},"excerpt":{"rendered":"di Daniela Polizzi Gli otto eredi, proprietari del 12,5% a testa della holding Delfin, chiamati in assemblea straordinaria&hellip;\n","protected":false},"author":3,"featured_media":214271,"comment_status":"","ping_status":"","sticky":false,"template":"","format":"standard","meta":{"footnotes":""},"categories":[172],"tags":[178,1238,10147,11396,127807,11842,177,28127,127808,127809,15134,806,17568,127810,127811,13316,1537,90,89,9647,6775,68812,68813,1259,127806,17205,24596,127804,2372,127805,11394,17523,72377,34776,84213],"class_list":{"0":"post-214270","1":"post","2":"type-post","3":"status-publish","4":"format-standard","5":"has-post-thumbnail","7":"category-affari","8":"tag-affari","9":"tag-aperta","10":"tag-assemblea","11":"tag-assemblea-straordinaria","12":"tag-assemblea-straordinaria-rocco","13":"tag-basilico","14":"tag-business","15":"tag-chiamati","16":"tag-chiamati-assemblea","17":"tag-chiamati-assemblea-straordinaria","18":"tag-delfin","19":"tag-diritto","20":"tag-eredi","21":"tag-eredi-proprietari","22":"tag-eredi-proprietari-testa","23":"tag-holding","24":"tag-it","25":"tag-italia","26":"tag-italy","27":"tag-legato","28":"tag-leonardo","29":"tag-leonardo-maria","30":"tag-leonardo-maria-vecchio","31":"tag-maria","32":"tag-maria-vecchio","33":"tag-quote","34":"tag-rocco","35":"tag-rocco-basilico","36":"tag-signora","37":"tag-signora-zampillo","38":"tag-straordinaria","39":"tag-successione","40":"tag-usufrutto","41":"tag-vecchio","42":"tag-zampillo"},"share_on_mastodon":{"url":"","error":"Validation failed: Text character limit of 500 exceeded"},"_links":{"self":[{"href":"https:\/\/www.europesays.com\/it\/wp-json\/wp\/v2\/posts\/214270","targetHints":{"allow":["GET"]}}],"collection":[{"href":"https:\/\/www.europesays.com\/it\/wp-json\/wp\/v2\/posts"}],"about":[{"href":"https:\/\/www.europesays.com\/it\/wp-json\/wp\/v2\/types\/post"}],"author":[{"embeddable":true,"href":"https:\/\/www.europesays.com\/it\/wp-json\/wp\/v2\/users\/3"}],"replies":[{"embeddable":true,"href":"https:\/\/www.europesays.com\/it\/wp-json\/wp\/v2\/comments?post=214270"}],"version-history":[{"count":0,"href":"https:\/\/www.europesays.com\/it\/wp-json\/wp\/v2\/posts\/214270\/revisions"}],"wp:featuredmedia":[{"embeddable":true,"href":"https:\/\/www.europesays.com\/it\/wp-json\/wp\/v2\/media\/214271"}],"wp:attachment":[{"href":"https:\/\/www.europesays.com\/it\/wp-json\/wp\/v2\/media?parent=214270"}],"wp:term":[{"taxonomy":"category","embeddable":true,"href":"https:\/\/www.europesays.com\/it\/wp-json\/wp\/v2\/categories?post=214270"},{"taxonomy":"post_tag","embeddable":true,"href":"https:\/\/www.europesays.com\/it\/wp-json\/wp\/v2\/tags?post=214270"}],"curies":[{"name":"wp","href":"https:\/\/api.w.org\/{rel}","templated":true}]}}