{"id":21451,"date":"2025-08-01T06:20:09","date_gmt":"2025-08-01T06:20:09","guid":{"rendered":"https:\/\/www.europesays.com\/it\/21451\/"},"modified":"2025-08-01T06:20:09","modified_gmt":"2025-08-01T06:20:09","slug":"tour-de-france-femmes-le-court-le-mestruazioni-e-un-tabu-che-non-deve-piu-essere-tale","status":"publish","type":"post","link":"https:\/\/www.europesays.com\/it\/21451\/","title":{"rendered":"TOUR DE FRANCE FEMMES. LE COURT, LE MESTRUAZIONI E UN TABU&#8217; CHE NON DEVE PIU&#8217; ESSERE TALE"},"content":{"rendered":"<p><strong>Il ciclismo femminile vuole far cadere l\u2019ultimo tab\u00f9<\/strong> e al Tour de France<strong> la maglia gialla ha deciso di parlare apertamente del tema delle mestruazioni. Kim Le Court,<\/strong> dopo aver tagliato il traguardo e preso il comando della classifica generale, ha voluto parlare di un malessere accusato in gara e di come il suo corpo fosse pi\u00f9 stanco perch\u00e9 \u00e8 in quel periodo del mese in cui aveva le mestruazioni. Per molti uomini questo argomento potrebbe risultare poco interessante, scomodo o inappropriato, oppure utile ad etichettare le donne atlete come problematiche e deboli, mentre tutto questo dovrebbe essere considerato come una fase che ogni donna vive regolarmente.\n            <\/p>\n<p><strong>Non \u00e8 la prima volta che il gruppo femminile tira fuori il tema delle mestruazioni e decide di parlarne in modo aperto<\/strong>. Demi Vollering, dopo il terzo posto nella Liegi-Bastogne-Liegi, aveva dichiarato che<strong> gli ormoni erano contro di lei<\/strong>, e Lotte Kopecky, in una campagna pubblicitaria di assorbenti, aveva parlato di ansia da ciclo quando correva in bicicletta.\n            <\/p>\n<p>Jolien D&#8217;Hoore ex ciclista e direttore sportivo della AG Insurance-Soudal, squadra di Kim Le Court, al Tour ha voluto raccontare la sua esperienza, spiegando come il tema delle mestruazioni era un argomento che doveva rimanere nascosto quando lei correva.<\/p>\n<p>\u00ab<strong>Noto un&#8217;enorme differenza rispetto a quando ero ciclista<\/strong> \u2013 ha detto Jolien D&#8217;Hoore -, anche se mi sono ritirata solo cinque anni fa. All&#8217;epoca, era un tab\u00f9 parlarne. Molte non avevano il ciclo, in parte a causa dell&#8217;allenamento intenso e di una bassa percentuale di grasso corporeo, e se lo avevano, non lo dicevano. <strong>Ora se ne parla apertamente e noi come squadra mostriamo comprensione e cerchiamo soluzioni insieme alle nostre atlete<\/strong>\u00bb.<\/p>\n<p>Molte cicliste si sentono a disagio a parlare del periodo mestruale, per paura di non essere comprese o addirittura derise dal pubblico maschile, che per questo le considera meno forti. A<strong>vere la maglia gialla che affronta pubblicamente un tema come quello delle mestruazioni ha sicuramente un impatto mediatico importante.<\/strong> Dal gruppo fanno sapere come ci sia disagio, quando a causa dello stress il corpo non reagisce nel modo adeguato e il primo campanello d\u2019allarme arriva con l\u2019interruzione completa del ciclo o con una forte irregolarit\u00e0.<\/p>\n<p>Talvolta l\u2019arrivo del ciclo pu\u00f2 essere visto come un evento positivo, ovvero una manifestazione positiva del corpo. <strong>Il tab\u00f9 \u00e8 stato completamente infranto dalla canadese Magdeleine Vallieres<\/strong> del team EF Education Oatly, che ha avuto il ciclo mestruale in modo naturale per la prima volta in sei anni giusto una settimana prima della partenza del Tour de France. <strong>Lei e le sue compagne di squadra sono andate in pasticceria a comprare una torta per festeggiare quanto accaduto.<\/strong> Questo per dire che in ambito sportivo, a causa di diversi fattori, ci pu\u00f2 essere anche la completa assenza del ciclo mestruale e che questo comporta un disagio.<\/p>\n<p>Quello che chiedono le cicliste alla fine <strong>\u00e8 solo una maggior comprensione e attenzione<\/strong>, perch\u00e9 troppo spesso devono rimanere in silenzio, in un ambiente ancora troppo maschile.<\/p>\n<p>Sarah Tertyschnikow, dell&#8217;associazione femminile Rebelle vzw, ha ringraziato Kim Le Court per aver affrontato un discorso che riguarda tutto il mondo femminile. \u00ab<strong>Le donne hanno bisogno di un ambiente sicuro in cui poter dire senza vergognarsi che il ciclo mestruale le disturba,<\/strong> senza essere derise, \u00e8 importante che le donne si sentano libere di parlarne nell\u2019ambiente di lavoro a prescindere dal settore\u00bb.<\/p>\n<p>Secondo la storica Kaat Wils dell\u2019universit\u00e0 di Leuven,<strong> affrontare l\u2019argomento liberamente \u00e8 il primo passo per allontanarsi dall&#8217;associazione storica: mestruazioni=debolezza.<\/strong> \u00abIn passato, le donne erano considerate delle riproduttrici che dovevano partorire. Le mestruazioni erano quindi cos\u00ec importanti per l&#8217;\u00e9lite e gli intellettuali che alle donne generalmente non era permesso fare nulla durante il ciclo \u2013 ha spiegato la professoressa Wils -. Questo ha creato l&#8217;immagine che le donne non potessero fare nulla durante il ciclo. Ecco perch\u00e9 hanno imparato a nascondere il ciclo e a fingere di non averlo, per non apparire deboli.<strong> Solo ora stiamo iniziando a vedere le donne come forti e capaci, anche se possono comunque soffrire a causa del ciclo<\/strong>\u00bb.<\/p>\n<p>E\u2019 inutile negare che in ambito sportivo alcune donne abbiano dei risentimenti fisici durante il periodo mestruale, ma oggi grazie a studi sull\u2019argomento \u00e8 possibile alleviare o risolvere alcune alterazioni. \u00ab<strong>Durante il ciclo, la mia temperatura corporea \u00e8 pi\u00f9 alta, il che mi rende pi\u00f9 difficile dormire<\/strong> \u2013 ha spiegato Justine Ghekiere dell\u2019AG Insurance-Soudal &#8211; Ecco perch\u00e9 abbiamo materassi speciali. Abbiamo dei coprimaterassi in cui possiamo regolare la temperatura, sono molto utili per chi ha un innalzamento della temperatura durante il ciclo\u00bb.<\/p>\n<p>Il Tour de France e il suo mondo mediatico hanno dato l\u2019opportunit\u00e0 di parlare delle mestruazioni in modo naturale, cosa che non avviene in altri sport.<br \/>E\u2019 noto come<strong> in alcune discipline sportive si ricorra anche ad una interruzione farmacologica del ciclo per non avere interferenze sulla prestazione sportiva.<\/strong> In passato, in particolare tra gli anni Settanta e Novanta, era la ginnastica ad alterare il metabolismo femminile, con processi ormonali che portavano alla completa interruzione del ciclo mestruale. Oggi siamo abituati a vedere atlete che sono anche mamme e che riescono ad ottenere risultati importanti anche dopo la nascita di un figlio. Le associazioni che si occupano della salute della donna hanno accolto in modo favorevole la modalit\u00e0 con cui nel ciclismo si stia affrontando il problema e sperano che la questione mestruazioni continui a ricevere la giusta attenzione, proprio per salvaguardare la salute delle donne.<\/p>\n","protected":false},"excerpt":{"rendered":"Il ciclismo femminile vuole far cadere l\u2019ultimo tab\u00f9 e al Tour de France la maglia gialla ha deciso&hellip;\n","protected":false},"author":3,"featured_media":21452,"comment_status":"","ping_status":"","sticky":false,"template":"","format":"standard","meta":{"footnotes":""},"categories":[1480],"tags":[1824,23165,1944,239,1537,90,89,240,1942,1943,1826,1940,1941],"class_list":{"0":"post-21451","1":"post","2":"type-post","3":"status-publish","4":"format-standard","5":"has-post-thumbnail","7":"category-salute-femminile","8":"tag-ciclismo","9":"tag-donne-nello-sport","10":"tag-femminile","11":"tag-health","12":"tag-it","13":"tag-italia","14":"tag-italy","15":"tag-salute","16":"tag-salute-femminile","17":"tag-salutefemminile","18":"tag-tour-de-france","19":"tag-womens-health","20":"tag-womenshealth"},"share_on_mastodon":{"url":"","error":""},"_links":{"self":[{"href":"https:\/\/www.europesays.com\/it\/wp-json\/wp\/v2\/posts\/21451","targetHints":{"allow":["GET"]}}],"collection":[{"href":"https:\/\/www.europesays.com\/it\/wp-json\/wp\/v2\/posts"}],"about":[{"href":"https:\/\/www.europesays.com\/it\/wp-json\/wp\/v2\/types\/post"}],"author":[{"embeddable":true,"href":"https:\/\/www.europesays.com\/it\/wp-json\/wp\/v2\/users\/3"}],"replies":[{"embeddable":true,"href":"https:\/\/www.europesays.com\/it\/wp-json\/wp\/v2\/comments?post=21451"}],"version-history":[{"count":0,"href":"https:\/\/www.europesays.com\/it\/wp-json\/wp\/v2\/posts\/21451\/revisions"}],"wp:featuredmedia":[{"embeddable":true,"href":"https:\/\/www.europesays.com\/it\/wp-json\/wp\/v2\/media\/21452"}],"wp:attachment":[{"href":"https:\/\/www.europesays.com\/it\/wp-json\/wp\/v2\/media?parent=21451"}],"wp:term":[{"taxonomy":"category","embeddable":true,"href":"https:\/\/www.europesays.com\/it\/wp-json\/wp\/v2\/categories?post=21451"},{"taxonomy":"post_tag","embeddable":true,"href":"https:\/\/www.europesays.com\/it\/wp-json\/wp\/v2\/tags?post=21451"}],"curies":[{"name":"wp","href":"https:\/\/api.w.org\/{rel}","templated":true}]}}