{"id":214695,"date":"2025-11-14T14:25:12","date_gmt":"2025-11-14T14:25:12","guid":{"rendered":"https:\/\/www.europesays.com\/it\/214695\/"},"modified":"2025-11-14T14:25:12","modified_gmt":"2025-11-14T14:25:12","slug":"bologna-corteo-contro-il-governo-arriviamo-allanci-tafferugli-e-cariche","status":"publish","type":"post","link":"https:\/\/www.europesays.com\/it\/214695\/","title":{"rendered":"Bologna, corteo contro il governo: &#8216;Arriviamo all\u2019Anci\u201d. Tafferugli e cariche"},"content":{"rendered":"<p>Questa mattina diverse centinaia di manifestanti si sono raccolti in presidio in piazza Verdi a Bologna, iniziando a sfilare in protesta contro il <a data-intcmp=\"skytg24_foglia articolo_interlink_text\" href=\"https:\/\/tg24.sky.it\/politica\/governo-meloni\" target=\"_self\" rel=\"nofollow noopener\">governo<\/a>. Il corteo dei collettivi voleva raggiungere la zona della fiera per contestare i ministri ospiti all&#8217;Assemblea Anci. Al ponte di San Donato, la polizia in tenuta antisommossa ha bloccato il corteo a met\u00e0 del ponte, impedendo il passaggio. C&#8217;\u00e8 stato qualche tafferuglio con i manifestanti che hanno provato a passare. La testa del corteo ha provato a sfondare, le forze dell&#8217;ordine hanno fatto retrocedere gli attivisti. Dopo una carica, i manifestanti hanno fronteggiato i poliziotti gridando &#8220;corteo, corteo\u201d.<\/p>\n<p>\t\t \tIl corteo<\/p>\n<p>Al corteo erano presenti i collettivi Cambiare Rotta, il partito Potere al Popolo, Giovani comunisti, e diversi collettivi universitari, tra cui Osa.\u00a0L&#8217;obiettivo, dicono i presenti tenendo in mano le bandiere che recitano lo slogan &#8220;no Meloni day&#8221; e &#8220;blocchiamo tutto per un mondo migliore&#8221;, \u00e8 &#8220;procedere in corteo il pi\u00f9 vicino possibile all&#8217;Anci, per fare ascoltare alle migliaia di sindaci e amministratori l\u00ec riuniti le nostre rivendicazioni&#8221;.\u00a0Tra gli slogan, &#8220;nessuno spazio a Bologna\u00a0per i ministri di guerra e di genocidio\u201d. Imponente il dispiegamento di forze dell&#8217;ordine in giro per la citt\u00e0.<\/p>\n<p>La protesta si chiude in universit\u00e0<\/p>\n<p>Dopo le tensioni tra polizia e manifestanti sul ponte di San Donato, il corteo dei collettivi universitari \u00e8 ritornato in zona universitaria da dove era partito. Raccolti in presidio in piazza Scaravilli, gli attivisti del collettivo universitario Cua si sono detti soddisfatti della protesta mentre il collettivo Cambiare rotta si \u00e8 fermato sui viali, per interrompere le lezioni, nel dipartimento universitario di Berti Pichat, facendo poi sapere in una nota di &#8220;averlo occupato&#8221;. Le rivendicazioni &#8220;portate avanti nel No Meloni day&#8221;, dicono i manifestanti, che hanno criticato &#8220;il taglio alla scuola, alla sanit\u00e0 e la vergogna del riarmo, torneranno a farsi sentire con lo sciopero del prossimo 28 novembre contro la finanziaria&#8221;.<\/p>\n<p>\t\t\t<a class=\"c-inline-card j-inline-card c-inline-card--with-image\" href=\"https:\/\/tg24.sky.it\/cronaca\/2025\/11\/14\/sciopero-studenti-14-novembre-2025\" rel=\"follow nofollow noopener\" data-intcmp=\"skytg24_articolo_approfondimenti_inline\" target=\"_blank\"><\/p>\n<p>\t\t\t         <img decoding=\"async\" crossorigin=\"anonymous\" alt=\"\" src=\"https:\/\/www.europesays.com\/it\/wp-content\/uploads\/2025\/11\/studenti_ansa.JPG\"  loading=\"lazy\"  bad-src=\"https:\/\/www.europesays.com\/it\/wp-content\/uploads\/2025\/11\/studenti_ansa.JPG\"\/><\/p>\n<p>\n\t\t\t         Vedi anche<br \/>\n\t\t\t         Studenti, oggi lo sciopero per la scuola e il clima: &#8220;No Meloni Day&#8221;\n\t\t\t      <\/p>\n<p>\t\t\t<\/a><\/p>\n","protected":false},"excerpt":{"rendered":"Questa mattina diverse centinaia di manifestanti si sono raccolti in presidio in piazza Verdi a Bologna, iniziando a&hellip;\n","protected":false},"author":3,"featured_media":214696,"comment_status":"","ping_status":"","sticky":false,"template":"","format":"standard","meta":{"footnotes":""},"categories":[6],"tags":[106639,586,13416,14,369,8,1537,90,89,13166,7,15,82,9,83,10,8567,13,11,80,84,12,81,85],"class_list":{"0":"post-214695","1":"post","2":"type-post","3":"status-publish","4":"format-standard","5":"has-post-thumbnail","7":"category-ultime-notizie","8":"tag-anci","9":"tag-bologna","10":"tag-corteo","11":"tag-cronaca","12":"tag-digitall","13":"tag-headlines","14":"tag-it","15":"tag-italia","16":"tag-italy","17":"tag-manifestazioni","18":"tag-news","19":"tag-notizie","20":"tag-notizie-di-cronaca","21":"tag-notizie-principali","22":"tag-notiziedicronaca","23":"tag-notizieprincipali","24":"tag-scontri","25":"tag-titoli","26":"tag-ultime-notizie","27":"tag-ultime-notizie-di-cronaca","28":"tag-ultime-notizie-e-news-di-oggi","29":"tag-ultimenotizie","30":"tag-ultimenotiziedicronaca","31":"tag-ultimenotizieenewsdioggi"},"share_on_mastodon":{"url":"https:\/\/pubeurope.com\/@it\/115548515484918992","error":""},"_links":{"self":[{"href":"https:\/\/www.europesays.com\/it\/wp-json\/wp\/v2\/posts\/214695","targetHints":{"allow":["GET"]}}],"collection":[{"href":"https:\/\/www.europesays.com\/it\/wp-json\/wp\/v2\/posts"}],"about":[{"href":"https:\/\/www.europesays.com\/it\/wp-json\/wp\/v2\/types\/post"}],"author":[{"embeddable":true,"href":"https:\/\/www.europesays.com\/it\/wp-json\/wp\/v2\/users\/3"}],"replies":[{"embeddable":true,"href":"https:\/\/www.europesays.com\/it\/wp-json\/wp\/v2\/comments?post=214695"}],"version-history":[{"count":0,"href":"https:\/\/www.europesays.com\/it\/wp-json\/wp\/v2\/posts\/214695\/revisions"}],"wp:featuredmedia":[{"embeddable":true,"href":"https:\/\/www.europesays.com\/it\/wp-json\/wp\/v2\/media\/214696"}],"wp:attachment":[{"href":"https:\/\/www.europesays.com\/it\/wp-json\/wp\/v2\/media?parent=214695"}],"wp:term":[{"taxonomy":"category","embeddable":true,"href":"https:\/\/www.europesays.com\/it\/wp-json\/wp\/v2\/categories?post=214695"},{"taxonomy":"post_tag","embeddable":true,"href":"https:\/\/www.europesays.com\/it\/wp-json\/wp\/v2\/tags?post=214695"}],"curies":[{"name":"wp","href":"https:\/\/api.w.org\/{rel}","templated":true}]}}