{"id":21478,"date":"2025-08-01T06:39:15","date_gmt":"2025-08-01T06:39:15","guid":{"rendered":"https:\/\/www.europesays.com\/it\/21478\/"},"modified":"2025-08-01T06:39:15","modified_gmt":"2025-08-01T06:39:15","slug":"questi-telefoni-smetteranno-di-aggiornarsi-entro-settembre-occhio-ecco-quali-sono","status":"publish","type":"post","link":"https:\/\/www.europesays.com\/it\/21478\/","title":{"rendered":"Questi telefoni smetteranno di aggiornarsi entro settembre. Occhio: ecco quali sono"},"content":{"rendered":"<p>La tecnologia e lo sviluppo, soprattutto per quanto riguarda i dispositivi mobile, \u00e8 tanto affascinante quanto crudele. Spesso i telefoni vengono superati da tecnologie pi\u00f9 avanzate che rendono il dispositivo obsoleto. Il problema \u00e8 presto detto: questi stessi telefoni, ormai vecchi, non vengono pi\u00f9 aggiornati. In questa estate 2025 ben <strong>17 modelli<\/strong> con sistema operativo Android non riceveranno pi\u00f9 aggiornamenti e per questo nel giro di poco tempo diventeranno poco sicuri.<\/p>\n<p>Tra giugno e settembre 2025, 17 modelli di smartphone Android smetteranno di ricevere aggiornamenti avviandosi verso il loro fine vita. I modelli interessati per la maggior parte appartengono a Samsung. Ecco quali sono e, soprattutto, da quando non verranno pi\u00f9 aggiornati. Da settembre non verr\u00e0 pi\u00f9 aggiornato il Galaxy A23 5G. Da questo mese di luglio, invece, succeder\u00e0 la stessa cosa per quanto riguarda il Galaxy A13 (SM-A137), il Galaxy M13 e il Galaxy A52 5G. Ad agosto, invece, il Galaxy Z Fold 5G, Galaxy Z Flip 5G, Galaxy A22 5G, Galaxy F52 5G. Ma non solo. Tra gli altri anche il Galaxy M42 5G, Galaxy, Note20 Ultra 5G, Galaxy Note20 5G , Galaxy Note20 Ultra, Galaxy Note20. A giugno, lo stesso vale per il POCO X4 GT, Redmi 10 5G, POCO C40 e il POCO F4.<\/p>\n<p>Questo, giova ricordarlo, non significa che i dispositivi smetteranno di funzionare. Gli smartphone funzioneranno lo stesso ma utilizzarli diventer\u00e0 sempre pi\u00f9 limitante.\n<\/p>\n<p> Tra l\u2019altro, a ben vedere, sar\u00e0 pi\u00f9 pericoloso avere questi telefoni per tre motivi. Il primo \u00e8 il lato della sicurezza del dispositivo. Non \u00e8 da sottovalutare anche l\u2019assenza di funzionalit\u00e0 e i problemi di compatibilit\u00e0.<\/p>\n","protected":false},"excerpt":{"rendered":"La tecnologia e lo sviluppo, soprattutto per quanto riguarda i dispositivi mobile, \u00e8 tanto affascinante quanto crudele. Spesso&hellip;\n","protected":false},"author":3,"featured_media":21479,"comment_status":"","ping_status":"","sticky":false,"template":"","format":"standard","meta":{"footnotes":""},"categories":[173],"tags":[1537,90,89,195,198,199,197,200,201,194,196,23196],"class_list":{"0":"post-21478","1":"post","2":"type-post","3":"status-publish","4":"format-standard","5":"has-post-thumbnail","7":"category-scienza-e-tecnologia","8":"tag-it","9":"tag-italia","10":"tag-italy","11":"tag-science","12":"tag-science-and-technology","13":"tag-scienceandtechnology","14":"tag-scienza","15":"tag-scienza-e-tecnologia","16":"tag-scienzaetecnologia","17":"tag-technology","18":"tag-tecnologia","19":"tag-telefonini"},"share_on_mastodon":{"url":"","error":""},"_links":{"self":[{"href":"https:\/\/www.europesays.com\/it\/wp-json\/wp\/v2\/posts\/21478","targetHints":{"allow":["GET"]}}],"collection":[{"href":"https:\/\/www.europesays.com\/it\/wp-json\/wp\/v2\/posts"}],"about":[{"href":"https:\/\/www.europesays.com\/it\/wp-json\/wp\/v2\/types\/post"}],"author":[{"embeddable":true,"href":"https:\/\/www.europesays.com\/it\/wp-json\/wp\/v2\/users\/3"}],"replies":[{"embeddable":true,"href":"https:\/\/www.europesays.com\/it\/wp-json\/wp\/v2\/comments?post=21478"}],"version-history":[{"count":0,"href":"https:\/\/www.europesays.com\/it\/wp-json\/wp\/v2\/posts\/21478\/revisions"}],"wp:featuredmedia":[{"embeddable":true,"href":"https:\/\/www.europesays.com\/it\/wp-json\/wp\/v2\/media\/21479"}],"wp:attachment":[{"href":"https:\/\/www.europesays.com\/it\/wp-json\/wp\/v2\/media?parent=21478"}],"wp:term":[{"taxonomy":"category","embeddable":true,"href":"https:\/\/www.europesays.com\/it\/wp-json\/wp\/v2\/categories?post=21478"},{"taxonomy":"post_tag","embeddable":true,"href":"https:\/\/www.europesays.com\/it\/wp-json\/wp\/v2\/tags?post=21478"}],"curies":[{"name":"wp","href":"https:\/\/api.w.org\/{rel}","templated":true}]}}