{"id":214977,"date":"2025-11-14T18:19:11","date_gmt":"2025-11-14T18:19:11","guid":{"rendered":"https:\/\/www.europesays.com\/it\/214977\/"},"modified":"2025-11-14T18:19:11","modified_gmt":"2025-11-14T18:19:11","slug":"annalisa-riparte-da-jesolo-al-via-il-nuovo-tour-ma-noi-siamo-fuoco_capitolo-i-dal-palazzo-del-turismo","status":"publish","type":"post","link":"https:\/\/www.europesays.com\/it\/214977\/","title":{"rendered":"Annalisa riparte da Jesolo, al via il nuovo tour \u00abMa noi siamo Fuoco_Capitolo I\u00bb dal Palazzo del Turismo"},"content":{"rendered":"<p><strong><a href=\"https:\/\/www.ilgazzettino.it\/t\/jesolo\" rel=\"nofollow noopener\" target=\"_blank\">JESOLO<\/a><\/strong> &#8220;Ma noi siamo Fuoco_Capitolo I&#8221;. Nuove sfide e nuove metamorfosi.\u00a0E&#8217; il nuovo tour di <strong><a href=\"https:\/\/www.ilgazzettino.it\/t\/annalisa\" rel=\"nofollow noopener\" target=\"_blank\">Annalisa<\/a><\/strong> al via dal Palazzo del Turismo di Jesolo con una doppia data in programma domani (sabato 15) e domenica.<\/p>\n<p>Con il primo appuntamento gi\u00e0 sold out nei mesi scorsi, \u00e8 stata programmata la replica domenicale con biglietti ancora disponibili e acquistabili sul circuito Ticketone e alle biglietterie del concerto, dalle 18. Le porte del palazzetto apriranno al pubblico alle 19 mentre l&#8217;inizio del live \u00e8 in programma per le 21. L&#8217;evento \u00e8 organizzato da Zenit srl e Friends and Partners, in collaborazione con il Comune e Jesolo Turismo.<\/p>\n<p>L&#8217;ALBUM<\/p>\n<p>Lo scorso 10 ottobre la star del pop italiano ha pubblicato &#8220;Ma io sono fuoco&#8221;, il suo nuovo album entrato subito al numero uno della classifica di vendita. Si tratta di un progetto musicale dove il tema del tempo si unisce a quello del fuoco simbolo di emozioni forti, trasformazioni interiori e affermazione di s\u00e9 declinato in varie forme attraverso tutti gli 11 brani che lo compongono mettendo assieme molteplici significati: passione, rabbia, cambiamento, resistenza e identit\u00e0.<br \/>&#13;<br \/>\nFuoco, dunque, da intendere come scintilla creativa, ma al tempo stesso come trasformazione. Nel suo percorso, Annalisa usa un lessico diretto e collaborazioni significative per costruire un racconto coerente, emotivo e moderno. Non a caso le canzoni dell&#8217;album sono un insieme di brani in cui coesistono il pop contemporaneo e le sonorit\u00e0 anni &#8217;80 con elementi elettronici di matrice internazionale, creando un sound nostalgico ma incredibilmente attuale. Il titolo dell&#8217;album suona come una risposta, ma anche come una dichiarazione di identit\u00e0. Anche la copertina racconta molto di questo cammino: la tigre, infatti, rimanda direttamente alla metafora del tempo circolare del filosofo Jorge Luis Borges.<br \/>&#13;<br \/>\nLo stesso vale per il titolo dell&#8217;album e i colori: il tempo \u00e8 un fiume, \u00e8 una tigre, \u00e8 un fuoco, e ci trascina, divora, consuma, cos\u00ec come anche noi facciamo con lui, o ci imponiamo di fare. Quanto basta, dunque, per intendere il fuoco come una scintilla creativa e una metamorfosi. E come una nuova sfida evolutiva.<\/p>\n<p>LA CLASSIFICA<br \/>\nDa segnalare, come se non bastasse, che grazie all&#8217;ingresso del suo ultimo singolo &#8220;Piazza San Marco&#8221; con Marco Mengoni nella top 10 della classifica Fimi, Annalisa ha segnato un nuovo record, \u00e8 la donna con pi\u00f9 singoli nella parte alta della classifica contandole 19 in totale. 52 Platini e 14 Oro e tra le artiste pi\u00f9 ascoltate su Spotify, sono alcuni dei numeri che si sommano agli oltre 250 mila biglietti venduti per i suoi concerti solo nel 2024.<br \/>\nNon \u00e8 dunque un caso se in citt\u00e0 l&#8217;attesa per la sua doppia data \u00e8 letteralmente alle stelle.<br \/>\n\u00abUn altro grande nome che arricchisce il palinsesto dei concerti di Jesolo &#8211; commenta Alberto Maschio, assessore al Turismo -. In questi anni il talento di Annalisa \u00e8 emerso conquistando spazio e pubblico, con canzoni che sono entrati subito nella testa di tutti. A Jesolo far\u00e0 ballare e cantare migliaia di persone, contribuendo ad animare la citt\u00e0 in un periodo lontano dai mesi centrali dell&#8217;estate\u00bb.<br \/>\nIl prossimo evento al Palazzo del Turismo sar\u00e0 il live di Giorgia in programma il 25 novembre. Gi\u00e0 fissati i primi concerti del prossimo anno: Olly (7 e 8 marzo), Ernia (19 marzo), Blanco (17 aprile 2026) de Elisa (24 aprile).<br \/>\n\u00a0                        <\/p>\n","protected":false},"excerpt":{"rendered":"JESOLO &#8220;Ma noi siamo Fuoco_Capitolo I&#8221;. Nuove sfide e nuove metamorfosi.\u00a0E&#8217; il nuovo tour di Annalisa al via&hellip;\n","protected":false},"author":3,"featured_media":214978,"comment_status":"","ping_status":"","sticky":false,"template":"","format":"standard","meta":{"footnotes":"","_share_on_mastodon":"0"},"categories":[1443],"tags":[463,203,204,1537,90,89,5121,1538,1539],"class_list":["post-214977","post","type-post","status-publish","format-standard","has-post-thumbnail","category-musica","tag-annalisa","tag-entertainment","tag-intrattenimento","tag-it","tag-italia","tag-italy","tag-jesolo","tag-music","tag-musica"],"share_on_mastodon":{"url":"https:\/\/pubeurope.com\/@it\/115549435803302395","error":""},"_links":{"self":[{"href":"https:\/\/www.europesays.com\/it\/wp-json\/wp\/v2\/posts\/214977","targetHints":{"allow":["GET"]}}],"collection":[{"href":"https:\/\/www.europesays.com\/it\/wp-json\/wp\/v2\/posts"}],"about":[{"href":"https:\/\/www.europesays.com\/it\/wp-json\/wp\/v2\/types\/post"}],"author":[{"embeddable":true,"href":"https:\/\/www.europesays.com\/it\/wp-json\/wp\/v2\/users\/3"}],"replies":[{"embeddable":true,"href":"https:\/\/www.europesays.com\/it\/wp-json\/wp\/v2\/comments?post=214977"}],"version-history":[{"count":0,"href":"https:\/\/www.europesays.com\/it\/wp-json\/wp\/v2\/posts\/214977\/revisions"}],"wp:featuredmedia":[{"embeddable":true,"href":"https:\/\/www.europesays.com\/it\/wp-json\/wp\/v2\/media\/214978"}],"wp:attachment":[{"href":"https:\/\/www.europesays.com\/it\/wp-json\/wp\/v2\/media?parent=214977"}],"wp:term":[{"taxonomy":"category","embeddable":true,"href":"https:\/\/www.europesays.com\/it\/wp-json\/wp\/v2\/categories?post=214977"},{"taxonomy":"post_tag","embeddable":true,"href":"https:\/\/www.europesays.com\/it\/wp-json\/wp\/v2\/tags?post=214977"}],"curies":[{"name":"wp","href":"https:\/\/api.w.org\/{rel}","templated":true}]}}