{"id":214999,"date":"2025-11-14T18:36:18","date_gmt":"2025-11-14T18:36:18","guid":{"rendered":"https:\/\/www.europesays.com\/it\/214999\/"},"modified":"2025-11-14T18:36:18","modified_gmt":"2025-11-14T18:36:18","slug":"con-la-tv-in-bianco-e-nero","status":"publish","type":"post","link":"https:\/\/www.europesays.com\/it\/214999\/","title":{"rendered":"Con la tv in bianco e nero&#8230;"},"content":{"rendered":"<p>&#8220;La vittoria in Coppa Davis in Cile \u00e8 stato come toccare il cielo con un dito. Un sogno realizzato&#8221;. Parole e musica dell&#8217;ex campione di tennis e opinionista Sky Sport, <strong>Paolo Bertolucci<\/strong>, durante il nuovo appuntamento di &#8216;Sky Up The Edit&#8217;, progetto di Sky per promuovere <strong>l&#8217;inclusione digitale in ambito scolastico<\/strong>, questa mattina a Torino presso l&#8217;Istituto di Istruzione Superiore Primo Levi.<\/p>\n<p>L&#8217;aneddoto sulle famose magliette rosse indossate da Bertolucci e Panatta in Cile<\/p>\n<p>&#8220;Le magliette rosse in finale? C&#8217;erano state manifestazioni pesanti in Italia. Non si voleva che giocassimo per via di quello che stava accadendo l\u00ec in Cile &#8211; ha aggiunto -. Alla fine della prima giornata eravamo avanti 2-0 e il giorno dopo avevamo il doppio per diventare campioni e la sera prima in camera Adriano Panatta venne chiedendomi se avessi la maglietta rossa. Stranamente, io che non la portavo mai, l&#8217;avevo in valigia. Gli dicevo di metterla un&#8217;altra volta perch\u00e9 ci sarebbe stato il vice di Pinochet in tribuna, ma Adriano insisteva spiegandomi che dovevamo dare un segnale e la mettemmo. In Italia non fu capita subito perch\u00e9 c&#8217;era il bianco e nero in tv. Sono contento venga colto oggi&#8221;.\u00a0<\/p>\n<p>\u00a0<\/p>\n<p><img decoding=\"async\" class=\"ImageInsideDetail_lazy__BOVOf\" src=\"https:\/\/www.europesays.com\/it\/wp-content\/uploads\/2025\/11\/125304572-4c3d2e92-009c-4b02-a17f-ae692a805f5e.jpg\" alt=\"\"\/><\/p>\n<p>\u00a0<\/p>\n<p>Le parole del ministro Abodi<\/p>\n<p>Nel nuovo appuntamento nelle scuole per &#8220;Sky Up The Edit&#8221;, il progetto di Sky che offre a studentesse e studenti tra gli 8 e i 18 anni l&#8217;opportunit\u00e0 di mettersi alla prova nella creazione di un contenuto multimediale sul tema del rispetto con l&#8217;obiettivo di sviluppare le competenze digitali dei pi\u00f9 giovani, \u00e8 intervenuto davanti ad oltre 180 ragazze e ragazzi e con circa 2.500 studenti collegati in streaming da tutta Italia<strong> il ministro dello Sport Abodi<\/strong>: &#8220;Il rispetto \u00e8 una parola chiave anche dello sport, nei confronti di se stessi, degli altri, del contesto, della natura che ci circonda, della nostra citt\u00e0 e del bene comune. \u00c8 un principio che lo sport certamente allena e che noi dobbiamo cercare di promuovere offrendo delle opportunit\u00e0, mettendolo a disposizione nelle scuole e aiutando chi non riesce a fare sport per ragioni anche economiche&#8221;. &#8220;Non c&#8217;\u00e8 una buona relazione tra scuola e sport e non posso immaginare, come invece mi \u00e8 successo di registrare, che uno studente o una studentessa vengano messi nella condizione di scegliere tra sport e scuola. Ci deve essere un&#8217;alleanza, ci deve essere un rispetto reciproco, e quindi le regole vanno cambiate per fare in modo che questo rispetto si manifesti diffusamente: pensare che lo sport sia una distrazione rispetto alla scuola secondo me \u00e8 un errore clamoroso&#8221;.<\/p>\n<p>\u00a0<\/p>\n<p><img decoding=\"async\" class=\"ImageInsideDetail_lazy__BOVOf\" src=\"https:\/\/www.europesays.com\/it\/wp-content\/uploads\/2025\/11\/125306760-45af5468-2c2a-4d21-bec2-b2ce2ed89b8b.jpg\" alt=\"\"\/><\/p>\n<p>\u00a0<\/p>\n<p>\u00a0<\/p>\n<p>\u00a0<\/p>\n<p>\u00a9 RIPRODUZIONE RISERVATA<a href=\"https:\/\/www.corrieredellosport.it\/tennis\" class=\"Button_button__r_ga_ Button_filled___FzKx\" rel=\"nofollow noopener\" target=\"_blank\">Tutte le news di Tennis<\/a><\/p>\n","protected":false},"excerpt":{"rendered":"&#8220;La vittoria in Coppa Davis in Cile \u00e8 stato come toccare il cielo con un dito. Un sogno&hellip;\n","protected":false},"author":3,"featured_media":215000,"comment_status":"","ping_status":"","sticky":false,"template":"","format":"standard","meta":{"footnotes":""},"categories":[1457],"tags":[1537,90,89,245,244,1273],"class_list":{"0":"post-214999","1":"post","2":"type-post","3":"status-publish","4":"format-standard","5":"has-post-thumbnail","7":"category-tennis","8":"tag-it","9":"tag-italia","10":"tag-italy","11":"tag-sport","12":"tag-sports","13":"tag-tennis"},"share_on_mastodon":{"url":"https:\/\/pubeurope.com\/@it\/115549502785812082","error":""},"_links":{"self":[{"href":"https:\/\/www.europesays.com\/it\/wp-json\/wp\/v2\/posts\/214999","targetHints":{"allow":["GET"]}}],"collection":[{"href":"https:\/\/www.europesays.com\/it\/wp-json\/wp\/v2\/posts"}],"about":[{"href":"https:\/\/www.europesays.com\/it\/wp-json\/wp\/v2\/types\/post"}],"author":[{"embeddable":true,"href":"https:\/\/www.europesays.com\/it\/wp-json\/wp\/v2\/users\/3"}],"replies":[{"embeddable":true,"href":"https:\/\/www.europesays.com\/it\/wp-json\/wp\/v2\/comments?post=214999"}],"version-history":[{"count":0,"href":"https:\/\/www.europesays.com\/it\/wp-json\/wp\/v2\/posts\/214999\/revisions"}],"wp:featuredmedia":[{"embeddable":true,"href":"https:\/\/www.europesays.com\/it\/wp-json\/wp\/v2\/media\/215000"}],"wp:attachment":[{"href":"https:\/\/www.europesays.com\/it\/wp-json\/wp\/v2\/media?parent=214999"}],"wp:term":[{"taxonomy":"category","embeddable":true,"href":"https:\/\/www.europesays.com\/it\/wp-json\/wp\/v2\/categories?post=214999"},{"taxonomy":"post_tag","embeddable":true,"href":"https:\/\/www.europesays.com\/it\/wp-json\/wp\/v2\/tags?post=214999"}],"curies":[{"name":"wp","href":"https:\/\/api.w.org\/{rel}","templated":true}]}}