{"id":215120,"date":"2025-11-14T20:16:15","date_gmt":"2025-11-14T20:16:15","guid":{"rendered":"https:\/\/www.europesays.com\/it\/215120\/"},"modified":"2025-11-14T20:16:15","modified_gmt":"2025-11-14T20:16:15","slug":"a-stoccolma-un-autobus-si-e-schiantato-contro-una-pensilina-diverse-persone-sono-morte","status":"publish","type":"post","link":"https:\/\/www.europesays.com\/it\/215120\/","title":{"rendered":"A Stoccolma un autobus si \u00e8 schiantato contro una pensilina: diverse persone sono morte"},"content":{"rendered":"<p>Venerd\u00ec attorno alle 15:30 un autobus a due piani si \u00e8 schiantato contro una pensilina vicino al Regio istituto tecnico, un centro universitario nel quartiere di \u00d6stermalm, in centro a Stoccolma, la capitale della Svezia: la polizia svedese ha detto che diverse persone sono morte, ma non ha chiarito quante. Una portavoce della regione di Stoccolma, <a href=\"https:\/\/www.dn.se\/sverige\/buss-har-kort-in-i-busskur-pa-ostermalm-flera-doda\/\" rel=\"nofollow noopener\" target=\"_blank\">citata<\/a> dal giornale svedese Dagens Nyheter, ha detto che almeno cinque sono state ferite, di cui due in modo grave. Sul posto sono arrivate diverse ambulanze. L\u2019area \u00e8 stata delimitata.<\/p>\n<p>Al momento le cause dell\u2019incidente non sono note, ma sempre secondo quanto <a href=\"https:\/\/www.svd.se\/a\/dRgAVO\/allvarlig-olycka-pa-ostermalm-flera-till-sjukhus\" rel=\"nofollow noopener\" target=\"_blank\">riferito<\/a> dai media svedesi si sta indagando per omicidio colposo. Nadya Norton, portavoce della polizia, ha detto che l\u2019autista dell\u2019autobus \u00e8 stato arrestato e al momento \u00e8 sotto interrogatorio. Il responsabile dell\u2019ufficio stampa della SL, l\u2019azienda del trasporto pubblico locale, ha detto che al momento dell\u2019incidente sull\u2019autobus non c\u2019erano passeggeri.<\/p>\n","protected":false},"excerpt":{"rendered":"Venerd\u00ec attorno alle 15:30 un autobus a due piani si \u00e8 schiantato contro una pensilina vicino al Regio&hellip;\n","protected":false},"author":3,"featured_media":215121,"comment_status":"","ping_status":"","sticky":false,"template":"","format":"standard","meta":{"footnotes":""},"categories":[6],"tags":[14,8,1537,90,89,7,15,82,9,83,10,13,11,80,84,12,81,85],"class_list":{"0":"post-215120","1":"post","2":"type-post","3":"status-publish","4":"format-standard","5":"has-post-thumbnail","7":"category-ultime-notizie","8":"tag-cronaca","9":"tag-headlines","10":"tag-it","11":"tag-italia","12":"tag-italy","13":"tag-news","14":"tag-notizie","15":"tag-notizie-di-cronaca","16":"tag-notizie-principali","17":"tag-notiziedicronaca","18":"tag-notizieprincipali","19":"tag-titoli","20":"tag-ultime-notizie","21":"tag-ultime-notizie-di-cronaca","22":"tag-ultime-notizie-e-news-di-oggi","23":"tag-ultimenotizie","24":"tag-ultimenotiziedicronaca","25":"tag-ultimenotizieenewsdioggi"},"share_on_mastodon":{"url":"https:\/\/pubeurope.com\/@it\/115549895557269016","error":""},"_links":{"self":[{"href":"https:\/\/www.europesays.com\/it\/wp-json\/wp\/v2\/posts\/215120","targetHints":{"allow":["GET"]}}],"collection":[{"href":"https:\/\/www.europesays.com\/it\/wp-json\/wp\/v2\/posts"}],"about":[{"href":"https:\/\/www.europesays.com\/it\/wp-json\/wp\/v2\/types\/post"}],"author":[{"embeddable":true,"href":"https:\/\/www.europesays.com\/it\/wp-json\/wp\/v2\/users\/3"}],"replies":[{"embeddable":true,"href":"https:\/\/www.europesays.com\/it\/wp-json\/wp\/v2\/comments?post=215120"}],"version-history":[{"count":0,"href":"https:\/\/www.europesays.com\/it\/wp-json\/wp\/v2\/posts\/215120\/revisions"}],"wp:featuredmedia":[{"embeddable":true,"href":"https:\/\/www.europesays.com\/it\/wp-json\/wp\/v2\/media\/215121"}],"wp:attachment":[{"href":"https:\/\/www.europesays.com\/it\/wp-json\/wp\/v2\/media?parent=215120"}],"wp:term":[{"taxonomy":"category","embeddable":true,"href":"https:\/\/www.europesays.com\/it\/wp-json\/wp\/v2\/categories?post=215120"},{"taxonomy":"post_tag","embeddable":true,"href":"https:\/\/www.europesays.com\/it\/wp-json\/wp\/v2\/tags?post=215120"}],"curies":[{"name":"wp","href":"https:\/\/api.w.org\/{rel}","templated":true}]}}