{"id":215785,"date":"2025-11-15T06:56:47","date_gmt":"2025-11-15T06:56:47","guid":{"rendered":"https:\/\/www.europesays.com\/it\/215785\/"},"modified":"2025-11-15T06:56:47","modified_gmt":"2025-11-15T06:56:47","slug":"giornale-radiopiu-15-novembre-2025-direttore-mirko-mezzacasa-radio-piu","status":"publish","type":"post","link":"https:\/\/www.europesays.com\/it\/215785\/","title":{"rendered":"GIORNALE RADIOPIU 15 NOVEMBRE 2025 DIRETTORE MIRKO MEZZACASA \u2013 Radio Pi\u00f9"},"content":{"rendered":"<p>********<\/p>\n<p>\u00a0<\/p>\n<p><strong><a class=\"dt-pswp-item\" href=\"https:\/\/www.radiopiu.net\/wordpress\/wp-content\/uploads\/2025\/11\/Screenshot-2025-11-14-052001.png\" data-dt-img-description=\"\" data-large_image_width=\"520\" data-large_image_height=\"356\" rel=\"nofollow noopener\" target=\"_blank\"><img fetchpriority=\"high\" decoding=\"async\" class=\"size-medium wp-image-480474 alignleft\" src=\"https:\/\/www.europesays.com\/it\/wp-content\/uploads\/2025\/11\/Screenshot-2025-11-14-052001-300x205.png\" alt=\"\" width=\"300\" height=\"205\"  \/><\/a> <\/strong><\/p>\n<p><strong>\u00a0<\/strong><\/p>\n<p><strong>LA\u00a0 APP PER IOS-IPHONE di Nicola Vettorello<\/strong><\/p>\n<p><strong><a style=\"color: #0000ff;\" href=\"https:\/\/apps.apple.com\/it\/app\/radio-pi%C3%B9-emittente-agordina\/id1515939845\" rel=\"nofollow noopener\" target=\"_blank\">https:\/\/apps.apple.com\/it\/app\/radio-pi%C3%B9-emittente-agordina\/id1515939845<\/a><\/strong><\/p>\n<p><strong>LA\u00a0 APP RADIO\u00a0 PER ANDROID di Nicola Vettorello<\/strong><\/p>\n<p><strong><a style=\"color: #0000ff;\" href=\"https:\/\/play.google.com\/store\/apps\/details?id=net.radiopiu.iniko\" target=\"_blank\" rel=\"noopener noreferrer nofollow\">https:\/\/<\/a><a style=\"color: #0000ff;\" href=\"https:\/\/play.google.com\/store\/apps\/details?id=net.radiopiu.iniko\" target=\"_blank\" rel=\"noopener noreferrer nofollow\">play.google.com\/store\/apps\/details?id=net.radiopiu.iniko\u00a0\u00a0\u00a0\u00a0\u00a0<\/a><\/strong><\/p>\n<p>\u00a0<\/p>\n<p>\u00a0<\/p>\n<p>\u00a0<\/p>\n<p>\u00a0<\/p>\n<p>\u00a0<\/p>\n<p>\u00a0<\/p>\n<blockquote>\n<p><a class=\"dt-pswp-item\" href=\"https:\/\/www.radiopiu.net\/wordpress\/wp-content\/uploads\/2019\/09\/aa80e605-0a95-41ca-9474-93d87e48ffe1.jpg\" data-dt-img-description=\"SONIA AGOSTINI\" data-large_image_width=\"1600\" data-large_image_height=\"1200\" rel=\"nofollow noopener\" target=\"_blank\"><img loading=\"lazy\" decoding=\"async\" class=\"size-medium wp-image-99657 alignleft\" src=\"https:\/\/www.europesays.com\/it\/wp-content\/uploads\/2025\/11\/aa80e605-0a95-41ca-9474-93d87e48ffe1-300x225.jpg\" alt=\"\" width=\"300\" height=\"225\"  \/><\/a><\/p>\n<\/blockquote>\n<p><strong class=\"photoswipe-wrapper\" style=\"color: #111111; font-family: 'normal Arial', Helvetica, sans-serif; font-size: 14px;\">ALLE 8.05 LA RASSEGNA STAMPA LOCALE 8.25 week end marina c\u2019e\u2019 900\u00a0 \u00a0PREMIER LE NOVITA\u2019 MUSICALI CON MARCO GAZ 940 <\/strong><strong style=\"color: #111111; font-family: 'normal Arial', Helvetica, sans-serif; font-size: 14px;\">10.30\u00a0 la rassegna stampa da l\u2019amico del popolo di gianni santomaso OSPITE SONIA AGOSTINI (foto)\u00a0 PRESIDENTE PETTIROSSO AGORDINO, QUESTA SERA IN SALA VINCENZO SAVIO IL 15ESIMO COMPLEANNO 11.00 arcade show con elia casagrande\u00a0 \u00a0 13.20\u00a0 collage operazione nostalgia, con loris scussel\u00a0 14.00 elettrochoc con dj jack 15.00 la classifica ufficiale di radiopiu\u00a0 <\/strong><strong style=\"color: #111111; font-family: 'normal Arial', Helvetica, sans-serif; font-size: 14px;\">16 45 LE HIT STORICHE DI MIRCO BENCIVENNI\u00a0<\/strong> <strong style=\"color: #111111; font-family: 'normal Arial', Helvetica, sans-serif; font-size: 14px;\">19.05 LE ANTICIPAZIONI DAL TG DI ANTENNA 3 DA UN\u2019IDEA DI TIZIANA BOLOGNANI\u00a0<\/strong><\/p>\n<p>\u00a0<\/p>\n<p><strong>LE DIRETTE DI RADIOPIU\u00a0<\/strong><\/p>\n<p><strong>QUESTAS SERA HC VALPELLICE BULLDOGS \u2013 ALLEGHE HOCKEY <\/strong>\u00a0ore 20:30 \u2013 Palaghiaccio Cotta Morandini di Torre Pellice (TO)<br \/>Collegamenti in DIRETTA RADIOFONICA su Radio Pi\u00f9 (www.radiopiu.net) con \u201chockey al punto giusto\u201d, in studio Marco Gaz e da Torre Pellice interventi di Roberto Miana<\/p>\n<p>\u00a0<\/p>\n<p><a href=\"https:\/\/www.radiopiu.net\/wordpress\/wp-content\/uploads\/2025\/11\/AL6.mp3\" rel=\"nofollow noopener\" target=\"_blank\">https:\/\/www.radiopiu.net\/wordpress\/wp-content\/uploads\/2025\/11\/AL6.mp3<\/a><\/p>\n<p>\u00a0<\/p>\n<blockquote><p>\n<strong><br \/>EL BAL DEL FIOR, DI GIULIANA DA RONCH\u00a0 ogni giorno alle sette e venti del mattino <\/strong><strong style=\"font-size: 14px;\">LA PUNTATA DI OGGI 15 NOVEMBRE<\/strong><strong style=\"font-size: 14px;\">\u00a02025<\/strong>\n<\/p><\/blockquote>\n<blockquote>\n<blockquote>\n<\/blockquote>\n<p><strong><a class=\"dt-pswp-item\" href=\"https:\/\/www.europesays.com\/it\/wp-content\/uploads\/2025\/07\/6.jpg\" data-dt-img-description=\"\" data-large_image_width=\"177\" data-large_image_height=\"180\"><img loading=\"lazy\" decoding=\"async\" class=\"size-full wp-image-417911 alignleft\" src=\"https:\/\/www.europesays.com\/it\/wp-content\/uploads\/2025\/07\/6.jpg\" alt=\"\" width=\"177\" height=\"180\"\/><\/a>LA RASSEGNA STAMPA NAZIONALE ALLA RADIO, OGNI GIORNO ALLE 5 E ALLE 6 DEL MATTINO viene pubblicata alle 6.00 DIRETTA RADIO\u00a0 \u00a0\u00a0<\/strong><\/p>\n<\/blockquote>\n<p data-start=\"0\" data-end=\"258\"><strong data-start=\"0\" data-end=\"16\">BUENOS AIRES<\/strong><br data-start=\"16\" data-end=\"19\"\/>Forte esplosione in una zona industriale della capitale argentina: la deflagrazione ha causato un vasto incendio e un significativo dispiegamento di soccorsi. Le autorit\u00e0 stanno verificando la presenza di feriti e l\u2019origine dell\u2019incidente.<\/p>\n<p data-start=\"260\" data-end=\"452\"><strong data-start=\"260\" data-end=\"280\">NOWGAM (KASHMIR) <\/strong>Otto morti in un attentato esplosivo contro una stazione di polizia. In corso le indagini per chiarire modalit\u00e0 e responsabili, in un\u2019area gi\u00e0 segnata da forti tensioni.<\/p>\n<p data-start=\"454\" data-end=\"655\"><strong data-start=\"454\" data-end=\"467\">STOCCOLMA <\/strong>Tragedia alla fermata del bus: un mezzo di linea si \u00e8 schiantato contro la pensilina, causando tre vittime. L\u2019autista potrebbe aver avuto un malore. Diversi i feriti soccorsi sul posto.<\/p>\n<p data-start=\"657\" data-end=\"865\"><strong data-start=\"657\" data-end=\"668\">ARETINO <\/strong>Cinque avvisi di garanzia dopo la morte di un bimbo all\u2019asilo nido. La Procura sta ricostruendo ogni fase dell\u2019accaduto per individuare eventuali responsabilit\u00e0 nella gestione e nella vigilanza.<\/p>\n<p data-start=\"867\" data-end=\"1415\"><strong data-start=\"867\" data-end=\"874\">USA <\/strong>Donald Trump chiede un\u2019indagine sui rapporti tra Jeffrey Epstein e Bill Clinton, rilanciando un tema gi\u00e0 al centro di controversie politiche.<br data-start=\"1018\" data-end=\"1021\"\/>L\u2019ex presidente afferma inoltre di voler puntare alla denuclearizzazione insieme a Russia e Cina e riferisce \u201crisultati eccellenti\u201d da una recente risonanza magnetica. <strong>ECONOMIA<\/strong>\u00a0 annunciata la riduzione dei dazi su carne, pomodori, banane e caff\u00e8.<\/p>\n<p data-start=\"867\" data-end=\"1415\"><strong>LA FDA<\/strong> diffonde nuove avvertenze riguardo a un farmaco per la distrofia muscolare, invitando medici e pazienti alla massima prudenza.<\/p>\n<p data-start=\"1417\" data-end=\"1609\"><strong data-start=\"1417\" data-end=\"1425\">IRAN <\/strong>Arrestata una giovane atleta di taekwondo, Hanieh Shariati Roudposhti: si allenava senza velo. Il caso riaccende le tensioni sul rispetto delle norme imposte alle donne nello sport.<\/p>\n<p data-start=\"1611\" data-end=\"1793\"><strong data-start=\"1611\" data-end=\"1624\">VENEZUELA <\/strong>Nicol\u00e1s Maduro dichiara che il Venezuela \u201cnon sar\u00e0 la Gaza del Sud America\u201d, denunciando pressioni esterne e promettendo una risposta politica e militare determinata<\/p>\n<p><a href=\"https:\/\/www.radiopiu.net\/wordpress\/wp-content\/uploads\/2025\/11\/GIORNALEDELLESEI-13.mp3\" rel=\"nofollow noopener\" target=\"_blank\">https:\/\/www.radiopiu.net\/wordpress\/wp-content\/uploads\/2025\/11\/GIORNALEDELLESEI-13.mp3<\/a><\/p>\n<p>\u00a0<\/p>\n<p>\u00a0<\/p>\n<p><strong>OGNI GIORNO ALLE SETTE DEL MATTINO, LA RASSEGNA STAMPA LOCALE FLASH\u2026 PER CHI VA IN FRETTA. I TITOLI DAI GIORNALI E DAL SITO WWW.RADIOPIU.NET viene pubblicato alle 7.00 DIRETTA RADIO\u00a0<\/strong><\/p>\n<p>per chi va in fretta\u2026 tante notizie in pochi minuti. L\u2019informazione locale alla radio, ogni ora dalle 7 del mattino alle 19 della sera.\u00a0\u00a0<\/p>\n<p><strong data-start=\"0\" data-end=\"62\">Notizie locali dal Bellunese: tra cronaca, eventi e novit\u00e0<\/strong><\/p>\n<p><a href=\"https:\/\/www.radiopiu.net\/wordpress\/wp-content\/uploads\/2025\/11\/GF07-12.mp3\" rel=\"nofollow noopener\" target=\"_blank\">https:\/\/www.radiopiu.net\/wordpress\/wp-content\/uploads\/2025\/11\/GF07-12.mp3<\/a><\/p>\n<p>\u00a0<\/p>\n<p>\u00a0<\/p>\n<blockquote>\n<p><strong>GIORNALE RADIO NAZIONALE, EDIZIONE DELLE SETTE viene pubblicato alle 7.05 DIRETTA RADIO\u00a0<\/strong><\/p>\n<\/blockquote>\n<p><strong>il giornale radionazionale e\u2019 in onda ogni ora, dalle sette del mattino alle venti della sera\u00a0 \u00a0\u00a0<\/strong><\/p>\n<blockquote><p>\n<a class=\"dt-pswp-item\" href=\"https:\/\/www.europesays.com\/it\/wp-content\/uploads\/2025\/07\/download-7.jpg\" data-dt-img-description=\"\" data-large_image_width=\"211\" data-large_image_height=\"239\"><img loading=\"lazy\" decoding=\"async\" class=\" wp-image-435553 alignleft\" src=\"https:\/\/www.europesays.com\/it\/wp-content\/uploads\/2025\/07\/download-7.jpg\" alt=\"\" width=\"186\" height=\"211\"\/><\/a>RADIOPI\u00d9 \u2013 La voce del territorio, lo sguardo sul Paese.\u00a0\n<\/p><\/blockquote>\n<blockquote><p>\n<strong><a class=\"dt-pswp-item\" href=\"https:\/\/www.europesays.com\/it\/wp-content\/uploads\/2025\/07\/download-3.jpg\" data-dt-img-description=\"\" data-large_image_width=\"223\" data-large_image_height=\"226\"><img loading=\"lazy\" decoding=\"async\" class=\"size-full wp-image-434732 alignleft\" src=\"https:\/\/www.europesays.com\/it\/wp-content\/uploads\/2025\/07\/download-3.jpg\" alt=\"\" width=\"223\" height=\"226\"\/><\/a><\/strong>RADIOPI\u00d9 \u2013 Dalle Dolomiti alla pianura, i fatti che segnano la Regione.\n<\/p><\/blockquote>\n<p><a href=\"https:\/\/www.radiopiu.net\/wordpress\/wp-content\/uploads\/2025\/11\/giornale07-12.mp3\" rel=\"nofollow noopener\" target=\"_blank\">https:\/\/www.radiopiu.net\/wordpress\/wp-content\/uploads\/2025\/11\/giornale07-12.mp3<\/a><\/p>\n<p>\u00a0<\/p>\n<p>\u00a0<\/p>\n<p><strong>RASSEGNA STAMPA LOCALE, ORE OTTO<\/strong><br \/>\n<strong> viene\u00a0 <\/strong><strong>pubblicata alle 8.05 DIRETTA RADIO\u00a0 \u00a0<\/strong><strong>DI MIRKO MEZZACASA<\/strong><\/p>\n<p>\u00a0<\/p>\n<p>\u00a0<\/p>\n<p><strong><a class=\"dt-pswp-item\" href=\"https:\/\/www.europesays.com\/it\/wp-content\/uploads\/2025\/07\/ANTENNA.png\" data-dt-img-description=\"\" data-large_image_width=\"300\" data-large_image_height=\"166\"><img loading=\"lazy\" decoding=\"async\" class=\"wp-image-366306 alignright\" src=\"https:\/\/www.europesays.com\/it\/wp-content\/uploads\/2025\/07\/ANTENNA.png\" alt=\"\" width=\"101\" height=\"56\"\/><\/a><a class=\"dt-pswp-item\" href=\"https:\/\/www.europesays.com\/it\/wp-content\/uploads\/2025\/07\/th-17.jpg\" data-dt-img-description=\"\" data-large_image_width=\"224\" data-large_image_height=\"180\"><img loading=\"lazy\" decoding=\"async\" class=\" wp-image-421610 alignleft\" src=\"https:\/\/www.europesays.com\/it\/wp-content\/uploads\/2025\/07\/th-17.jpg\" alt=\"\" width=\"167\" height=\"134\"\/><\/a>ogni sera alle 19 le anticipazioni alla radio, quello che poi seguirete nel TELEGIORNALE BELLUNESE\u00a0 in onda alle 19.30 sul CANALE 10 del digitale terrestre.\u00a0\u00a0<\/strong><\/p>\n<p><b>\u00a0<\/b><\/p>\n<p>\u00a0<\/p>\n<p>\u00a0<\/p>\n<blockquote><p>\nANTICIPAZIONI, DI\u00a0 \u00a0 TIZIANA BOLOGNANI<br \/>\n<a href=\"https:\/\/www.radiopiu.net\/wordpress\/wp-content\/uploads\/2025\/11\/ANTENNA3-11.mp3\" rel=\"nofollow noopener\" target=\"_blank\">https:\/\/www.radiopiu.net\/wordpress\/wp-content\/uploads\/2025\/11\/ANTENNA3-11.mp3<\/a><\/p><\/blockquote>\n<p>\u00a0<\/p>\n<p>\u00a0<\/p>\n<p><a class=\"dt-pswp-item\" href=\"https:\/\/www.europesays.com\/it\/wp-content\/uploads\/2025\/11\/viabilita.jpg\" data-dt-img-description=\"\" data-large_image_width=\"300\" data-large_image_height=\"133\"><img loading=\"lazy\" decoding=\"async\" class=\" wp-image-249569 alignleft\" src=\"https:\/\/www.europesays.com\/it\/wp-content\/uploads\/2025\/11\/viabilita.jpg\" alt=\"\" width=\"124\" height=\"55\"\/><\/a><\/p>\n<p><strong style=\"font-size: 14px;\">LIVINALLONGO <\/strong>La strada provinciale 563 di Salesei, nel tratto compreso tra Pian di Salesei e Costa di Pian, sar\u00e0\u00a0 fino al 28 novembre sar\u00e0 chiusa dalle 8.00 alle 12.40 e\u00a0 dalle 13.40 alle 16.15, dal luned\u00ec al venerd\u00ec.\u00a0<strong>FALCADE<\/strong> \u00a0S.P. 25 \u201cPasso Valles\u201d, nel tratto tra il Bivio Valles e Caverson, fino al 28 novembre sar\u00e0 soggetta a chiusure temporanee per lavori di taglio di piante pericolanti, nei giorni feriali dalle ore 8 alle 12 e dalle 13 alle 16, con chiusure di massimo 30 minuti. <strong style=\"font-size: 14px;\">BELLUNO<\/strong> Fino al 23 dicembre senso unico alternato in via Col Cavalier, divieto di accesso a via Castelet vicino al cantiere.\u00a0<strong>SANTO STEFANO DI CADORE<\/strong> SS52 \u201cCarnica\u201d nelle notti tra 13-14, 17-21 e 24-25 novembre 2025, dalle 22:30 alle 5:30, per la protezione stradale e il prolungamento della galleria Laste. La viabilit\u00e0 rester\u00e0 limitata; i mezzi di emergenza useranno la deviazione \u201cBus de Valle\u201d.<\/p>\n<p>\u00a0<\/p>\n<p>\u00a0<\/p>\n<blockquote><p>\nOBBLIGO DI CATENE O GOMME INVERNALI DAL 15 NOVEMBRE AL 15 APRILE\n<\/p><\/blockquote>\n<p><strong><a class=\"dt-pswp-item\" href=\"https:\/\/www.radiopiu.net\/wordpress\/wp-content\/uploads\/2021\/12\/NEVE-STRADA.jpg\" data-dt-img-description=\"\" data-large_image_width=\"1920\" data-large_image_height=\"1280\" rel=\"nofollow noopener\" target=\"_blank\"><img loading=\"lazy\" decoding=\"async\" class=\" wp-image-247467 alignleft\" src=\"https:\/\/www.europesays.com\/it\/wp-content\/uploads\/2025\/11\/NEVE-STRADA-300x200.jpg\" alt=\"\" width=\"123\" height=\"82\"  \/><\/a>REDAZIONE <\/strong>Si ricorda che fino al 15 aprile \u00e8 obbligatorio avere catene a bordo o pneumatici invernali su diversi tratti delle strade del Veneto pi\u00f9 esposte a neve e ghiaccio. L\u2019obbligo, segnalato da apposita cartellonistica, pu\u00f2 essere esteso anche oltre il periodo indicato in caso di maltempo. Ciclomotori e motocicli possono circolare solo con strade libere da neve o ghiaccio. Il provvedimento rispetta le norme del Codice della Strada.<\/p>\n<p>\u00a0<\/p>\n<p>\u00a0<\/p>\n<blockquote><p>\nDUE INTERVENTI DEL SUEM: A LOZZO DI CADORE E SAN GREGORIO NELLE ALPI\n<\/p><\/blockquote>\n<p><strong><a class=\"dt-pswp-item\" href=\"https:\/\/www.radiopiu.net\/wordpress\/wp-content\/uploads\/2021\/12\/ambulanze-4.jpeg\" data-dt-img-description=\"\" data-large_image_width=\"1600\" data-large_image_height=\"1200\" rel=\"nofollow noopener\" target=\"_blank\"><img loading=\"lazy\" decoding=\"async\" class=\" wp-image-250919 alignleft\" src=\"https:\/\/www.europesays.com\/it\/wp-content\/uploads\/2025\/08\/ambulanze-4-300x225.jpeg\" alt=\"\" width=\"128\" height=\"96\"  \/><\/a>REDAZIONE <\/strong>Ieri la centrale operativa del SUEM 118 di Belluno \u00e8 intervenuta per due distinti episodi traumatici avvenuti nelle aree di San Gregorio nelle Alpi e Lozzo di Cadore. Nel primo caso, un uomo di 82 anni residente a San Gregorio nelle Alpi ha riportato un trauma con ferite gravi. Sul posto sono intervenuti i mezzi di soccorso di Santa Giustina e Feltre. A causa delle condizioni meteo, il supporto aereo \u00e8 stato interrotto, e il paziente \u00e8 stato trasferito all\u2019ospedale di Feltre per le cure necessarie. Un secondo intervento si \u00e8 reso necessario a Lozzo di Cadore, dove un uomo di 77 anni ha subito un trauma con ferite di media gravit\u00e0. L\u2019equipaggio dell\u2019ambulanza di Auronzo ha provveduto al trasporto del paziente all\u2019ospedale di Pieve di Cadore.<\/p>\n<blockquote><p>\n<strong data-start=\"0\" data-end=\"63\">ANZIANO CADE IN GIARDINO, \u00c8 GRAVE<\/strong>\n<\/p><\/blockquote>\n<p><strong data-start=\"0\" data-end=\"63\">SAN GREGORIO NELLE ALPI <\/strong>Un uomo di 82 anni \u00e8 rimasto gravemente ferito dopo essere caduto da circa due metri nel giardino di casa, ieri poco dopo le 13. L\u2019ambulanza di Santa Giustina e quella di Feltre sono intervenute immediatamente; l\u2019elicottero del 118, inizialmente attivato, \u00e8 stato fatto rientrare per il maltempo. L\u2019anziano \u00e8 stato stabilizzato sul posto e trasferito in condizioni critiche all\u2019ospedale Santa Maria del Prato di Feltre.<\/p>\n<p>\u00a0<\/p>\n<p>\u00a0<\/p>\n<blockquote><p>\n<strong data-start=\"0\" data-end=\"58\">\u00a0 MAXI CONTROLLO DEI CARABINIERI CONTRO I FURTI<\/strong>\n<\/p><\/blockquote>\n<p><strong>FELTRE<\/strong> Nel pomeriggio di ieri imponente operazione dei Carabinieri nel Feltrino: numerosi posti di blocco da Fener a Busche fino a Seren del Grappa, con filtraggio meticoloso dei veicoli. L\u2019azione, legata all\u2019ondata di furti recenti e al fermo di un sospetto luned\u00ec sera a Feltre, mira a contrastare i malviventi e garantire sicurezza ai cittadini.<\/p>\n<p>\u00a0<\/p>\n<p>\u00a0<\/p>\n<blockquote><p>\n<strong data-start=\"0\" data-end=\"63\">\u00a0STRADA CHIUSA PER CEDIMENTO, DISAGI PER I RESIDENTI<\/strong>\n<\/p><\/blockquote>\n<p><strong>SOVRAMONTE<\/strong> Durante i lavori di consolidamento \u00e8 crollato un vecchio muro di sostegno e la strada in localit\u00e0 Brenz \u00e8 stata chiusa completamente fino al 28 novembre. L\u2019autobus non pu\u00f2 raggiungere Salzen e si ferma a Croce d\u2019Aune; lo scuolabus anticipa gli orari per affrontare il giro lungo via Faller \u2013 Col Falcon. Per chi non \u00e8 automunito, raggiungere Servo \u00e8 complicato. I residenti sperano in una rapida riapertura. I tecnici confermano che si potr\u00e0 transitare solo dopo la messa in sicurezza di almeno una corsia.<\/p>\n<p>\u00a0<\/p>\n<p>\u00a0<\/p>\n<blockquote><p>\nMAURO GIOVANNI SCHIESARO NUOVO PRIMARIO DI MEDICINA A PIEVE DI CADORE\n<\/p><\/blockquote>\n<p><strong><a class=\"dt-pswp-item\" href=\"https:\/\/www.radiopiu.net\/wordpress\/wp-content\/uploads\/2025\/11\/aed4ad69-fbae-4720-8a79-d2d09d5df6ee.jpg\" data-dt-img-description=\"\" data-large_image_width=\"1600\" data-large_image_height=\"1200\" rel=\"nofollow noopener\" target=\"_blank\"><img loading=\"lazy\" decoding=\"async\" class=\" wp-image-480536 alignleft\" src=\"https:\/\/www.europesays.com\/it\/wp-content\/uploads\/2025\/11\/aed4ad69-fbae-4720-8a79-d2d09d5df6ee-300x225.jpg\" alt=\"\" width=\"131\" height=\"98\"  \/><\/a>PIEVE DI CADORE<\/strong> \u00c8 un cadorino il nuovo primario di Medicina Generale dell\u2019Ospedale di Pieve di Cadore: Mauro Giovanni Schiesaro prende le redini del reparto che presto vedr\u00e0 importanti nuove attivit\u00e0.<\/p>\n<p><strong>DI DANIELE DALVIT<\/strong><\/p>\n<p><a href=\"https:\/\/www.radiopiu.net\/wordpress\/wp-content\/uploads\/2025\/11\/Servizio-Schiesaro-primario-Pieve-e-dati-vaccinazioni.mp3\" rel=\"nofollow noopener\" target=\"_blank\">https:\/\/www.radiopiu.net\/wordpress\/wp-content\/uploads\/2025\/11\/Servizio-Schiesaro-primario-Pieve-e-dati-vaccinazioni.mp3<\/a><\/p>\n<p>\u00a0<\/p>\n<p>\u00a0<\/p>\n<blockquote><p>\nVENETO STRADE: VIA LIBERA AL PIANO NEVE 2025\/2026\n<\/p><\/blockquote>\n<p><strong>VENEZIA <\/strong>Veneto Strade S.p.A. ha approvato il piano operativo per la viabilit\u00e0 invernale 2025\/2026 nel Bellunese, con un investimento complessivo di 4 milioni di euro, rafforzato in vista delle Olimpiadi e Paralimpiadi Milano-Cortina 2026. Il programma prevede la gestione di oltre 900 chilometri di strade regionali e provinciali tramite 182 mezzi specializzati e 80 operatori, distribuiti su 69 tratte affidate a ditte esterne e 11 gestite direttamente. Il servizio copre 14 passi alpini, 11 oltre i 1.500 metri, garantendo interventi tempestivi di sgombero neve e trattamenti antighiaccio grazie a scorte di 5.000 tonnellate di sale e 2.100 di ghiaino. Per i mesi olimpici \u00e8 previsto un potenziamento straordinario con 10 mezzi aggiuntivi, tra cui una nuova fresa e una spazzatrice, per assicurare massima efficienza sulle arterie strategiche come la SR 48 delle Dolomiti, la SP 638 del Passo Giau e la SP 641 del Fedaia. Veneto Strade conferma inoltre il servizio di infomobilit\u00e0 in tempo reale sui passi dolomitici e l\u2019utilizzo del sistema \u201cTracker Neve\u201d, che permette il monitoraggio GPS dei mezzi e il coordinamento centralizzato delle operazioni. L\u2019ente richiama infine gli automobilisti al rispetto dell\u2019obbligo di dotazioni invernali, fondamentale per la sicurezza e la fluidit\u00e0 del traffico.<\/p>\n<p><strong>GIUSEPPE FRANCO, DIRETTORE GENERALE DI VENETO STRADE<\/strong><\/p>\n<p>\u00a0<\/p>\n<p>\u00a0<\/p>\n<p>\u00a0<\/p>\n<blockquote><p>\nUN NUOVO FURGONE PER PETTIROSSO AGORDINO NEI GIORNI DEL COMPLEANNO\n<\/p><\/blockquote>\n<p><strong><a class=\"dt-pswp-item\" href=\"https:\/\/www.radiopiu.net\/wordpress\/wp-content\/uploads\/2025\/11\/7267a95c-b756-4ba4-8ff2-416ec8911320.jpg\" data-dt-img-description=\"\" data-large_image_width=\"1600\" data-large_image_height=\"1200\" rel=\"nofollow noopener\" target=\"_blank\"><img loading=\"lazy\" decoding=\"async\" class=\" wp-image-480567 alignleft\" src=\"https:\/\/www.europesays.com\/it\/wp-content\/uploads\/2025\/11\/7267a95c-b756-4ba4-8ff2-416ec8911320-300x225.jpg\" alt=\"\" width=\"208\" height=\"156\"  \/><\/a>AGORDO<\/strong><\/p>\n<p>DI GIANNI SANTOMASO<\/p>\n<p><a href=\"https:\/\/www.radiopiu.net\/wordpress\/wp-content\/uploads\/2025\/11\/GIANNI-PETTIROSSO-AGORDINO.mp3\" rel=\"nofollow noopener\" target=\"_blank\">https:\/\/www.radiopiu.net\/wordpress\/wp-content\/uploads\/2025\/11\/GIANNI-PETTIROSSO-AGORDINO.mp3<\/a><\/p>\n<p>\u00a0<\/p>\n<p>\u00a0<\/p>\n<p>\u00a0<\/p>\n<p class=\"page-title-breadcrumbs\"><strong class=\"photoswipe-wrapper\"><a class=\"dt-pswp-item pspw-wrap-ready\" href=\"https:\/\/www.europesays.com\/it\/wp-content\/uploads\/2025\/11\/download-8.jpg\" data-dt-img-description=\"\" data-large_image_width=\"224\" data-large_image_height=\"224\"><img loading=\"lazy\" decoding=\"async\" class=\" wp-image-480587 alignleft\" src=\"https:\/\/www.europesays.com\/it\/wp-content\/uploads\/2025\/11\/download-8.jpg\"   alt=\"\" width=\"197\" height=\"197\"\/><\/a>AGORDO<\/strong>\u00a0All\u2019istituto\u00a0<strong data-start=\"100\" data-end=\"121\">Follador De Rossi<\/strong>\u00a0di Agordo e Falcade torna un clima sereno dopo le tensioni dell\u2019era Pacieri. Mentre prosegue il ricorso al TAR \u2013 prima udienza il\u00a0<strong data-start=\"252\" data-end=\"267\">27 novembre<\/strong>\u00a0\u2013 il preside reggente\u00a0<strong data-start=\"290\" data-end=\"310\">Claudio Magalini<\/strong>\u00a0ha riunito collegio docenti e consiglio d\u2019istituto per definire l\u2019organizzazione scolastica, in particolare i rientri pomeridiani. A\u00a0<strong data-start=\"445\" data-end=\"456\">Falcade<\/strong>\u00a0\u00e8 stato approvato quasi all\u2019unanimit\u00e0 un modulo con tre ore di lezione al luned\u00ec pomeriggio, ore da 55 minuti e pausa pranzo ridotta. L\u2019eventuale recupero orario dipender\u00e0 dai dati sui trasporti. Confermata la mensa in convitto per chi rientra, con sorveglianza di un docente. Ad\u00a0<strong data-start=\"738\" data-end=\"748\">Agordo<\/strong>, orario ridotto due giorni a settimana per molte classi, sesta ora il gioved\u00ec per tecnici, professionali e biennio del liceo, mentre il triennio del liceo sportivo manterr\u00e0 due ore pomeridiane come in passato. Si valuta un\u2019aula dedicata al pasto al sacco. Il nuovo orario partir\u00e0\u00a0<strong data-start=\"1030\" data-end=\"1052\">luned\u00ec 24 novembre<\/strong>. Le famiglie del comitato parlano di un lavoro chiaro, trasparente e finalmente condiviso, lodando lo stile collaborativo del preside Magalini e il clima disteso che non si vedeva \u201cda anni\u201d.<\/p>\n<blockquote>\n<\/blockquote>\n<p>\u00a0<\/p>\n<blockquote><p>\nCENA AL BUIO A CASTION: UN\u2019ESPERIENZA CHE UNISCE SOLIDARIET\u00c0 E SENSIBILIZZAZIONE\n<\/p><\/blockquote>\n<p><strong> <a class=\"dt-pswp-item\" href=\"https:\/\/www.europesays.com\/it\/wp-content\/uploads\/2025\/11\/UNINE-ITALIANA-CIECHI.jpg\" data-dt-img-description=\"\" data-large_image_width=\"240\" data-large_image_height=\"189\"><img loading=\"lazy\" decoding=\"async\" class=\" wp-image-480529 alignleft\" src=\"https:\/\/www.europesays.com\/it\/wp-content\/uploads\/2025\/11\/UNINE-ITALIANA-CIECHI.jpg\" alt=\"\" width=\"124\" height=\"98\"\/><\/a>BELLUNO <\/strong>Sabato 8 novembre la sezione provinciale di Belluno dell\u2019Unione Italiana dei Ciechi e degli Ipovedenti ha organizzato, con la preziosa collaborazione del Leo Club di Belluno, una partecipatissima cena al buio presso il ristorante Nogherazza di Castion. I soci non vedenti, protagonisti della serata, hanno ricoperto il ruolo di camerieri, offrendo ai presenti un\u2019esperienza coinvolgente e ricca di significato. L\u2019evento, sostenuto in larga parte dal Leo Club, ha permesso di devolvere parte del ricavato all\u2019UICI per finanziare servizi e attivit\u00e0 rivolti agli associati. Da anni l\u2019UICI di Belluno promuove iniziative di sensibilizzazione, prevenzione e informazione sulla disabilit\u00e0 visiva, tra cui proprio le cene al buio, sempre molto apprezzate dalla cittadinanza. Un sentito ringraziamento va al Leo Club e allo staff del Nogherazza, con l\u2019auspicio di poter proporre presto nuove occasioni di incontro e solidariet\u00e0.<\/p>\n<p>\u00a0<\/p>\n<p>\u00a0<\/p>\n<blockquote><p>\nL\u2019EREDIT\u00c0 STRATEGICA DEI GIOCHI PER IL SISTEMA PAESE\n<\/p><\/blockquote>\n<p><strong><a class=\"dt-pswp-item\" href=\"https:\/\/www.radiopiu.net\/wordpress\/wp-content\/uploads\/2025\/10\/CORTINA-scaled.jpeg\" data-dt-img-description=\"\" data-large_image_width=\"2560\" data-large_image_height=\"1760\" rel=\"nofollow noopener\" target=\"_blank\"><img loading=\"lazy\" decoding=\"async\" class=\" wp-image-476894 alignleft\" src=\"https:\/\/www.europesays.com\/it\/wp-content\/uploads\/2025\/10\/CORTINA-300x206.jpeg\" alt=\"\" width=\"133\" height=\"91\"  \/><\/a>REDAZIONE <\/strong>A 84 giorni dall\u2019apertura dei Giochi, emerge un chiaro beneficio: il Paese ha rafforzato la capacit\u00e0 di progettare e gestire grandi eventi e opere. La collaborazione tra MIT, SIMICO e varie amministrazioni ha portato a procedure pi\u00f9 snelle, coordinamento multilivello e una filiera tecnica pi\u00f9 preparata. L\u2019esperienza olimpica ha accelerato competenze in sicurezza, sostenibilit\u00e0, gestione dei flussi e rispetto delle timeline. Cresce anche l\u2019offerta formativa nazionale sul management degli eventi, con iniziative come quelle della Fondazione Milano Cortina 2026. Terminati i Giochi, resteranno professionalit\u00e0 pi\u00f9 mature e processi pi\u00f9 affidabili.<\/p>\n<p>\u00a0<\/p>\n<p>\u00a0<\/p>\n<blockquote><p>\nINAUGURAZIONE DEL DOLOMITI INNOVATION VALLEY MEDIA SPACE A BELLUNO\n<\/p><\/blockquote>\n<p><strong><a class=\"dt-pswp-item\" href=\"https:\/\/www.radiopiu.net\/wordpress\/wp-content\/uploads\/2021\/05\/CONFINDUSTRIA.png\" data-dt-img-description=\"\" data-large_image_width=\"575\" data-large_image_height=\"575\" rel=\"nofollow noopener\" target=\"_blank\"><img loading=\"lazy\" decoding=\"async\" class=\" wp-image-211858 alignleft\" src=\"https:\/\/www.europesays.com\/it\/wp-content\/uploads\/2025\/08\/CONFINDUSTRIA-300x300.png\" alt=\"\" width=\"86\" height=\"86\"  \/><\/a>BELLUNO <\/strong>Gioved\u00ec 20 novembre alle 15.30, sulla terrazza dell\u2019Hotel Astor in Piazza dei Martiri a Belluno, sar\u00e0 inaugurato il \u201cDolomiti Innovation Valley Media Space\u201d alla presenza del Ministro per lo Sport e i Giovani, Andrea Abodi. Dopo gli interventi delle autorit\u00e0, seguir\u00e0 il taglio del nastro nella sede di Piazza dei Martiri 23. Il Media Space, promosso da Confindustria Belluno Dolomiti con il patrocinio della Fondazione Milano Cortina 2026, sar\u00e0 un punto di riferimento per raccontare e valorizzare innovazione, imprese e comunit\u00e0 delle Dolomiti Bellunesi.<\/p>\n<p>\u00a0<\/p>\n<p>\u00a0<\/p>\n<blockquote><p>\nCONFERENZA STAMPA PER I 70 ANNI DEL CONSORZIO BIM PIAVE\n<\/p><\/blockquote>\n<p><strong><a class=\"dt-pswp-item\" href=\"https:\/\/www.radiopiu.net\/wordpress\/wp-content\/uploads\/2021\/12\/BIM-PIAVE.jpg\" data-dt-img-description=\"\" data-large_image_width=\"420\" data-large_image_height=\"280\" rel=\"nofollow noopener\" target=\"_blank\"><img loading=\"lazy\" decoding=\"async\" class=\" wp-image-249802 alignleft\" src=\"https:\/\/www.europesays.com\/it\/wp-content\/uploads\/2025\/07\/BIM-PIAVE-300x200.jpg\" alt=\"\" width=\"128\" height=\"85\"  \/><\/a>BELLUNO <\/strong>Il Consorzio BIM Piave celebra i 70 anni dalla sua costituzione, avvenuta il 30 dicembre 1955 in attuazione della Legge 959 del 1953 sul sovracanone idroelettrico. L\u2019incontro si terr\u00e0 mercoled\u00ec 19 novembre 2025 alle ore 11.30 nella sala riunioni del Consorzio, in via Masi Simonetti 20 a Belluno. Durante la conferenza verr\u00e0 illustrato il programma degli eventi pensati per delineare le azioni future a favore del territorio bellunese. Saranno inoltre presentati gli Atti del convegno di maggio su \u201cGenerazione e valorizzazione dei Crediti di Carbonio\u201d, tema attuale e primo passo del nuovo percorso strategico.<\/p>\n<p>\u00a0<\/p>\n<p>\u00a0<\/p>\n<blockquote><p>\nPOSTE ITALIANE SUPPORTA LA COLLETTA ALIMENTARE ANCHE A BELLUNO\n<\/p><\/blockquote>\n<p><strong><a class=\"dt-pswp-item\" href=\"https:\/\/www.radiopiu.net\/wordpress\/wp-content\/uploads\/2023\/12\/Poste-Italiane-auto-elettrica.jpg\" data-dt-img-description=\"\" data-large_image_width=\"674\" data-large_image_height=\"370\" rel=\"nofollow noopener\" target=\"_blank\"><img loading=\"lazy\" decoding=\"async\" class=\" wp-image-367682 alignleft\" src=\"https:\/\/www.europesays.com\/it\/wp-content\/uploads\/2025\/11\/Poste-Italiane-auto-elettrica-300x165.jpg\" alt=\"\" width=\"151\" height=\"83\"  \/><\/a>BELLUNO <\/strong>Poste Italiane aderisce anche quest\u2019anno alla Giornata Nazionale della Colletta Alimentare, in programma oggi, mettendo a disposizione in provincia di Belluno un mezzo aziendale a basse emissioni per il trasporto dei prodotti donati nei supermercati aderenti. Un gesto concreto che conferma l\u2019impegno sociale del Gruppo, ispirato ai valori di sostenibilit\u00e0, inclusione e vicinanza alle comunit\u00e0. I veicoli messi a disposizione contribuiranno alla distribuzione degli alimenti alle oltre 7.600 organizzazioni partner di Banco Alimentare, che assistono circa 1.750.000 persone in difficolt\u00e0. Dal 1997 la Colletta Alimentare rappresenta un fondamentale momento di solidariet\u00e0: sar\u00e0 possibile donare prodotti a lunga conservazione in quasi 12.000 supermercati in tutta Italia.<\/p>\n<p>\u00a0<\/p>\n<p>\u00a0<\/p>\n<blockquote><p>\nBELLUNO, CONSEGNATE LE STELLE AL MERITO AI NUOVI MAESTRI DEL LAVORO\n<\/p><\/blockquote>\n<p data-start=\"73\" data-end=\"541\" data-is-last-node=\"\" data-is-only-node=\"\"><a class=\"dt-pswp-item\" href=\"https:\/\/www.radiopiu.net\/wordpress\/wp-content\/uploads\/2025\/11\/Screenshot-2025-11-15-051635.png\" data-dt-img-description=\"\" data-large_image_width=\"620\" data-large_image_height=\"354\" rel=\"nofollow noopener\" target=\"_blank\"><img loading=\"lazy\" decoding=\"async\" class=\"size-medium wp-image-480596 alignleft\" src=\"https:\/\/www.europesays.com\/it\/wp-content\/uploads\/2025\/11\/Screenshot-2025-11-15-051635-300x171.png\" alt=\"\" width=\"300\" height=\"171\"  \/><\/a>In Prefettura premiati i tredici nuovi Maestri del Lavoro, riconoscimento che celebra competenza, seriet\u00e0 e capacit\u00e0 di trasmettere valori alle nuove generazioni. Il console provinciale Giuseppe Colferai evidenzia l\u2019eccellenza del tessuto produttivo bellunese, dall\u2019occhialeria alla meccanica, e il forte legame tra aziende e lavoratori. Belluno continua a distinguersi per numero di insigniti, grazie a dipendenti di alto livello segnalati direttamente dalle imprese.<\/p>\n<p><strong>Gli insigniti di quest\u2019anno:<\/strong> Vittorio Bonetta di Borgo Valbelluna (Ideal Standard), Maria Antonella Calvani di Pieve di Cadore (Galvalux), Sergio Chemello di Belluno (NPE), Lucia Costa di Taibon (Luxottica), Dario Da Canal di Borgo Valbelluna (Agma), Gianni Luigi Dalla Costa di Cesiomaggiore (Deon), Graziella De Bon di Lozzo di Cadore (Trenti industria occhiali), Luigi Paolo Della Lucia di Voltago Agordino (Luxottica), Maria Teresa Funes di San Gregorio nelle Alpi (Unifarco), Paola Maria Furlin di Fonzaso (Manifattura Valcismon), Daniele Gabrieli di Sedico (NPE), Mario Mollo di Sedico (Luxottica) e Dario Pergentino di Alpago (Dolomiti strade).<\/p>\n<p>\u00a0<\/p>\n<blockquote><p>\nLE MANI NELLA TERRA\n<\/p><\/blockquote>\n<p><strong>VALLE DI CADORE<\/strong><\/p>\n<p>DI BARBARA PAOLAZZI<\/p>\n<p>(foto: Serena Gei)<\/p>\n<p><a href=\"https:\/\/www.radiopiu.net\/wordpress\/wp-content\/uploads\/2025\/11\/PAOLAZZI-CON-LE-MANI-NELLA-TERRA.mp3\" rel=\"nofollow noopener\" target=\"_blank\">https:\/\/www.radiopiu.net\/wordpress\/wp-content\/uploads\/2025\/11\/PAOLAZZI-CON-LE-MANI-NELLA-TERRA.mp3<\/a><\/p>\n<p>\u00a0<\/p>\n<dl class=\"gallery-item\">\n<dt class=\"gallery-icon portrait\">\n\t\t\t\t\t<a class=\"rollover rollover-zoom dt-pswp-item\" title=\"e8c88ef7-fc0c-4cf6-b9a8-8da5d8a82c6d\" data-dt-img-description=\"\" data-large_image_width=\"1200\" data-large_image_height=\"1600\" href=\"https:\/\/www.radiopiu.net\/wordpress\/wp-content\/uploads\/2025\/11\/e8c88ef7-fc0c-4cf6-b9a8-8da5d8a82c6d.jpg\" rel=\"nofollow noopener\" target=\"_blank\"><img loading=\"lazy\" decoding=\"async\" width=\"150\" height=\"150\" src=\"https:\/\/www.europesays.com\/it\/wp-content\/uploads\/2025\/11\/e8c88ef7-fc0c-4cf6-b9a8-8da5d8a82c6d-150x150.jpg\" class=\"attachment-thumbnail size-thumbnail\" alt=\"\"\/><\/a>\n\t\t\t\t<\/dt>\n<\/dl>\n<dl class=\"gallery-item\">\n<dt class=\"gallery-icon portrait\">\n\t\t\t\t\t<a class=\"rollover rollover-zoom dt-pswp-item\" title=\"0ea68aef-de98-499c-b602-f7a4c41930b5\" data-dt-img-description=\"\" data-large_image_width=\"1200\" data-large_image_height=\"1600\" href=\"https:\/\/www.radiopiu.net\/wordpress\/wp-content\/uploads\/2025\/11\/0ea68aef-de98-499c-b602-f7a4c41930b5.jpg\" rel=\"nofollow noopener\" target=\"_blank\"><img loading=\"lazy\" decoding=\"async\" width=\"150\" height=\"150\" src=\"https:\/\/www.europesays.com\/it\/wp-content\/uploads\/2025\/11\/0ea68aef-de98-499c-b602-f7a4c41930b5-150x150.jpg\" class=\"attachment-thumbnail size-thumbnail\" alt=\"\"\/><\/a>\n\t\t\t\t<\/dt>\n<\/dl>\n<p><br style=\"clear: both\"\/><\/p>\n<p>\u00a0<\/p>\n<p>\u00a0<\/p>\n<blockquote><p>\nCONSIGLIO COMUNALE DI SELVA DI CADORE E ROCCA PIETORE\n<\/p><\/blockquote>\n<p><strong><a class=\"dt-pswp-item\" href=\"https:\/\/www.radiopiu.net\/wordpress\/wp-content\/uploads\/2022\/03\/254026600_962124181039693_1306450083412456774_n.png\" data-dt-img-description=\"\" data-large_image_width=\"390\" data-large_image_height=\"300\" rel=\"nofollow noopener\" target=\"_blank\"><img loading=\"lazy\" decoding=\"async\" class=\" wp-image-267555 alignleft\" src=\"https:\/\/www.europesays.com\/it\/wp-content\/uploads\/2025\/07\/254026600_962124181039693_1306450083412456774_n-300x231.png\" alt=\"\" width=\"105\" height=\"81\"  \/><\/a><\/strong><strong>SELVA DI CADORE <\/strong>Il Consiglio comunale di Selva di Cadore \u00e8 convocato per marted\u00ec alle 19. All\u2019ordine del giorno: la ratifica della delibera di Giunta n. 61 del 19 settembre relativa alla nona variazione urgente del bilancio di previsione; approvazione della decima variazione al bilancio 2025\/2027; adozione della prima variante al Piano degli Interventi.<\/p>\n<p><strong>ROCCA PIETORE<\/strong> Consiglio Comunale gioved\u00ec alle 18 presso la Sede Municipale. Tra i punti all\u2019ordine del giorno: variazione del bilancio di previsione 2025-2027, approvazione della convenzione con la Provincia di Belluno per le tessere agevolate del trasporto pubblico, modifica del regolamento del Consiglio Comunale e approvazione del regolamento per il conferimento di onorificenze.<\/p>\n<p>\u00a0<\/p>\n<p>\u00a0<\/p>\n<p><strong>Agordo Insieme<\/strong> chiede di trasformare il Polo 0-6 in un istituto pubblico per garantirne sostenibilit\u00e0 e rette accessibili, ringraziando il privato che finora ha sostenuto il servizio. Sul tema si accende il confronto: il consigliere Deola parla di \u201csoldi della Farmacia buttati per l\u2019asilo\u201d, mentre l\u2019assessore Bien ribatte che \u201cil servizio va garantito comunque\u201d. Il sindaco Chissal\u00e8 frena: \u201cPubblico? Molto difficile con questi numeri\u201d.<\/p>\n<blockquote><p>\nAGORDO INSIEME: \u201cIL POLO 0-6 ANNI \u00c8 UN SERVIZIO ESSENZIALE. IMPEGNO COMUNE PER RENDERLO PUBBLICO\u201d\n<\/p><\/blockquote>\n<p><strong>AGORDO<\/strong><\/p>\n<p><a class=\"dt-pswp-item\" href=\"https:\/\/www.radiopiu.net\/wordpress\/wp-content\/uploads\/2025\/11\/asilo-nido-agordo.jpg\" data-dt-img-description=\"\" data-large_image_width=\"1941\" data-large_image_height=\"1456\" rel=\"nofollow noopener\" target=\"_blank\"><img loading=\"lazy\" decoding=\"async\" class=\"size-medium wp-image-480441 alignleft\" src=\"https:\/\/www.europesays.com\/it\/wp-content\/uploads\/2025\/11\/asilo-nido-agordo-300x225.jpg\" alt=\"\" width=\"300\" height=\"225\"  \/><\/a>Yari Masoch, a nome del gruppo di minoranza Agordo Insieme, interviene sul futuro del Polo 0-6 anni, considerato un servizio fondamentale per la comunit\u00e0. Il gruppo intende chiarire la propria posizione dopo il recente Consiglio Comunale, ribadendo che strutture educative di questo tipo, per la loro natura, possono incontrare difficolt\u00e0 nella sostenibilit\u00e0 economica.<\/p>\n<p data-start=\"474\" data-end=\"1027\">Masoch riconosce il ruolo decisivo avuto finora da un\u2019importante impresa privata del territorio, che ha contribuito a mantenere attivo il servizio, ringraziandola per l\u2019impegno e la sensibilit\u00e0 dimostrati. Tuttavia, sottolinea la necessit\u00e0 di guardare con lucidit\u00e0 al futuro: se tale sostegno venisse meno, il Comune dovrebbe affrontare scelte complesse, come un eventuale aumento della pressione fiscale o delle rette per le famiglie. I proventi della Farmacia Comunale, pur positivi, potrebbero non bastare a coprire integralmente i costi di gestione.<\/p>\n<p data-start=\"1029\" data-end=\"1459\">Per questo Agordo Insieme propone di perseguire un impegno condiviso con l\u2019Amministrazione per trasformare il Polo 0-6 in un istituto pubblico, seguendo l\u2019esempio di altri comuni bellunesi dove questa scelta ha garantito stabilit\u00e0 economica e tariffe pi\u00f9 contenute. Una strada che, secondo Masoch, non ha connotazione politica, ma un obiettivo concreto: offrire un servizio di qualit\u00e0, accessibile e sostenibile nel lungo periodo.<\/p>\n<p data-start=\"1461\" data-end=\"1619\" data-is-last-node=\"\" data-is-only-node=\"\">Il gruppo invita infine l\u2019Amministrazione a considerare la proposta come una priorit\u00e0 per il futuro di Agordo, delle sue famiglie e dei cittadini pi\u00f9 giovani.<\/p>\n<blockquote>\n<p>DEOLA \u201cBUTTARE I SOLDI DELLA FARMACIA PER L\u2019ASILO\u201d. BIEN \u201cBASTA BANALIZZARE\u201d\n<\/p><\/blockquote>\n<p><strong><img loading=\"lazy\" decoding=\"async\" class=\"alignleft\" src=\"https:\/\/www.europesays.com\/it\/wp-content\/uploads\/2025\/10\/ed290f40-7d29-4675-8cf9-0210b20495e7.jpg\" width=\"306\" height=\"173\"\/>AGORDO<\/strong> Farmacia e Asilo, entrambi dell\u2019Azienda Municipalizzato Agordo Servizi, l\u2019una guadagna (Farmacia comunale), l\u2019altro (insieme della Scuola Materna e Asilo Nido)\u00a0 presta un servizio importante per la comunit\u00e0 con costi non di poco conto. Per la minoranza, per bocca del consigliere Giancarlo Deola \u201cSi butta via l\u2019utile della Farmacia per sanare il bilancio dell\u2019asilo, e non c\u2019\u00e8 alternativa\u201d.\u00a0L\u2019assessore Cristina Bien pur daccordo mette in evidenza il servizio dell\u2019asilo nido e scuola materna e relativi costi. \u201cC\u2019\u00e8 un servizio da fare, e non ci sono altre soluzioni\u201d.\u00a0Nel dibattito interviene anche il sindaco, Roberto Chissal\u00e8 \u201cButtare via i soldi? Non sono proprio daccordo\u201d<\/p>\n<p>L\u2019auspicio: che la scuola diventi pubblica. \u201cMolto difficile con questi numeri\u201d chiosa Chissal\u00e8<\/p>\n<p>\u00a0<\/p>\n<blockquote>\n<p><strong>SINTESI DEL DIBATTITO AUDIO<\/strong><\/p>\n<\/blockquote>\n<p><a href=\"https:\/\/www.radiopiu.net\/wordpress\/wp-content\/uploads\/2025\/10\/CONSIGLIO-COMUNALE-DI-AGORDO.mp3\" rel=\"nofollow noopener\" target=\"_blank\">https:\/\/www.radiopiu.net\/wordpress\/wp-content\/uploads\/2025\/10\/CONSIGLIO-COMUNALE-DI-AGORDO.mp3<\/a><\/p>\n<p>\u00a0<\/p>\n<p>l\u2019intero consiglio comuanale in podcast- diretta RADIOPIU<\/p>\n<p>\u00a0<\/p>\n<p>\u00a0<\/p>\n<p>IL MERCATO DI CENCENIGHE RINNOVA LA SUA ANIMA: TRA TRADIZIONE, VOLTI AMBULANTI E PROFUMI DEL SABATO MATTINA<\/p>\n<p data-start=\"239\" data-end=\"534\"><strong>CENCENIGHE<\/strong> \u2013 C\u2019\u00e8 un rito che, settimana dopo settimana, continua a scandire la vita del paese: il mercato del sabato mattina. Una tradizione che non solo resiste, ma che oggi si presenta con una veste rinnovata, grazie all\u2019impegno costante degli ambulanti, cuore pulsante di questo appuntamento. Dietro ogni banco c\u2019\u00e8 una storia fatta di sveglie all\u2019alba, viaggi tra valli e passi di montagna, mani che preparano, sistemano, affettano, pesano, sorridono. Gli ambulanti sono i custodi di un patrimonio antico, quello del commercio itinerante, che da sempre unisce comunit\u00e0 e territori. A Cencenighe la loro presenza \u00e8 un segno di vicinanza e continuit\u00e0: persone che conoscono per nome i clienti, che ricordano gusti e abitudini, che offrono non solo prodotti, ma relazione e fiducia. E il mercato di oggi non \u00e8 soltanto un luogo di acquisti: \u00e8 uno spazio che si \u00e8 saputo rinnovare, ampliando l\u2019offerta senza perdere l\u2019autenticit\u00e0 che lo caratterizza. Ogni sabato mattina il centro del paese si trasforma in un variopinto mosaico di colori, profumi e proposte: frutta e verdura freschissima, formaggi genuini, pane e rosticceria country grill, fiori e piante, intimo e tendaggi, abbigliamento e calzature, fino a trovare anche banchi di macchine agricole e utensili per chi lavora la terra. Una variet\u00e0 che racconta un mercato vivo, capace di parlare a tutti: alle famiglie che fanno la spesa settimanale, a chi cerca qualit\u00e0 artigianale, ai giovani attratti dai sapori e dalla socialit\u00e0 del sabato, ai visitatori che scoprono un pezzo autentico di Agordino. Il merito \u00e8 soprattutto degli ambulanti, che con passione e professionalit\u00e0 continuano a investire nel territorio, rendendo il mercato di Cencenighe un appuntamento ricco, funzionale e accogliente. Un presidio sociale prima ancora che commerciale. E allora, come recita lo slogan che accompagna questa nuova stagione: <strong data-start=\"2121\" data-end=\"2223\">\u201cOgni sabato mattina, non mancare: il mercato di Cencenighe ti aspetta con una veste tutta nuova!\u201d <\/strong>Un invito semplice e sincero, che profuma di tradizione e comunit\u00e0. Un appuntamento da vivere, settimana dopo settimana, tra chiacchiere, saluti e quel piacere unico del trovarsi, nel cuore del paese, come si faceva una volta.<\/p>\n<p>GALLERIA FOTO<\/p>\n<p>\u00a0<\/p>\n<p>\u00a0<\/p>\n<p>\u00a0<\/p>\n<blockquote><p>\n<strong data-start=\"0\" data-end=\"66\"><a class=\"dt-pswp-item\" href=\"https:\/\/www.radiopiu.net\/wordpress\/wp-content\/uploads\/2025\/11\/Screenshot-2025-11-15-045819.png\" data-dt-img-description=\"\" data-large_image_width=\"492\" data-large_image_height=\"289\" rel=\"nofollow noopener\" target=\"_blank\"><img loading=\"lazy\" decoding=\"async\" class=\"size-medium wp-image-480584 alignleft\" src=\"https:\/\/www.europesays.com\/it\/wp-content\/uploads\/2025\/11\/Screenshot-2025-11-15-045819-300x176.png\" alt=\"\" width=\"300\" height=\"176\"  \/><\/a>FURSIL, MINIERE HI-TECH: VISITA IMMERSIVA CON REALT\u00c0 AUMENTATA<\/strong>\n<\/p><\/blockquote>\n<p><strong>COLLE SANTA LUCIA<\/strong> Le Miniere del Fursil entrano nel futuro con un nuovo percorso immersivo che unisce storia e tecnologia. Occhiali smart per la Realt\u00e0 aumentata, vecchi carrelli trasformati in un trenino turistico, ricostruzioni 3D e personaggi animati con l\u2019Intelligenza artificiale guidano i visitatori dentro leggende e ambienti sotterranei. Il progetto, promosso dal Comune di Colle Santa Lucia con DMO Dolomiti, Regione e Fondo Comuni Confinanti, offre un\u2019esperienza accessibile e completamente rinnovata. Attraverso gli occhiali AR si potr\u00e0 seguire la storia della Delibana, incontrare i Nani del Ferro e vedere ricostruzioni storiche e paesaggi a 360\u00b0. Il piano di valorizzazione proseguir\u00e0 fino al 2026 con nuovi contenuti multimediali, una torretta panoramica e l\u2019apertura di un secondo tratto di galleria. Una svolta tecnologica che porta nuova vita al patrimonio minerario del Fursil.<\/p>\n<p>\u00a0<\/p>\n<p>\u00a0<\/p>\n<blockquote><p>\nUN NUOVO SPORTELLO PER VIVERE E LAVORARE NEL TERRITORIO\n<\/p><\/blockquote>\n<p><strong><a class=\"dt-pswp-item\" href=\"https:\/\/www.radiopiu.net\/wordpress\/wp-content\/uploads\/2025\/11\/20251017_info-sportello.png\" data-dt-img-description=\"\" data-large_image_width=\"1080\" data-large_image_height=\"1350\" rel=\"nofollow noopener\" target=\"_blank\"><img loading=\"lazy\" decoding=\"async\" class=\" wp-image-480049 alignleft\" src=\"https:\/\/www.europesays.com\/it\/wp-content\/uploads\/2025\/11\/20251017_info-sportello-240x300.png\" alt=\"\" width=\"99\" height=\"124\"  \/><\/a>AGORDO<\/strong> \u00c8 attivo ad Agordo il nuovo sportello \u201cAbitare in Agordino\u201d, punto di riferimento per chi vive, lavora o desidera trasferirsi nel territorio. L\u2019iniziativa, promossa nell\u2019ambito del progetto Interreg Italia\u2013Austria Dolomiti Live, mira a creare una rete di persone, associazioni e servizi per valorizzare le opportunit\u00e0 locali e rispondere ai bisogni della comunit\u00e0. Lo sportello accoglie richieste, promuove la collaborazione e rafforza i legami tra chi cerca e chi offre, secondo il motto \u201cAccogli chi arriva, rafforza chi resta\u201d. \u00c8 aperto luned\u00ec e mercoled\u00ec 15\u201317, marted\u00ec e venerd\u00ec 9\u201312 presso l\u2019Unione Montana Agordina, via 4 Novembre 1918 n.2, 3\u00b0 piano. Contatti: 0437 62390 \u2013 <a class=\"decorated-link cursor-pointer\" rel=\"noopener\" data-start=\"784\" data-end=\"808\" data-is-last-node=\"\">[email\u00a0protected]<\/a><\/p>\n<p>\u00a0<\/p>\n<p>\u00a0<\/p>\n<blockquote><p>\n\u201cRI-PENSARE L\u2019ADOLESCENZA\u201d: INCONTRI PER ADULTI SIGNIFICATIVI\n<\/p><\/blockquote>\n<p><strong><a class=\"dt-pswp-item\" href=\"https:\/\/www.radiopiu.net\/wordpress\/wp-content\/uploads\/2025\/11\/locandina_NO-LOGO.png\" data-dt-img-description=\"\" data-large_image_width=\"1414\" data-large_image_height=\"2000\" rel=\"nofollow noopener\" target=\"_blank\"><img loading=\"lazy\" decoding=\"async\" class=\" wp-image-480102 alignleft\" src=\"https:\/\/www.europesays.com\/it\/wp-content\/uploads\/2025\/11\/locandina_NO-LOGO-212x300.png\" alt=\"\" width=\"73\" height=\"103\"  \/><\/a>BELLUNO<\/strong> Proseguono gli incontri del progetto \u201cRi-pensare l\u2019adolescenza\u201d, rivolto a genitori, educatori e allenatori di ragazzi dagli 11 ai 14 anni, promosso dal Dipartimento Dipendenze in collaborazione con lo Spazio Adolescenti dello IAF. L\u2019iniziativa mira a prevenire comportamenti a rischio e disagio giovanile, rafforzando la consapevolezza del ruolo educativo degli adulti. Gli incontri si terranno a Seren del Grappa \u2013 Casel di Porcen, dalle 20:00 alle 21:30, nelle date del 18 e 25 novembre e 2 dicembre 2025. Partecipazione gratuita, posti limitati a 25. Iscrizioni entro il 16 novembre. Info: 3316780999.<\/p>\n<p>\u00a0<\/p>\n<p>\u00a0<\/p>\n<p><strong data-start=\"0\" data-end=\"72\"><a class=\"dt-pswp-item\" href=\"https:\/\/www.radiopiu.net\/wordpress\/wp-content\/uploads\/2025\/11\/b4a26c64-6c3a-40e9-93f2-f0a7c1c3d816.jpg\" data-dt-img-description=\"\" data-large_image_width=\"1080\" data-large_image_height=\"1350\" rel=\"nofollow noopener\" target=\"_blank\"><img loading=\"lazy\" decoding=\"async\" class=\"wp-image-480582 alignleft\" src=\"https:\/\/www.europesays.com\/it\/wp-content\/uploads\/2025\/11\/b4a26c64-6c3a-40e9-93f2-f0a7c1c3d816-240x300.jpg\" alt=\"\" width=\"169\" height=\"211\"  \/><\/a>LONGARONE ACCOGLIE MAFALDA MINNOZZI: MUSICA E MEMORIA IL 22 NOVEMBRE<\/strong><\/p>\n<p class=\"markdown prose dark:prose-invert w-full break-words dark markdown-new-styling\"><strong>LONGARONE<\/strong>\u00a0 si prepara a vivere una serata speciale sabato <strong data-start=\"131\" data-end=\"151\">22 novembre 2025<\/strong>, quando sul palco del Centro Culturale di Piazza Gonzaga arriver\u00e0 <strong data-start=\"218\" data-end=\"238\">Mafalda Minnozzi<\/strong>, voce italiana amatissima in Brasile e ambasciatrice culturale dal 1996. Con lei il chitarrista <strong data-start=\"335\" data-end=\"349\">Paul Ricci<\/strong>, suo storico collaboratore e protagonista del progetto musicale che unisce jazz, bossa nova e sonorit\u00e0 mediterranee. Il concerto \u201c<strong data-start=\"481\" data-end=\"492\">Meu Rio<\/strong>\u201d, tratto dal successo dell\u2019album <strong data-start=\"526\" data-end=\"540\">\u201cRIOFONIC\u201d<\/strong> \u2013 per oltre 24 settimane nelle classifiche jazz USA \u2013 celebra l\u2019incontro tra due mondi artistici e culturali. Un appuntamento che assume un valore particolare per Longarone, grazie al legame storico con il Brasile e con la comunit\u00e0 di <strong data-start=\"776\" data-end=\"789\">Urussanga<\/strong>, fondata anche da emigranti bellunesi. Alle 21, spazio alla musica: una voce, una chitarra e un viaggio tra emozioni e memorie condivise. Info e prenotazioni: Pro Loco Longarone \u2013 0437 770119 \u2013 <a class=\"decorated-link cursor-pointer\" rel=\"noopener\" data-start=\"1135\" data-end=\"1159\" data-is-last-node=\"\">[email\u00a0protected]\u00a0\u00a0<\/a><\/p>\n<p>\u00a0<\/p>\n<p>\u00a0<\/p>\n<p>\u00a0<\/p>\n<blockquote><p>\nPETTIROSSO AGORDINO: 15 ANNI INSIEME\n<\/p><\/blockquote>\n<p><strong><a class=\"dt-pswp-item\" href=\"https:\/\/www.radiopiu.net\/wordpress\/wp-content\/uploads\/2025\/11\/PETTI-APP.jpg\" data-dt-img-description=\"\" data-large_image_width=\"547\" data-large_image_height=\"789\" rel=\"nofollow noopener\" target=\"_blank\"><img loading=\"lazy\" decoding=\"async\" class=\" wp-image-478765 alignleft\" src=\"https:\/\/www.europesays.com\/it\/wp-content\/uploads\/2025\/11\/PETTI-APP-208x300.jpg\" alt=\"\" width=\"124\" height=\"178\"  \/><\/a>AGORDO\u00a0<\/strong>Un anniversario di emozioni, amicizia e gratitudine: oggi alle 20.30, all\u2019auditorium del Centro Parrocchiale di Agordo, il Pettirosso Agordino festeggia quindici anni di attivit\u00e0 con uno spettacolo speciale. In scena il musical \u201cSolo tre minuti\u201d, interpretato da Gaia Gonella, Riccardo Ciab\u00f2, con Tiziano Gonella al pianoforte e Maira Manzana al violino. Sar\u00e0 un evento aperto a tutti, un momento di musica e condivisione dove il tempo sembra fermarsi, per rivivere insieme la passione e la bellezza di un cammino fatto di incontri e di note. Quindici anni di cuore, arte e comunit\u00e0, raccontati in una serata che promette emozioni autentiche e un grande abbraccio collettivo. Il Pettirosso Agordino vi aspetta per celebrare insieme una storia che continua a volare alto, con la stessa leggerezza e forza di sempre.<\/p>\n<p>\u00a0<\/p>\n<p>\u00a0<\/p>\n<p>\u00a0<\/p>\n<blockquote><p>\nVOCI IN VALLE RIPRENDE LA STAGIONE CONCERTISTICA AUTUNNALE\n<\/p><\/blockquote>\n<p><strong><a class=\"dt-pswp-item\" href=\"https:\/\/www.radiopiu.net\/wordpress\/wp-content\/uploads\/2023\/01\/Schermata-2023-01-04-alle-11.37.29.png\" data-dt-img-description=\"\" data-large_image_width=\"344\" data-large_image_height=\"222\" rel=\"nofollow noopener\" target=\"_blank\"><img loading=\"lazy\" decoding=\"async\" class=\" wp-image-314871 alignleft\" src=\"https:\/\/www.europesays.com\/it\/wp-content\/uploads\/2025\/11\/Schermata-2023-01-04-alle-11.37.29-300x194.png\" alt=\"\" width=\"141\" height=\"91\"  \/><\/a>BELLUNO <\/strong>Dopo una vivace ripresa post-estiva con tre partecipazioni a rassegne corali, il gruppo \u201cVoci in Valle\u201d di Sedico continua la sua stagione autunnale. Oggi alle 20.30, nella chiesa parrocchiale di Roe Alte si esibir\u00e0 con il gruppo vocale \u201cNon \u00e8 tempo\u201d di Bologna, diretto da Massimo Privitera. Il coro ospite proporr\u00e0 brani rinascimentali, liturgici e popolari, mentre \u201cVoci in Valle\u201d, guidato da Bruno Cargnel, Sandro Dal Mas e Marisa Santomaso, aprir\u00e0 la serata. Prossimo appuntamento: 23 novembre a Santa Giustina con il Coro \u201cOio\u201d.<\/p>\n<p>\u00a0<\/p>\n<p>\u00a0<\/p>\n<blockquote><p>\nINNOCENTI, MA NON TROPPO: LA COMMEDIA NOIR DEI COMELIANTI A SOSPIROLO\n<\/p><\/blockquote>\n<p><strong><a class=\"dt-pswp-item\" href=\"https:\/\/www.radiopiu.net\/wordpress\/wp-content\/uploads\/2025\/11\/15nov-Comelianti-col-morto-WA0006.jpg\" data-dt-img-description=\"\" data-large_image_width=\"1600\" data-large_image_height=\"1200\" rel=\"nofollow noopener\" target=\"_blank\"><img loading=\"lazy\" decoding=\"async\" class=\" wp-image-479890 alignleft\" src=\"https:\/\/www.europesays.com\/it\/wp-content\/uploads\/2025\/11\/15nov-Comelianti-col-morto-WA0006-300x225.jpg\" alt=\"\" width=\"123\" height=\"92\"  \/><\/a>SOSPIROLO <\/strong>Oggi alle 20.45, al Centro civico di Sospirolo, il gruppo teatrale I Comelianti presenta la commedia \u201cInnocenti, ma non troppo\u201d, ispirata a \u201cLa congiura degli innocenti\u201d di Hitchcock e diretta da Cristina Gianni. Tra humor nero e ritmo incalzante, la pi\u00e8ce ambientata negli anni \u201950 intreccia equivoci, complicit\u00e0 e colpi di scena in un esilarante \u201cCluedo\u201d teatrale. Ingresso libero, evento promosso dalla Pro loco Monti del Sole con patrocinio comunale.<\/p>\n<p>\u00a0<\/p>\n<p>\u00a0<\/p>\n<blockquote><p>\nLIBERAMENTE IN SCENA: RASSEGNA TEATRALE IN MEMORIA DI MAURIZIO DORIGO\n<\/p><\/blockquote>\n<p><strong><a class=\"dt-pswp-item\" href=\"https:\/\/www.radiopiu.net\/wordpress\/wp-content\/uploads\/2025\/11\/liberamente-tratti-1.jpeg\" data-dt-img-description=\"\" data-large_image_width=\"1600\" data-large_image_height=\"1066\" rel=\"nofollow noopener\" target=\"_blank\"><img loading=\"lazy\" decoding=\"async\" class=\" wp-image-479895 alignleft\" src=\"https:\/\/www.europesays.com\/it\/wp-content\/uploads\/2025\/11\/liberamente-tratti-1-300x200.jpeg\" alt=\"\" width=\"128\" height=\"85\"  \/><\/a>BELLUNO <\/strong>L\u2019associazione Liberamente Tratti Aps presenta la prima rassegna teatrale \u201cLiberamente in scena\u201d all\u2019oratorio Don Bosco di Belluno, il 15, 23 e 30 novembre. Tre commedie brillanti: \u201cAnziani soli?\u2026 magari!!!\u201d (15\/11, Compagnia Instabile Don Bosco), \u201cVacanze forzate\u201d (23\/11, Compagnia del Sorriso) e \u201cBenvenuti a Checchiavau\u201d (30\/11, Compagnia Liberamente Tratti). L\u2019iniziativa, dedicata alla memoria del giornalista Maurizio Dorigo, propone spettacoli esilaranti e riflessivi sul quotidiano. Ingresso aperto a tutti con contributo di 5 euro.<\/p>\n<p>\u00a0<\/p>\n<p>\u00a0<\/p>\n<blockquote><p>\nL\u2019OPZIONE: MEMORIA LADINA TRA SCELTE, DIVISIONI E RESISTENZA\n<\/p><\/blockquote>\n<p><strong><a class=\"dt-pswp-item\" href=\"https:\/\/www.radiopiu.net\/wordpress\/wp-content\/uploads\/2025\/11\/KGHLKHGOPQU.jpg\" data-dt-img-description=\"\" data-large_image_width=\"356\" data-large_image_height=\"243\" rel=\"nofollow noopener\" target=\"_blank\"><img loading=\"lazy\" decoding=\"async\" class=\" wp-image-480344 alignleft\" src=\"https:\/\/www.europesays.com\/it\/wp-content\/uploads\/2025\/11\/KGHLKHGOPQU-300x205.jpg\" alt=\"\" width=\"136\" height=\"93\"  \/><\/a>COLLE SANTA LUCIA <\/strong>Lo spettacolo teatrale L\u2019Opzione, promosso dall\u2019Istitut Cultural Ladin Cesa de Jan e organizzato dall\u2019Associazione Ile Flottante, \u00e8 liberamente ispirato al libro di Luciana Palla \u201cOpzioni guerra e resistenza nelle valli Ladine \u2013 Il diario di Fortunato Favai Livinallongo 1939\u20131945\u201d. L\u2019opera rievoca il dramma delle popolazioni ladine e sudtirolesi, costrette nel 1939 a scegliere tra restare italiane o emigrare nel Reich. La vicenda storica, segnata da lacerazioni familiari e identitarie, rivive attraverso il diario del maestro Fortunato Favai, testimone lucido di quegli anni difficili. Nello spettacolo, l\u2019incontro tra una giornalista e la proprietaria di un albergo di montagna diventa simbolo di dialogo, memoria e riconciliazione. Con regia e interpretazione di Stefania Bogo e Francesca Satta Flores, L\u2019Opzione debutta nelle valli ladine per poi raggiungere scuole e teatri italiani, diffondendo un messaggio di riflessione sui valori della convivenza e della memoria storica. Gli appuntamenti in provincia: <strong>Luned\u00ec 24 novembre ore 20.00, Cortina d\u2019Ampezzo Alexander Girardi Hall, <\/strong><strong>Marted\u00ec 25 novembre ore 20.00, Arabba Sala Congressi<\/strong><\/p>\n<p>\u00a0<\/p>\n<p>\u00a0<\/p>\n<blockquote><p>\n<a class=\"dt-pswp-item\" href=\"https:\/\/www.radiopiu.net\/wordpress\/wp-content\/uploads\/2025\/11\/KNLDSAHGIA.jpg\" data-dt-img-description=\"\" data-large_image_width=\"473\" data-large_image_height=\"843\" rel=\"nofollow noopener\" target=\"_blank\"><img loading=\"lazy\" decoding=\"async\" class=\" wp-image-479145 alignleft\" src=\"https:\/\/www.europesays.com\/it\/wp-content\/uploads\/2025\/11\/KNLDSAHGIA-168x300.jpg\" alt=\"\" width=\"88\" height=\"157\"  \/><\/a>EVENTI PIG E MENTI: DIALOGO TRA MICHELE TISON E RENZO BARBAZZA ALL\u2019ISTITUTO CATULLO\n<\/p><\/blockquote>\n<p><strong>BELLUNO <\/strong>Mercoled\u00ec 19 novembre alle 18, nell\u2019aula magna dell\u2019Istituto Catullo in via Garibaldi a Belluno, si terr\u00e0 un nuovo appuntamento della rassegna <strong>\u201c<\/strong>Eventi Pig e Menti\u201d. L\u2019incontro, dal titolo \u201cINFORME\u201d, proporr\u00e0 un dialogo tra il professor Michele Tison e il dottor Renzo Barbazza, offrendo al pubblico un\u2019occasione di riflessione e confronto sui temi dell\u2019arte, della conoscenza e della forma del pensiero contemporaneo. L\u2019evento, aperto a tutti, prevede ingresso libero e gratuito, ed \u00e8 promosso per favorire la partecipazione e il dibattito culturale nella comunit\u00e0 bellunese.<\/p>\n<p>\u00a0<\/p>\n<p>\u00a0<\/p>\n<blockquote><p>\nLA MISSA SANTA CECILIA\n<\/p><\/blockquote>\n<p><strong><a class=\"dt-pswp-item\" href=\"https:\/\/www.radiopiu.net\/wordpress\/wp-content\/uploads\/2021\/07\/Pieve-di-Livinallongo_Arabba-Fodom-Turismo.jpg\" data-dt-img-description=\"\" data-large_image_width=\"2016\" data-large_image_height=\"1512\" rel=\"nofollow noopener\" target=\"_blank\"><img loading=\"lazy\" decoding=\"async\" class=\" wp-image-222884 alignleft\" src=\"https:\/\/www.europesays.com\/it\/wp-content\/uploads\/2025\/07\/Pieve-di-Livinallongo_Arabba-Fodom-Turismo-300x225.jpg\" alt=\"\" width=\"120\" height=\"90\"  \/><\/a>LIVINALLONGO<\/strong> Sabato 22 novembre, alle ore 18, la chiesa di Pieve di Livinallongo ospiter\u00e0 l\u2019esecuzione della Missa Santa Cecilia di Jacob De Haan. L\u2019opera sar\u00e0 suonata dalla Banda da Fodom e cantata da oltre 60 coristi provenienti dai cori del decanato di Livinallongo. Un evento musicale di grande suggestione, che unisce tradizione e talento locale, offrendo al pubblico un pomeriggio di armonia, cultura e partecipazione collettiva. Tutti gli appassionati di musica sono invitati a partecipare.<\/p>\n<p>\u00a0<\/p>\n<p>\u00a0<\/p>\n<blockquote><p>\nCONCERTO JAZZ E BOSSA NOVA A LONGARONE\n<\/p><\/blockquote>\n<p><strong><a class=\"dt-pswp-item\" href=\"https:\/\/www.radiopiu.net\/wordpress\/wp-content\/uploads\/2025\/11\/KJFBDHLS.jpg\" data-dt-img-description=\"\" data-large_image_width=\"726\" data-large_image_height=\"315\" rel=\"nofollow noopener\" target=\"_blank\"><img loading=\"lazy\" decoding=\"async\" class=\" wp-image-480525 alignleft\" src=\"https:\/\/www.europesays.com\/it\/wp-content\/uploads\/2025\/11\/KJFBDHLS-300x130.jpg\" alt=\"\" width=\"129\" height=\"56\"  \/><\/a>LONGARONE <\/strong>La scuola di musica di Longarone propone un evento speciale aperto al territorio: il concerto della cantante internazionale Mafalda Minnozzi insieme al chitarrista newyorkese Paul Ricci. Jazz e bossa nova si incontrano in una serata unica sabato 22 novembre alle 21.00. Nella stessa giornata si terr\u00e0 anche una masterclass dedicata a cantanti e chitarristi. Le prevendite sono disponibili presso la Pro Loco.<\/p>\n<p>\u00a0<\/p>\n<p>\u00a0<\/p>\n<blockquote><p>\n<a class=\"dt-pswp-item\" href=\"https:\/\/www.radiopiu.net\/wordpress\/wp-content\/uploads\/2025\/11\/9549360e-0ab7-419c-a079-6fb717cbb40b.jpg\" data-dt-img-description=\"\" data-large_image_width=\"1131\" data-large_image_height=\"1600\" rel=\"nofollow noopener\" target=\"_blank\"><img loading=\"lazy\" decoding=\"async\" class=\" wp-image-480575 alignleft\" src=\"https:\/\/www.europesays.com\/it\/wp-content\/uploads\/2025\/11\/9549360e-0ab7-419c-a079-6fb717cbb40b-212x300.jpg\" alt=\"\" width=\"95\" height=\"134\"  \/><\/a>L\u2019OMICIDIO BALDOVIN A CORTINA\n<\/p><\/blockquote>\n<p><strong>CORTINA<\/strong><\/p>\n<p><strong>DI BARBARA PAOLAZZI<\/strong><\/p>\n<p><a href=\"https:\/\/www.radiopiu.net\/wordpress\/wp-content\/uploads\/2025\/11\/PAOLAZZI-LOMICIDIO-BALDOVIN.mp3\" rel=\"nofollow noopener\" target=\"_blank\">https:\/\/www.radiopiu.net\/wordpress\/wp-content\/uploads\/2025\/11\/PAOLAZZI-LOMICIDIO-BALDOVIN.mp3<\/a><\/p>\n<p>\u00a0<\/p>\n<p>\u00a0<\/p>\n<blockquote><p>\nLA SFILATA IN SALA DON TAMIS\n<\/p><\/blockquote>\n<p><strong><a class=\"dt-pswp-item\" href=\"https:\/\/www.radiopiu.net\/wordpress\/wp-content\/uploads\/2021\/07\/SALA-DON-TAMIS.png\" data-dt-img-description=\"\" data-large_image_width=\"1354\" data-large_image_height=\"920\" rel=\"nofollow noopener\" target=\"_blank\"><img loading=\"lazy\" decoding=\"async\" class=\" wp-image-220859 alignleft\" src=\"https:\/\/www.europesays.com\/it\/wp-content\/uploads\/2025\/11\/SALA-DON-TAMIS-300x204.png\" alt=\"\" width=\"124\" height=\"84\"  \/><\/a>AGORDO<\/strong> Domenica 23 novembre alle 17 nella sala Don Tamis di Agordo torna l\u2019evento pi\u00f9 atteso dell\u2019anno: la sfilata \u201cSogno di moda e bellezza\u201d. In passerella gli outfit di Intimo e Moda da Laura e le acconciature firmate Studio Hype Beauty Vittoria. Un pomeriggio all\u2019insegna di eleganza, stile e creativit\u00e0, dove ogni dettaglio diventa magia. Laura e Vittoria invitano tutti a vivere un\u2019esperienza di moda unica e suggestiva, celebrando bellezza e talento in una cornice raffinata.<\/p>\n<p>\u00a0<\/p>\n<p>\u00a0<\/p>\n<blockquote><p>\nA CAVIOLA DI FALCADE LA SAGRA DELLA MADONNA DELLA SALUTE\n<\/p><\/blockquote>\n<p><strong><a class=\"dt-pswp-item\" href=\"https:\/\/www.radiopiu.net\/wordpress\/wp-content\/uploads\/2025\/09\/caviola.jpg\" data-dt-img-description=\"\" data-large_image_width=\"1000\" data-large_image_height=\"663\" rel=\"nofollow noopener\" target=\"_blank\"><img loading=\"lazy\" decoding=\"async\" class=\" wp-image-471724 alignleft\" src=\"https:\/\/www.europesays.com\/it\/wp-content\/uploads\/2025\/11\/caviola-300x199.jpg\" alt=\"\" width=\"124\" height=\"82\"  \/><\/a>FALCADE<\/strong> Torna a Caviola di Falcade la tradizionale Sagra della Madonna della Salute, organizzata dal Gruppo Alpini Cime d\u2019Auta, Parrocchia e Pro Loco di Caviola, in programma da venerd\u00ec 21 a domenica 24 novembre. Tre giorni all\u2019insegna della devozione, dell\u2019amicizia e dei sapori autentici. Venerd\u00ec, alla chiesa della Madonna della Salute, si terranno messe, rosari e momenti di preghiera. Tutti i giorni, dalle 11.15 e dalle 18, sar\u00e0 attiva la cucina tipica, anche da asporto. Sabato pomeriggio dalle 14, spazio al divertimento con la gara di briscola e il concorso di torte \u201cValk de doz\u201d. Domenica dalle 14.30, caccia al tesoro e merenda per i pi\u00f9 giovani. Non mancher\u00e0 la pesca di beneficenza per tutta la durata della sagra.<\/p>\n<p>\u00a0<\/p>\n<blockquote>\n<p>TRUFFE AGLI ANZIANI: COME DIFENDERSI GRAZIE AI CONSIGLI DELL\u2019ARMA DEI CARABINIERI\n<\/p><\/blockquote>\n<p><strong><a class=\"dt-pswp-item\" href=\"https:\/\/www.radiopiu.net\/wordpress\/wp-content\/uploads\/2025\/11\/Immagine-WhatsApp-2025-11-04-ore-15.21.19_0a6df859.jpg\" data-dt-img-description=\"\" data-large_image_width=\"1131\" data-large_image_height=\"1600\" rel=\"nofollow noopener\" target=\"_blank\"><img loading=\"lazy\" decoding=\"async\" class=\" wp-image-478913 alignleft\" src=\"https:\/\/www.europesays.com\/it\/wp-content\/uploads\/2025\/11\/Immagine-WhatsApp-2025-11-04-ore-15.21.19_0a6df859-212x300.jpg\" alt=\"\" width=\"124\" height=\"175\"  \/><\/a>AGORDO <\/strong>Un importante incontro pubblico dedicato alla prevenzione delle truffe agli anziani si terr\u00e0 venerd\u00ec 28 novembre 2025 alle ore 17.00 presso il Centro Parrocchiale Monsignor Vincenzo Savio di Agordo. L\u2019iniziativa, promossa da Auser con il patrocinio del Comune di Agordo, vuole offrire un momento di informazione e formazione rivolto in particolare alla popolazione pi\u00f9 anziana, spesso bersaglio di raggiri e inganni. A guidare l\u2019incontro sar\u00e0 il Maggiore Giovanni Meriano, che illustrer\u00e0 con esempi concreti e consigli pratici come riconoscere e prevenire le principali truffe. Verranno affrontati i casi pi\u00f9 comuni \u2013 dalle false telefonate dei finti parenti in difficolt\u00e0 ai falsi tecnici o rappresentanti \u2013 spiegando come comportarsi e a chi rivolgersi in caso di sospetti. L\u2019obiettivo \u00e8 chiaro: aumentare la consapevolezza e la sicurezza dei cittadini, fornendo strumenti utili per difendersi da chi tenta di approfittarsi della buona fede degli anziani. Un\u2019occasione preziosa per informarsi, confrontarsi e costruire insieme una comunit\u00e0 pi\u00f9 attenta e protetta. L\u2019ingresso \u00e8 libero e tutti sono invitati a partecipare.<\/p>\n<p>\u00a0<\/p>\n<p>\u00a0<\/p>\n<blockquote><p>\nDELITTO IN MINIERA: UNA SERATA TRA GUSTO E MISTERO A RIVAMONTE AGORDINO\n<\/p><\/blockquote>\n<p><strong><a class=\"dt-pswp-item\" href=\"https:\/\/www.radiopiu.net\/wordpress\/wp-content\/uploads\/2025\/11\/1af78908-3ae0-4215-a729-142e13655556.jpg\" data-dt-img-description=\"\" data-large_image_width=\"2048\" data-large_image_height=\"1152\" rel=\"nofollow noopener\" target=\"_blank\"><img loading=\"lazy\" decoding=\"async\" class=\" wp-image-478710 alignleft\" src=\"https:\/\/www.europesays.com\/it\/wp-content\/uploads\/2025\/11\/1af78908-3ae0-4215-a729-142e13655556-300x169.jpg\" alt=\"\" width=\"172\" height=\"97\"  \/><\/a>RIVAMONTE <\/strong>Sabato 29 novembre alle 20, nelle Antiche Miniere di Rivamonte Agordino, si terr\u00e0 \u201cDelitto in Miniera\u201d, una cena con delitto che unisce gusto, mistero e divertimento. Tra piatti prelibati, colpi di scena e sospettati seduti tra i commensali, ogni ospite diventer\u00e0 parte dell\u2019indagine. L\u2019evento, organizzato da Botol Group, promette un\u2019esperienza originale nel suggestivo scenario delle gallerie minerarie. La cena-spettacolo costa 40 euro e la prenotazione \u00e8 obbligatoria entro mercoled\u00ec 26 novembre al numero 379 110 4390. Le Antiche Miniere fanno parte della rete Botol Group, che comprende anche Gusto Pieno e La Fabbrica in Pedavena. In programma anche un Pranzo di Natale e una Cena di Capodanno con DJ set per celebrare le feste tra cucina e musica.<\/p>\n<p>\u00a0<\/p>\n<p>\u00a0<\/p>\n<p>RADIO PIU\u2019 PREMIERE, LE NOVITA\u2019 MUSICALI DEL FINE SETTIMANA<\/p>\n<p><strong>REDAZIONE<\/strong> Radio Pi\u00f9 Premiere \u00e8 il programma del fine settimana che presenta le due principali novit\u00e0 arrivate dalle case discografiche<\/p>\n<p>\u00a0<\/p>\n<p><strong><a class=\"dt-pswp-item\" href=\"https:\/\/www.radiopiu.net\/wordpress\/wp-content\/uploads\/2025\/11\/ffcd8eb2-ef51-485e-9fa6-3a6f3cf5b0e2.jpg\" data-dt-img-description=\"\" data-large_image_width=\"1179\" data-large_image_height=\"566\" rel=\"nofollow noopener\" target=\"_blank\"><img loading=\"lazy\" decoding=\"async\" class=\"size-medium wp-image-480547 alignleft\" src=\"https:\/\/www.europesays.com\/it\/wp-content\/uploads\/2025\/11\/ffcd8eb2-ef51-485e-9fa6-3a6f3cf5b0e2-300x144.jpg\" alt=\"\" width=\"300\" height=\"144\"  \/><\/a>PUNTATA DEL 14 NOVEMBRE 2025<\/strong><\/p>\n<p>Annalisa \u2013 Esibizionista<\/p>\n<p>Subsonica \u2013 Radio Mogadiscio<\/p>\n<p><a href=\"https:\/\/www.radiopiu.net\/wordpress\/wp-content\/uploads\/2025\/11\/MARCONOVITA.mp3\" rel=\"nofollow noopener\" target=\"_blank\">https:\/\/www.radiopiu.net\/wordpress\/wp-content\/uploads\/2025\/11\/MARCONOVITA.mp3<\/a><\/p>\n<p>\u00a0<\/p>\n<p><strong>LA RACCOLTA COMPLETA <a href=\"https:\/\/www.radiopiu.net\/wordpress\/radio-piu-premiere-le-novita-musicali-del-fine-settimana-il-podcast-14-nov\/\" rel=\"nofollow noopener\" target=\"_blank\">CLICCA QUI<\/a><\/strong><\/p>\n<p>\u00a0<\/p>\n<p>\u00a0<\/p>\n<p>\u201cDINTORN E FORA VIA\u201d\u00a0 IL PROGRAMMA\u00a0 A CURA DEL MUSLA\u00a0 <strong>\u00a0 \u00a0<\/strong><\/p>\n<p><strong><a class=\"dt-pswp-item\" href=\"https:\/\/www.radiopiu.net\/wordpress\/wp-content\/uploads\/2024\/04\/file-1.jpg\" data-dt-img-description=\"\" data-large_image_width=\"640\" data-large_image_height=\"640\" rel=\"nofollow noopener\" target=\"_blank\"><img loading=\"lazy\" decoding=\"async\" class=\"wp-image-387869 alignleft\" src=\"https:\/\/www.europesays.com\/it\/wp-content\/uploads\/2025\/10\/file-1-300x300.jpg\" alt=\"\" width=\"130\" height=\"130\"  \/><\/a>PUNTATA DEL 14 NOVEMBRE 2025 ELEONORA TROI<\/strong><\/p>\n<p><a href=\"https:\/\/www.radiopiu.net\/wordpress\/wp-content\/uploads\/2025\/11\/MUSLA-3.mp3\" rel=\"nofollow noopener\" target=\"_blank\">https:\/\/www.radiopiu.net\/wordpress\/wp-content\/uploads\/2025\/11\/MUSLA-3.mp3<\/a><\/p>\n<p>\u00a0<\/p>\n<p><strong>LA RACCOLTA COMPLETA <a href=\"https:\/\/www.radiopiu.net\/wordpress\/musla\/\" rel=\"nofollow noopener\" target=\"_blank\">CLICCA QUI<\/a><\/strong><\/p>\n<p>\u00a0<\/p>\n<p>\u00a0<\/p>\n<p>MUSIC A B C, IL MONDO DELLA MUSICA UNA LETTERA ALLA VOLTA<\/p>\n<p><strong><a class=\"dt-pswp-item\" href=\"https:\/\/www.radiopiu.net\/wordpress\/wp-content\/uploads\/2021\/07\/microfono-radio-ok-768x448-768x448-1.jpg\" data-dt-img-description=\"\" data-large_image_width=\"768\" data-large_image_height=\"448\" rel=\"nofollow noopener\" target=\"_blank\"><img loading=\"lazy\" decoding=\"async\" class=\" wp-image-220632 alignleft\" src=\"https:\/\/www.europesays.com\/it\/wp-content\/uploads\/2025\/09\/microfono-radio-ok-768x448-768x448-1-300x175.jpg\" alt=\"\" width=\"148\" height=\"86\"  \/><\/a>CON MARINA DONA\u2019 E DAVID \u201cATHOS\u201d BEN<\/strong><\/p>\n<p><strong>STAGIONE 2025\/2026<\/strong><\/p>\n<p><strong>PUNATATA DEL 14 NOVEMBRE 2025<\/strong><\/p>\n<p><strong>PRIMA PARTE<\/strong><\/p>\n<p><a href=\"https:\/\/www.radiopiu.net\/wordpress\/wp-content\/uploads\/2025\/10\/GOLD1-4.mp3\" rel=\"nofollow noopener\" target=\"_blank\">https:\/\/www.radiopiu.net\/wordpress\/wp-content\/uploads\/2025\/10\/GOLD1-4.mp3<\/a><\/p>\n<p>\u00a0<\/p>\n<p><strong>SECONDA PARTE<\/strong><\/p>\n<p><a href=\"https:\/\/www.radiopiu.net\/wordpress\/wp-content\/uploads\/2025\/10\/GOLD2-4.mp3\" rel=\"nofollow noopener\" target=\"_blank\">https:\/\/www.radiopiu.net\/wordpress\/wp-content\/uploads\/2025\/10\/GOLD2-4.mp3<\/a><\/p>\n<p>\u00a0<\/p>\n<p><strong>TERZA PARTE<\/strong><\/p>\n<p><a href=\"https:\/\/www.radiopiu.net\/wordpress\/wp-content\/uploads\/2025\/10\/GOLD3-4.mp3\" rel=\"nofollow noopener\" target=\"_blank\">https:\/\/www.radiopiu.net\/wordpress\/wp-content\/uploads\/2025\/10\/GOLD3-4.mp3<\/a><\/p>\n<p>\u00a0<\/p>\n<p><strong>LA RACCOLTA COMPLETA <a href=\"https:\/\/www.radiopiu.net\/wordpress\/music-a-b-c-il-mondo-della-musica-una-lettera-alla-volta-la-raccolta\/\" rel=\"nofollow noopener\" target=\"_blank\">CLICCA QUI<\/a><\/strong><\/p>\n<p>\u00a0<\/p>\n<p>\u00a0<\/p>\n<p>I MILLE PASSI, IL DIARIO DI MORGANA<\/p>\n<p><strong>DI MIRKO MEZZACASA<\/strong><\/p>\n<p>OSPITE: Alice Bettolo<\/p>\n<p><a href=\"https:\/\/www.radiopiu.net\/wordpress\/wp-content\/uploads\/2025\/11\/ALICE-BETTOLO-PRE-PROGRAMMA.mp3\" rel=\"nofollow noopener\" target=\"_blank\">https:\/\/www.radiopiu.net\/wordpress\/wp-content\/uploads\/2025\/11\/ALICE-BETTOLO-PRE-PROGRAMMA.mp3<\/a><\/p>\n<p>\u00a0<\/p>\n<p>\u00a0<\/p>\n<p>\u00a0<\/p>\n<p>I CONSIGLI DI GIANLUCA\u2026DA DOLOMITI BEER &amp; WINE SHOP<\/p>\n<p><strong>14 NOVEMBRE VAL DELLE ROSE MAREMMA TOSCANA IN BOTTIGLIA<\/strong><\/p>\n<p><a class=\"dt-pswp-item\" href=\"https:\/\/www.radiopiu.net\/wordpress\/wp-content\/uploads\/2025\/11\/val-delle-rose.png\" data-dt-img-description=\"\" data-large_image_width=\"1024\" data-large_image_height=\"1024\" rel=\"nofollow noopener\" target=\"_blank\"><img loading=\"lazy\" decoding=\"async\" class=\"wp-image-480482 alignleft\" src=\"https:\/\/www.europesays.com\/it\/wp-content\/uploads\/2025\/11\/val-delle-rose-300x300.png\" alt=\"\" width=\"172\" height=\"172\"  \/><\/a>Nel cuore della Maremma, la tenuta Val delle Rose porta avanti una storia fatta di passione, terroir e innovazione \u2014 scoprila da <b>Dafrom<\/b> in collaborazione con <b>Dolomiti Beer &amp; Wine Shop<\/b>. Con i suoi 185 ettari e una dedizione al vitigno Sangiovese che cresce sui dolci versanti della zona di Scansano, Val delle Rose racconta il \u201cnuovo fronte\u201d della viticoltura italiana.<\/p>\n<p>PAROLA DI GIANLUCA,\u00a0 E\u2019 LA RUBRICA IN ONDA SU RADIOPIU OGNI GIORNO ALLE 7.10, 18.10, 21.50\u2026NOTIZIE CONSIGLI E MOLTA CORDIALIT\u00e0 NEGLI INTERVENTI DI GIANLUCA DAI PUNTI VENDITA DI TAIBON, SEDICO E FELTRE<\/p>\n<p><strong>ALLA RADIO<\/strong><\/p>\n<p><a href=\"https:\/\/www.radiopiu.net\/wordpress\/wp-content\/uploads\/2025\/11\/GWINE1A-6.mp3\" rel=\"nofollow noopener\" target=\"_blank\">https:\/\/www.radiopiu.net\/wordpress\/wp-content\/uploads\/2025\/11\/GWINE1A-6.mp3<\/a><\/p>\n<p>\u00a0<\/p>\n<p><strong>LA RACCOLTA COMPLETA <a href=\"https:\/\/www.radiopiu.net\/wordpress\/parola-di-gianluca10nn\/\" rel=\"nofollow noopener\" target=\"_blank\">CLICCA QUI<\/a><\/strong><\/p>\n<p>\u00a0<\/p>\n<p>\u00a0<\/p>\n<p><a class=\"dt-pswp-item\" href=\"https:\/\/www.europesays.com\/it\/wp-content\/uploads\/2025\/07\/appuntamenti.jpeg\" data-dt-img-description=\"\" data-large_image_width=\"800\" data-large_image_height=\"100\"><img loading=\"lazy\" decoding=\"async\" class=\"wp-image-61958 size-full aligncenter\" src=\"https:\/\/www.europesays.com\/it\/wp-content\/uploads\/2025\/07\/appuntamenti.jpeg\" alt=\"\" width=\"800\" height=\"100\"  \/><\/a><\/p>\n<p>\u00a0<\/p>\n<p class=\"mceTemp\"><a class=\"dt-pswp-item\" href=\"https:\/\/www.europesays.com\/it\/wp-content\/uploads\/2025\/07\/WhatsApp-Image-2018-09-20-at-16.04.06.jpeg\" data-dt-img-description=\"\" data-large_image_width=\"800\" data-large_image_height=\"100\"><img loading=\"lazy\" decoding=\"async\" class=\"wp-image-61378 size-full aligncenter\" src=\"https:\/\/www.europesays.com\/it\/wp-content\/uploads\/2025\/07\/WhatsApp-Image-2018-09-20-at-16.04.06.jpeg\" alt=\"\" width=\"800\" height=\"100\"  \/><\/a><\/p>\n<p>\u00a0<\/p>\n<p><b>OGGI<\/b>Graduale intensificazione della nuvolosit\u00e0 gi\u00e0 dalla notte per nubi medio-alte a partire dalle Prealpi occidentali fino a nuvoloso o molto nuvoloso con qualche breve ed irregolare schiarita.<br \/>\n<b>Precipitazioni: <\/b>Dal mattino aumento della probabilit\u00e0 di piogge molto deboli e intermittenti su Prealpi, generalmente assenti o poco probabili altrove con al pi\u00f9 qualche goccia o pioviggine a tratti su Dolomiti dove saranno un pi\u00f9 probabili nel corso del pomeriggio\/serata<br \/>\n<b>Temperature: <\/b>In quota in generale diminuzione con le minime misurate a fine giornata; nelle valli minime in aumento massime in contenuta diminuzione con un\u2019inversione termica notturna pi\u00f9 attenuata rispetto a venerd\u00ec.<\/p>\n<p><b>DOMANI<\/b>In genere molto nuvoloso o coperto con possibili fenomeni sparsi.<br \/>\n<b>Precipitazioni: <\/b>In mattinata dopo l\u2019alba possibili precipitazioni deboli da locali a sparse sulle Prealpi, generalmente assenti o al pi\u00f9 sporadiche pioviggini sulle Dolomiti anche se non saranno sono del tutto escluse specie nelle prime ore per residue precipitazioni. Nella seconda parte della giornata saranno pi\u00f9 probabili delle precipitazioni da sparse a diffuse<br \/>\n<b>Temperature: <\/b>In lieve o contenuta diminuzione specie in alta montagna con attenuazione dell\u2019inversione termica.<\/p>\n<p><b>LUNEDI<\/b>Tra la notte gran parte della mattinata ancora molto nuvoloso o coperto con precipitazioni da sparse a diffuse con limite neve in ulteriore leggero calo fin sui 1600-1900 m sulle Dolomiti. Nella tarda mattinata attenuazione dei fenomeni e qualche schiarita in un contesto prevalentemente nuvoloso con qualche ulteriore sporadica pioviggine o qualche fiocco di neve a quote medio-alte nel pomeriggio.\u00a0 Temperature in calo anche sensibile le minime in quota e misurate a tutte le quote a fine giornata, salvo rimanere stazionarie le massime in alcune valli.<\/p>\n<p><b>MARTEDI<\/b>Tempo prevalentemente soleggiato con cielo in genere sereno o poco nuvoloso per residua nuvolosit\u00e0 tra la notte e l\u2019alba e per il passaggio di qualche sottile velatura nel pomeriggio; fenomeni assenti. Temperature in diminuzione su valori inferiori alle medie del periodo.<\/p>\n<p>\u00a0<\/p>\n<p>\u00a0<\/p>\n<p class=\"mceTemp\"><a class=\"dt-pswp-item\" href=\"https:\/\/www.europesays.com\/it\/wp-content\/uploads\/2025\/07\/sport.jpg\" data-dt-img-description=\"\" data-large_image_width=\"800\" data-large_image_height=\"100\"><img loading=\"lazy\" decoding=\"async\" class=\"aligncenter wp-image-60761 size-full\" src=\"https:\/\/www.europesays.com\/it\/wp-content\/uploads\/2025\/07\/sport.jpg\" alt=\"\" width=\"800\" height=\"100\"  \/> <\/a><\/p>\n<p>\u00a0<\/p>\n<p><strong>HOCKEY SU GHIACCIO<\/strong><\/p>\n<blockquote><p>\nALLEGHE A TORRE PELLICE PER TORNARE A VINCERE\n<\/p><\/blockquote>\n<p><strong><a class=\"dt-pswp-item\" href=\"https:\/\/www.radiopiu.net\/wordpress\/wp-content\/uploads\/2025\/11\/9ea5be73-ff33-42b2-9574-4a090dcb3bff.jpg\" data-dt-img-description=\"\" data-large_image_width=\"1200\" data-large_image_height=\"628\" rel=\"nofollow noopener\" target=\"_blank\"><img loading=\"lazy\" decoding=\"async\" class=\" wp-image-480516 alignleft\" src=\"https:\/\/www.europesays.com\/it\/wp-content\/uploads\/2025\/11\/9ea5be73-ff33-42b2-9574-4a090dcb3bff-300x157.jpg\" alt=\"\" width=\"183\" height=\"96\"  \/><\/a>DI ROBERTO MIANA, PORTAVOCE DELL\u2019ALLEGHE HOCKEY<\/strong><\/p>\n<p>Dodicesima giornata (1\u00aa del girone di ritorno) del campionato IHL di hockey su ghiaccio. Sabato 15 Novembre alle 20:30 le Civette affrontano la lunga trasferta piemontese di Torre Pellice contro la Valpe. Nel recupero infrasettimanale della decima giornata l\u2019Alleghe si \u00e8 fatto sorprendere da un buon Appiano che ha sbancato il De Toni 4-3. Nella prima frazione l\u2019Alleghe si \u00e8 fatto fin da subito pericoloso riuscendo a sbloccare la gara con Giacomo Alessio grazie ad un tocco sottomisura e raddoppiando poco dopo in contropiede con Diego Iori. In apertura di secondo tempo, alla prima occasione, i Pirati accorciano le distanze. La rete galvanizza gli ospiti che sfruttando un power play pervengono al pareggio. L\u2019Appiano pattina molto e ribalta il risultato portandosi in vantaggio prima della fine del periodo centrale. Nel terzo tempo il copione non cambia e i Basso Atesini calano il poker in doppia superiorit\u00e0 numerica. L\u2019Alleghe non si arrende e accorcia con Patrick Isiguzo ma, nonostante un finale all\u2019arrembaggio, il pareggio alleghese non arriva. Alla vigilia della dodicesima giornata di campionato l\u2019Alleghe rimane terzo in classifica con 22 punti. Il Valpellice ha nei suoi due attaccanti finlandesi Joonas Savolainen e Veeti Vuorio le punte di diamante: autori in dieci gare di un totale di 16 gol e 20 assist. Squadra solida e reparto difensivo dei Bulldogs tra i migliori del torneo, con il venticinquenne goalie Andrea Basraoui che sfiora il 92% di parate. Nell\u2019ultimo turno giocato sabato scorso (nell\u2019infrasettimanale i piemontesi hanno riposato e recupereranno la gara con il Caldaro il 4 dicembre) la Valpe ha espugnato 4-3 il ghiaccio del Feltre, ottenendo cos\u00ec la terza vittoria nelle ultime quattro gare. Piemontesi che continuano la scalata della classifica raggiungendo la settima posizione con 18 punti, ma con una gara da recuperare. Sono 11 i precedenti giocati in IHL tra Alleghe e Valpellice. Il bilancio \u00e8 equilibrato con 6 successi delle Civette e 5 dei Bulldogs. Nell\u2019ultimo incontro giocato in IHL tra le due formazioni in terra piemontese, datato 5 ottobre 2024, si \u00e8 registrata la prima storica vittoria alleghese sul ghiaccio del Cotta Morandini dopo quattro sconfitte consecutive, in una trasferta storicamente molto ostica per la compagine veneta.<\/p>\n<p><strong>HC VALPELLICE BULLDOGS \u2013 ALLEGHE HOCKEY <\/strong>Sabato 15 Novembre ore 20:30 \u2013 Palaghiaccio Cotta Morandini di Torre Pellice (TO)<br \/>Arbitri: Simone Vignolo e Willy Vinicio Volcan con giudici di linea Thomas Brida e Davide Magliano. Collegamenti in DIRETTA RADIOFONICA su Radio Pi\u00f9 (www.radiopiu.net) con \u201chockey al punto giusto\u201d, in studio Marco Gaz e da Torre Pellice interventi di Roberto Miana<\/p>\n<p>\u00a0<\/p>\n<blockquote><p>\nALLEGHE \u2013 APPIANO, LE INTERVISTE DI FINE GARA\n<\/p><\/blockquote>\n<p><strong><a class=\"dt-pswp-item\" href=\"https:\/\/www.radiopiu.net\/wordpress\/wp-content\/uploads\/2025\/11\/bf88584c-5af3-4db1-a2c5-c9763c7c771f.jpg\" data-dt-img-description=\"\" data-large_image_width=\"1600\" data-large_image_height=\"988\" rel=\"nofollow noopener\" target=\"_blank\"><img loading=\"lazy\" decoding=\"async\" class=\" wp-image-480449 alignleft\" src=\"https:\/\/www.europesays.com\/it\/wp-content\/uploads\/2025\/11\/bf88584c-5af3-4db1-a2c5-c9763c7c771f-300x185.jpg\" alt=\"\" width=\"172\" height=\"106\"  \/><\/a>IHL \u2013 RECUPERO 10\u00b0 GIORNATA<\/strong><\/p>\n<p><strong>ALLEGHE \u2013 APPIANO 3-4<\/strong><\/p>\n<p>PARZIALI: 2-0, 0-3, 1-1<\/p>\n<p>GOL: pt. 10\u201938\u201d Alessio, 12\u201917\u201d D. Iori. st. 1\u201911\u201d e 9\u201945\u201d Eruzione, 15\u201915\u201d Amici. tt. 2\u201940\u201d Radin, 6\u201903\u201d Isiguzo<\/p>\n<p>Una sconfitta che brucia per l\u2019Alleghe che perde in casa contro l\u2019Appiano. Di fronte agli oltre 450 spettatori del De Toni, gli agordini giocano bene la prima e la terza frazione. Fatali i 20\u2019 centrali dove gli altoatesini fanno la voce grossa ribaltando il risultato dopo che i biancorossi erano passati in doppio vantaggio. Terzo tempo con i padroni di casa che le provano tutte, accorciano le distanze ma non riescono a pareggiare la sfida. Sabato di nuovo in campo con gli alleghesi in trasferta contro il Valpellice.<\/p>\n<p><strong>LE INTERVISTE DI MATTEO MANFROI<\/strong><\/p>\n<p><a href=\"https:\/\/www.radiopiu.net\/wordpress\/wp-content\/uploads\/2025\/11\/ALLEGHE-APPIANO-SERVIZIO-E-INTERVISTE-MATTEO.mp3\" rel=\"nofollow noopener\" target=\"_blank\">https:\/\/www.radiopiu.net\/wordpress\/wp-content\/uploads\/2025\/11\/ALLEGHE-APPIANO-SERVIZIO-E-INTERVISTE-MATTEO.mp3<\/a><\/p>\n<p>\u00a0<\/p>\n<p><strong>CALCIO<\/strong><\/p>\n<blockquote><p>\nAGORDINA AL GRAN COMPLETO NEL FINE SETTIMANA\n<\/p><\/blockquote>\n<p><a class=\"dt-pswp-item\" href=\"https:\/\/www.europesays.com\/it\/wp-content\/uploads\/2025\/10\/AGORDINA-CALCIO.jpeg\" data-dt-img-description=\"\" data-large_image_width=\"225\" data-large_image_height=\"225\"><img loading=\"lazy\" decoding=\"async\" class=\" wp-image-97575 alignleft\" src=\"https:\/\/www.europesays.com\/it\/wp-content\/uploads\/2025\/10\/AGORDINA-CALCIO.jpeg\" alt=\"\" width=\"109\" height=\"109\"  \/><\/a>Il fine settimana dell\u2019Agordina Calcio si preannuncia ricco di emozioni. I colori bianco-celeste saranno protagonisti su pi\u00f9 fronti. Per la Seconda Categoria, domani alle 14:30, trasferta a Ponte nelle Alpi: la squadra \u00e8 bisognosa di punti per lasciare il penultimo posto in classifica. Oggi alle 16, i Juniores Provinciali ospitano il Cadore Domegge: una prova di forza importante per scalare la classifica e consolidare il morale del gruppo. Gli Allievi Regionali scendono in campo domani alle 10:30 contro il Cavarzano, con l\u2019obiettivo di conquistare punti fondamentali per ritrovare fiducia e motivazione. Infine, i Giovanissimi A affrontano oggi alle 15 la Plavis: dopo due sconfitte consecutive, la squadra deve vincere per restare nella parte alta della classifica e mantenere l\u2019ottimismo.<\/p>\n<p>\u00a0<\/p>\n<p><strong>ATLETICA<\/strong><\/p>\n<blockquote><p>\nAGORDINI IN GRECIA SULLE ORME DELLA SPARTATHLON\n<\/p><\/blockquote>\n<p>con la collaborazione di William Da Roit<\/p>\n<p>Il Team Long Distance Agordino \u00e8 in Grecia per un viaggio che unisce turismo, allenamento e storia ripercorrendo luoghi di gare di corsa leggendarie come la Spartathlon che ha il traguardo posto a Sparta, la Filippide Run di 490 km e la Maratona di Atene, eventi che hanno reso la Grecia una meta significativa per l\u2019intero movimento sportivo dell\u2019ultra running.<br \/>L\u2019ispirazione greca si trasformer\u00e0 presto in una sfida sulla neve. L\u2019intero Team Agordino, a fine gennaio , voler\u00e0 in Giappone per prendere parte ad una competizione di sci di fondo valida per il prestigioso circuito Worldloppet.<br \/>Il Team continua cos\u00ec a portare l\u2019Agordino sulle scene internazionali, dimostrando versatilit\u00e0 e passione, dalla corsa allo sci di fondo sulle lunghe distanze..<\/p>\n<p><a class=\"dt-pswp-item\" href=\"https:\/\/www.radiopiu.net\/wordpress\/wp-content\/uploads\/2025\/11\/b5223996-9ed5-4996-b92a-1a3e6a10061d.jpg\" data-dt-img-description=\"\" data-large_image_width=\"1536\" data-large_image_height=\"2048\" rel=\"nofollow noopener\" target=\"_blank\"><img loading=\"lazy\" decoding=\"async\" class=\"size-medium wp-image-480508 aligncenter\" src=\"https:\/\/www.europesays.com\/it\/wp-content\/uploads\/2025\/11\/b5223996-9ed5-4996-b92a-1a3e6a10061d-225x300.jpg\" alt=\"\" width=\"225\" height=\"300\"  \/>\u00a0<\/a><\/p>\n<p>\u00a0<\/p>\n<p>\u00a0<\/p>\n<p>\u00a0<\/p>\n","protected":false},"excerpt":{"rendered":"******** \u00a0 \u00a0 LA\u00a0 APP PER IOS-IPHONE di Nicola Vettorello https:\/\/apps.apple.com\/it\/app\/radio-pi%C3%B9-emittente-agordina\/id1515939845 LA\u00a0 APP RADIO\u00a0 PER ANDROID di Nicola&hellip;\n","protected":false},"author":3,"featured_media":215786,"comment_status":"","ping_status":"","sticky":false,"template":"","format":"standard","meta":{"footnotes":""},"categories":[1443],"tags":[203,204,1537,90,89,1538,1539],"class_list":{"0":"post-215785","1":"post","2":"type-post","3":"status-publish","4":"format-standard","5":"has-post-thumbnail","7":"category-musica","8":"tag-entertainment","9":"tag-intrattenimento","10":"tag-it","11":"tag-italia","12":"tag-italy","13":"tag-music","14":"tag-musica"},"share_on_mastodon":{"url":"https:\/\/pubeurope.com\/@it\/115552417356020219","error":""},"_links":{"self":[{"href":"https:\/\/www.europesays.com\/it\/wp-json\/wp\/v2\/posts\/215785","targetHints":{"allow":["GET"]}}],"collection":[{"href":"https:\/\/www.europesays.com\/it\/wp-json\/wp\/v2\/posts"}],"about":[{"href":"https:\/\/www.europesays.com\/it\/wp-json\/wp\/v2\/types\/post"}],"author":[{"embeddable":true,"href":"https:\/\/www.europesays.com\/it\/wp-json\/wp\/v2\/users\/3"}],"replies":[{"embeddable":true,"href":"https:\/\/www.europesays.com\/it\/wp-json\/wp\/v2\/comments?post=215785"}],"version-history":[{"count":0,"href":"https:\/\/www.europesays.com\/it\/wp-json\/wp\/v2\/posts\/215785\/revisions"}],"wp:featuredmedia":[{"embeddable":true,"href":"https:\/\/www.europesays.com\/it\/wp-json\/wp\/v2\/media\/215786"}],"wp:attachment":[{"href":"https:\/\/www.europesays.com\/it\/wp-json\/wp\/v2\/media?parent=215785"}],"wp:term":[{"taxonomy":"category","embeddable":true,"href":"https:\/\/www.europesays.com\/it\/wp-json\/wp\/v2\/categories?post=215785"},{"taxonomy":"post_tag","embeddable":true,"href":"https:\/\/www.europesays.com\/it\/wp-json\/wp\/v2\/tags?post=215785"}],"curies":[{"name":"wp","href":"https:\/\/api.w.org\/{rel}","templated":true}]}}