{"id":215961,"date":"2025-11-15T09:29:11","date_gmt":"2025-11-15T09:29:11","guid":{"rendered":"https:\/\/www.europesays.com\/it\/215961\/"},"modified":"2025-11-15T09:29:11","modified_gmt":"2025-11-15T09:29:11","slug":"israel-premier-tech-chris-froome-non-e-stato-confermato-per-il-2026-si-avvicina-il-ritiro","status":"publish","type":"post","link":"https:\/\/www.europesays.com\/it\/215961\/","title":{"rendered":"Israel-Premier Tech, Chris Froome non \u00e8 stato confermato per il 2026. Si avvicina il ritiro?"},"content":{"rendered":"<p>\t\t\t\t\t<a href=\"https:\/\/cyclingpro.net\/spaziociclismo\/altro\/scopri-lapp-ufficiale-di-spaziociclismo\/\" title=\"\" rel=\"nofollow noopener\" target=\"_blank\"><br \/>\n\t\t\t\t\t\t<img loading=\"lazy\" decoding=\"async\" src=\"https:\/\/www.europesays.com\/it\/wp-content\/uploads\/2025\/09\/1758060682_662_Banner-App-SpazioCiclismo.png\" alt=\"\" width=\"728\" height=\"91\"\/><br \/>\n\t\t\t\t\t<\/a><\/p>\n<p><strong>Chris Froome\u00a0<\/strong>non fa pi\u00f9 parte dei piani dell\u2019<a href=\"https:\/\/cyclingpro.net\/spaziociclismo\/continental\/israel-premier-tech-il-general-manager-kjell-calstrom-scrive-ai-corridori-laddio-di-premier-tech-non-cambia-il-2026\/\" target=\"_blank\" rel=\"noopener nofollow\"><strong>Israel-Premier Tech<\/strong><\/a>. Il corridore britannico aveva scelto la formazione israeliana per provare a rilanciare la sua carriera dopo il terribile incidente patito nel 2019, quando stava facendo una ricognizione per una cronometro individuale del Giro del Delfinato. Nel 2021, il classe \u201985 ha iniziato la nuova avventura con la squadra, con cui non \u00e8 mai riuscito a tornare ai livelli precedenti. Nonostante l\u2019inglese abbia continuato a credere nel sogno del quinto Tour de France, che lo avrebbe appaiato ai grandissimi della storia nel ciclismo, i risultati non sono mai stati vicini a quanto aveva fatto vedere fino al 2018. E a quarant\u2019anni compiuti potrebbe anche essere arrivata la parola fine sulla sua carriera.<\/p>\n<p>Nella serata di venerd\u00ec 14 novembre infatti la\u00a0<strong>Israel-Premier Tech\u00a0<\/strong>(che cambier\u00e0 sicuramente nome nel 2026 per l\u2019assenza di entrambi i main sponsor) ha pubblicato sui propri social network un post in cui parla del suo 2026. Nel contenuto si legge: \u201cLa stagione 2026 \u00e8 dietro l\u2019angolo e un nuovo capitolo ci aspetta! Con i preparativi per l\u2019imminente stagione, saremo offline per un po\u2019 da domani, sabato 15 novembre, prima di tornare a svelare il nuovo nome e la nuova identit\u00e0 della squadra. Rimanete sintonizzati! Prima di questo, vogliamo cogliere l\u2019occasione per ringraziare il nostro staff in partenza per tutto il loro duro lavoro e, ovviamente, i corridori in partenza: Pascal Ackermann, Chris Froome, Riley Pickrell, Matthew Riccitello, Michael Schwarzmann e Mike Woods. Grazie per i ricordi degli ultimi anni, vi aspettiamo in gruppo il prossimo anno o ovunque vi porter\u00e0 il prossimo capitolo!\u201d.<\/p>\n<p>I corridori citati, dunque, non hanno rinnovato il contratto per il 2026. Molti di loro si sono gi\u00e0 accasati:\u00a0<a href=\"https:\/\/cyclingpro.net\/spaziociclismo\/ciclomercato\/jayco-alula-due-anni-di-contratto-per-il-tedesco-pascal-ackermann\/\" target=\"_blank\" rel=\"noopener nofollow\"><strong>Pascal Ackermann\u00a0<\/strong>alla Jayco-AlUla<\/a>,\u00a0<a href=\"https:\/\/cyclingpro.net\/spaziociclismo\/continental\/modern-adventure-21-corridori-nel-roster-della-nuova-squadra-professional-usa-ci-sono-anche-leo-hayter-e-stefan-de-bod\/\" target=\"_blank\" rel=\"noopener nofollow\"><strong>Riley Pickrell<\/strong> alla Modern Adventure<\/a> e\u00a0<a href=\"https:\/\/cyclingpro.net\/spaziociclismo\/ciclomercato\/decathlon-cma-cgm-ufficiale-larrivo-di-matthew-riccitello-questa-squadra-puo-aiutarmi-a-raggiungere-il-mio-massimo-potenziale\/\" target=\"_blank\" rel=\"noopener nofollow\"><strong>Matthew Riccitello\u00a0<\/strong>alla Decathlon CMA<\/a>.\u00a0<a href=\"https:\/\/cyclingpro.net\/spaziociclismo\/ciclomercato\/israel-premier-tech-mike-woods-annuncia-il-ritiro-a-fine-stagione-tutte-le-cose-belle-arrivano-a-una-fine\/\" rel=\"nofollow noopener\" target=\"_blank\"><strong>Michael Woods<\/strong><\/a>, dal canto suo, ha da tempo annunciato che questa sarebbe stata la sua ultima stagione da professionista. Sul futuro di\u00a0<strong>Michael Schwarzmann<\/strong> e, soprattutto, di\u00a0<strong>Chris Froome<\/strong>, per\u00f2, non ci sono certezze di alcun tipo.<\/p>\n<p>Il britannico a fine agosto <a href=\"https:\/\/cyclingpro.net\/spaziociclismo\/vetrina\/israel-premiertech-chris-froome-gravemente-ferito-dopo-un-incidente-in-allenamento\/\" rel=\"nofollow noopener\" target=\"_blank\">\u00e8 stato vittima di un terribile incidente in allenamento<\/a>, dove ha riportato cinque costole rotte, uno pneumotorace e una frattura alla vertebra lombare. Attualmente si trova in fase di riabilitazione e non ha ancora fatto dichiarazioni di alcun tipo sul suo futuro. \u00c8 per\u00f2 evidente che a 40 anni compiuti questo nuovo incidente rappresenta un limite non indifferente per la ripresa della carriera, dopo sei anni gi\u00e0 molto difficili dal punto di vista sportivo. Con l\u2019annuncio della\u00a0<strong>Israel-Premier Tech<\/strong>,\u00a0<strong>Chris Froome\u00a0<\/strong>\u00e8 ufficialmente senza contratto e le possibilit\u00e0 che riesca a trovarne uno nuovo per la prossima stagione non sono particolarmente alte. Ecco perch\u00e9 l\u2019ipotesi di un suo\u00a0<strong>ritiro<\/strong> resta abbastanza concreta, a meno che il\u00a0<strong>ciclomercato\u00a0<\/strong>porti delle novit\u00e0 che, in questo momento, sembrano piuttosto improbabili.<\/p>\n","protected":false},"excerpt":{"rendered":"Chris Froome\u00a0non fa pi\u00f9 parte dei piani dell\u2019Israel-Premier Tech. Il corridore britannico aveva scelto la formazione israeliana per&hellip;\n","protected":false},"author":3,"featured_media":215962,"comment_status":"","ping_status":"","sticky":false,"template":"","format":"standard","meta":{"footnotes":""},"categories":[1456],"tags":[30614,1824,1825,20856,1537,90,89,245,244],"class_list":{"0":"post-215961","1":"post","2":"type-post","3":"status-publish","4":"format-standard","5":"has-post-thumbnail","7":"category-ciclismo","8":"tag-chris-froome","9":"tag-ciclismo","10":"tag-cycling","11":"tag-israel-premier-tech-2025","12":"tag-it","13":"tag-italia","14":"tag-italy","15":"tag-sport","16":"tag-sports"},"share_on_mastodon":{"url":"https:\/\/pubeurope.com\/@it\/115553014124998072","error":""},"_links":{"self":[{"href":"https:\/\/www.europesays.com\/it\/wp-json\/wp\/v2\/posts\/215961","targetHints":{"allow":["GET"]}}],"collection":[{"href":"https:\/\/www.europesays.com\/it\/wp-json\/wp\/v2\/posts"}],"about":[{"href":"https:\/\/www.europesays.com\/it\/wp-json\/wp\/v2\/types\/post"}],"author":[{"embeddable":true,"href":"https:\/\/www.europesays.com\/it\/wp-json\/wp\/v2\/users\/3"}],"replies":[{"embeddable":true,"href":"https:\/\/www.europesays.com\/it\/wp-json\/wp\/v2\/comments?post=215961"}],"version-history":[{"count":0,"href":"https:\/\/www.europesays.com\/it\/wp-json\/wp\/v2\/posts\/215961\/revisions"}],"wp:featuredmedia":[{"embeddable":true,"href":"https:\/\/www.europesays.com\/it\/wp-json\/wp\/v2\/media\/215962"}],"wp:attachment":[{"href":"https:\/\/www.europesays.com\/it\/wp-json\/wp\/v2\/media?parent=215961"}],"wp:term":[{"taxonomy":"category","embeddable":true,"href":"https:\/\/www.europesays.com\/it\/wp-json\/wp\/v2\/categories?post=215961"},{"taxonomy":"post_tag","embeddable":true,"href":"https:\/\/www.europesays.com\/it\/wp-json\/wp\/v2\/tags?post=215961"}],"curies":[{"name":"wp","href":"https:\/\/api.w.org\/{rel}","templated":true}]}}