{"id":216608,"date":"2025-11-15T19:00:31","date_gmt":"2025-11-15T19:00:31","guid":{"rendered":"https:\/\/www.europesays.com\/it\/216608\/"},"modified":"2025-11-15T19:00:31","modified_gmt":"2025-11-15T19:00:31","slug":"alla-scoperta-della-miglior-continental-e-in-repubblica-ceca","status":"publish","type":"post","link":"https:\/\/www.europesays.com\/it\/216608\/","title":{"rendered":"Alla scoperta della miglior Continental. E\u2019 in Repubblica Ceca"},"content":{"rendered":"<p class=\"\">Finita la stagione \u00e8 tempo di consuntivi e analizzando il ranking Uci emerge un\u2019autentica sorpresa. Si parla sempre delle squadre del WorldTour, ma qual \u00e8 la continental pi\u00f9 in alta nella classifica? <strong>La vetta va all\u2019<a href=\"https:\/\/www.attcycling.cz\/en\" target=\"_blank\" rel=\"noreferrer noopener nofollow\">ATT Investments<\/a>, capace di chiudere al 32\u00b0 posto<\/strong>, appena dietro alle nostre Professional <a href=\"https:\/\/www.vfgroupbardianicsffaizane.com\/\" target=\"_blank\" rel=\"noreferrer noopener nofollow\">VF Group Bardiani<\/a> e <a href=\"https:\/\/www.solutiontechvinifantini.it\/\" target=\"_blank\" rel=\"noreferrer noopener nofollow\">Solution Tech-Vini Fantini<\/a> e beffando gli italo-giapponesi del <a href=\"https:\/\/bici.pro\/news\/professionisti\/boaro-cambiato-team-ukyo-2025\" target=\"_blank\" rel=\"noreferrer noopener nofollow\">Team Ukyo<\/a> a dispetto delle loro tante vittorie.<\/p>\n<p><img loading=\"lazy\" decoding=\"async\" width=\"1009\" height=\"500\" src=\"data:image\/svg+xml,%3Csvg%20xmlns=\" http:=\"\" alt=\"Otakar Fiala, a capo dello staff di direttori sportivi dell'ATT Investments\" class=\"wp-image-443852\" data-lazy- data-lazy- data-lazy-src=\"https:\/\/www.europesays.com\/it\/wp-content\/uploads\/2025\/11\/ATT-Fiala-img_dk.jpg\"\/>Otakar Fiala, a capo dello staff di direttori sportivi dell\u2019ATT Investments<\/p>\n<p><img loading=\"lazy\" decoding=\"async\" width=\"559\" height=\"745\" src=\"data:image\/svg+xml,%3Csvg%20xmlns=\" http:=\"\" alt=\"Otakar Fiala, a capo dello staff di direttori sportivi dell'ATT Investments\" class=\"wp-image-443851\" data-lazy- data-lazy- data-lazy-src=\"https:\/\/www.europesays.com\/it\/wp-content\/uploads\/2025\/11\/ATT-Fiala-.jpg\"\/>Otakar Fiala, a capo dello staff di direttori sportivi dell\u2019ATT Investments<\/p>\n<p>Un riferimento per l\u2019Est europeo<\/p>\n<p class=\"\">Un successo che ha destato molta curiosit\u00e0 intorno al team di riferimento del ciclismo ceco, ma guardando il suo roster si scopre innanzitutto che <strong>la formazione fa un po\u2019 da calamita per molti ciclisti di spessore di tutto l\u2019Est europeo<\/strong>, quelli che per una ragione o per l\u2019altra non sono riusciti a trovare spazio fra i professionisti o ne sono usciti. Un esempio? <strong>Barnabas Peak<\/strong>, l\u2019ungherese che ha ritrovato l\u2019attivit\u00e0 nel finale di stagione grazie a loro e il prossimo anno rafforzer\u00e0 la <a href=\"https:\/\/www.mbhbankballancsbcolpack.com\/\" target=\"_blank\" rel=\"noreferrer noopener nofollow\">MBH Bank<\/a> nel suo approdo fra le Professional.<\/p>\n<p class=\"\">Qual \u00e8 la storia dell\u2019ATT Investments? A raccontarla \u00e8 il suo diesse <strong>Otakar Fiala<\/strong>: \u00ab<strong>La nostra squadra \u00e8 stata fondata una decina di anni fa per supportare i giovani talenti della Repubblica Ceca<\/strong> e, nel tempo, anche dei Paesi limitrofi. A noi interessa riuscire a dare spazio ai giovani talenti per consentirgli di <strong>accumulare esperienza e approcciarsi nella maniera migliore alle categorie maggiori.<\/strong> Vogliamo lanciare la loro carriera, per questo li facciamo gareggiare in tutta Europa, per confrontarsi con quelli che un domani potranno essere i loro compagni di squadra\u00bb.<\/p>\n<p><img loading=\"lazy\" decoding=\"async\" width=\"1009\" height=\"500\" src=\"data:image\/svg+xml,%3Csvg%20xmlns=\" http:=\"\" alt=\"La squadra boema ha iniziato la sua attivit\u00e0 nel 2014 ed \u00e8 Continental dal 2020\" class=\"wp-image-443850\" data-lazy- data-lazy- data-lazy-src=\"https:\/\/www.europesays.com\/it\/wp-content\/uploads\/2025\/11\/ATT-storia-img_dk.jpg\"\/>La squadra boema ha iniziato la sua attivit\u00e0 nel 2014 ed \u00e8 continental dal 2020<\/p>\n<p><img loading=\"lazy\" decoding=\"async\" width=\"559\" height=\"745\" src=\"data:image\/svg+xml,%3Csvg%20xmlns=\" http:=\"\" alt=\"La squadra boema ha iniziato la sua attivit\u00e0 nel 2014 ed \u00e8 Continental dal 2020\" class=\"wp-image-443849\" data-lazy- data-lazy- data-lazy-src=\"https:\/\/www.europesays.com\/it\/wp-content\/uploads\/2025\/11\/ATT-storia-img_mb.jpg\"\/>La squadra boema ha iniziato la sua attivit\u00e0 nel 2014 ed \u00e8 continental dal 2020<\/p>\n<p>Vi aspettavate di diventare la migliore squadra continental della stagione? Era questo il vostro obiettivo?<\/p>\n<p class=\"\">Il nostro obiettivo principale era vincere lo Europe Tour. Il fatto che siamo riusciti a concludere la stagione come prima squadra Continental in assoluto \u00e8 un grande riconoscimento del nostro lavoro in prospettiva. <strong>Noi siamo approdati a questa categoria nel 2020, \u00e8 stato un passo importante che conferma come sin dall\u2019inizio abbiamo sempre lavorato con obiettivi a lungo termine<\/strong>. Per noi questo primato \u00e8 la conferma che ci stiamo muovendo nella giusta direzione.<\/p>\n<p>Il vostro roster \u00e8 composto esclusivamente da corridori dell\u2019Europa orientale: \u00e8 stata una decisione intenzionale?<\/p>\n<p class=\"\">S\u00ec, fa proprio parte del DNA del nostro team. <strong>I nostri corridori provengono in principal modo dalla Repubblica Ceca e dai Paesi limitrofi<\/strong>, dove nel corso degli anni abbiamo costruito una solida rete di contatti e una profonda conoscenza del contesto locale. E\u2019 importante per noi, come spiegato, essere un trampolino versi i grandi team, possibilmente del WorldTour. Diciamo che <strong>possiamo essere una valida alternativa ai devo team<\/strong>, a maggior ragione ora con il prestigio derivante dai nostri risultati.<\/p>\n<p><img loading=\"lazy\" decoding=\"async\" width=\"1009\" height=\"500\" src=\"data:image\/svg+xml,%3Csvg%20xmlns=\" http:=\"\" alt=\"Alcuni ragazzi del team per il 2026 durante il primo raduno svolto la scorsa settimana con passeggiate nei boschi\" class=\"wp-image-443847\" data-lazy- data-lazy- data-lazy-src=\"https:\/\/www.europesays.com\/it\/wp-content\/uploads\/2025\/11\/ATT-ritiro-img_dk.jpg\"\/>Alcuni ragazzi del team per il 2026 durante il primo raduno svolto la scorsa settimana con passeggiate nei boschi<\/p>\n<p><img loading=\"lazy\" decoding=\"async\" width=\"559\" height=\"745\" src=\"data:image\/svg+xml,%3Csvg%20xmlns=\" http:=\"\" alt=\"Alcuni ragazzi del team per il 2026 durante il primo raduno svolto la scorsa settimana\" class=\"wp-image-443848\" data-lazy- data-lazy- data-lazy-src=\"https:\/\/www.europesays.com\/it\/wp-content\/uploads\/2025\/11\/ATT-ritiro-img_mb.jpg\"\/>Alcuni ragazzi del team per il 2026 durante il primo raduno svolto la scorsa settimana con passeggiate nei boschi<\/p>\n<p>Quanto \u00e8 importante il vostro lavoro per lo sviluppo del ciclismo ceco e qual \u00e8 il vostro rapporto con la federazione nazionale?<\/p>\n<p class=\"\">Siamo un importante ponte tra le categorie juniores ed \u00e9lite. Un punto focale della nostra attivit\u00e0 \u00e8 <strong>dare ai giovani ciclisti l\u2019opportunit\u00e0 di continuare a crescere rimanendo nel loro ambiente di origine<\/strong> pur uscendo dalla loro \u201ccomfort zone\u201d attraverso un\u2019attivit\u00e0 internazionale di alto livello. Collaboriamo con la <a href=\"https:\/\/www.czechcyclingfederation.com\/en\" target=\"_blank\" rel=\"noreferrer noopener nofollow\">Federazione Ciclistica Ceca<\/a> principalmente attraverso progetti per le squadre nazionali.<\/p>\n<p>Quali sono stati i momenti salienti della vostra stagione?<\/p>\n<p class=\"\">E\u2019 stata una stagione esaltante, nella quale <strong>abbiamo portato a casa qualcosa come 26 vittorie nel calendario UCI<\/strong>, non solo nell\u2019Est europeo visto che abbiamo avuto due successi di <strong>Marcin Budzinsky<\/strong> in Grecia e due di <strong>Marceli Boguslawski<\/strong> al <a href=\"https:\/\/www.facebook.com\/tourduloiretcher\/\" target=\"_blank\" rel=\"noreferrer noopener nofollow\">Tour du Loir et Cher<\/a>. In generale il fiore all\u2019occhiello \u00e8 stato per\u00f2 il successo nello Europe Tour e la conquista del Campionato Nazionale Ceco nella gara a cronometro con <strong>Jan Bittner<\/strong>, erano due obiettivi che ci eravamo posti a inizio stagione.<\/p>\n<p><img loading=\"lazy\" decoding=\"async\" width=\"1009\" height=\"500\" src=\"data:image\/svg+xml,%3Csvg%20xmlns=\" http:=\"\" alt=\"Il polacco Marceli Boguslawski, vincitore della Course Cycliste de Solidarnosc nel suo Paese\" class=\"wp-image-443846\" data-lazy- data-lazy- data-lazy-src=\"https:\/\/www.europesays.com\/it\/wp-content\/uploads\/2025\/11\/ATT-Boguslawski-img_dk.jpg\"\/>Il polacco Marceli Boguslawski, vincitore della Course Cycliste de Solidarnosc nel suo Paese<\/p>\n<p><img loading=\"lazy\" decoding=\"async\" width=\"559\" height=\"745\" src=\"data:image\/svg+xml,%3Csvg%20xmlns=\" http:=\"\" alt=\"Il polacco Marceli Boguslawski, vincitore della Course Cycliste de Solidarnosc nel suo Paese\" class=\"wp-image-443845\" data-lazy- data-lazy- data-lazy-src=\"https:\/\/www.europesays.com\/it\/wp-content\/uploads\/2025\/11\/ATT-Boguslawski-img_mb.jpg\"\/>Il polacco Marceli Boguslawski, vincitore della Course Cycliste de Solidarnosc nel suo Paese<\/p>\n<p>Avete un team junior o di sviluppo a cui siete collegati?<\/p>\n<p class=\"\">Non ancora. Tuttavia, non escludiamo di crearne uno in futuro: un passo del genere per\u00f2 comporta dei cambiamenti e dei profondi investimenti. Noi lavoriamo sul lungo periodo, <strong>una scelta del genere dipenderebbe naturalmente da un potenziale passaggio del nostro team alla categoria Professional<\/strong>.<\/p>\n<p>Quali dei vostri corridori ha il potenziale per raggiungere livelli pi\u00f9 alti?<\/p>\n<p class=\"\">Abbiamo diversi corridori con i parametri giusti per raggiungere il livello superiore e mi tengo basso non citando il WT, ma bisogna sempre considerare che lo sviluppo di ogni atleta \u00e8 individuale. Non vorrei nominare qualcuno in particolare. <strong>In generale, se un corridore lavora con sistematicit\u00e0, il successo arriver\u00e0 prima o poi, e qualcuno se ne accorger\u00e0, questa \u00e8 sempre stata una nostra convinzione<\/strong>.<\/p>\n<p><img loading=\"lazy\" decoding=\"async\" width=\"1009\" height=\"500\" src=\"data:image\/svg+xml,%3Csvg%20xmlns=\" http:=\"\" alt=\"Marcin Budzinski ha raccolto successi in Grecia, Slovenia (il GP Brda-Collio) e Austria\" class=\"wp-image-443844\" data-lazy- data-lazy- data-lazy-src=\"https:\/\/www.europesays.com\/it\/wp-content\/uploads\/2025\/11\/ATT-Budzinski-img_dk.jpg\"\/>Marcin Budzinsky ha raccolto successi in Grecia, Slovenia e Austria. Nel 2026 sar\u00e0 all\u2019MBH Bank<\/p>\n<p><img loading=\"lazy\" decoding=\"async\" width=\"559\" height=\"745\" src=\"data:image\/svg+xml,%3Csvg%20xmlns=\" http:=\"\" alt=\"Marcin Budzinski ha raccolto successi in Grecia, Slovenia (il GP Brda-Collio) e Austria\" class=\"wp-image-443843\" data-lazy- data-lazy- data-lazy-src=\"https:\/\/www.europesays.com\/it\/wp-content\/uploads\/2025\/11\/ATT-Budzinski-img_mb.jpg\"\/>Marcin Budzinsky ha raccolto successi in Grecia, Slovenia e Austria. Nel 2026 sar\u00e0 all\u2019MBH Bank<\/p>\n<p>State pianificando di salire di categoria con i vostri sponsor?<\/p>\n<p class=\"\">La possibilit\u00e0 di passare alla categoria ProTeam rimane aperta per il futuro, ma devono essere soddisfatte alcune condizioni, <strong>principalmente la stabilit\u00e0 finanziaria e un livello di qualit\u00e0 sportiva sufficiente tra i nostri corridori<\/strong>. Noi intanto ci strutturiamo per essere pronti, abbiamo uno staff con 4 diesse al mio fianco fra cui anche<strong><a href=\"https:\/\/bici.pro\/focus\/incontri\/ultima-corsa-juraj-sagan-vita-ombra-peter\" target=\"_blank\" rel=\"noreferrer noopener nofollow\"> Juraj Sagan<\/a><\/strong>, che ha una grande esperienza diretta nel WorldTour, personale e tramite il fratello.<\/p>\n<p>Quali obiettivi vi siete prefissati per il 2026? <\/p>\n<p class=\"\">A questo punto non possiamo tirarci indietro: confermarsi \u00e8 sempre pi\u00f9 difficile della prima volta, quindi <strong>vogliamo difendere il nostro titolo di miglior squadra Continental e vincere nuovamente il campionato nazionale ceco, magari nella corsa su strada<\/strong>. Ma vedere qualche nostro atleta approdare in un grande team sarebbe anch\u2019esso una grande vittoria.<\/p>\n","protected":false},"excerpt":{"rendered":"Finita la stagione \u00e8 tempo di consuntivi e analizzando il ranking Uci emerge un\u2019autentica sorpresa. Si parla sempre&hellip;\n","protected":false},"author":3,"featured_media":216609,"comment_status":"","ping_status":"","sticky":false,"template":"","format":"standard","meta":{"footnotes":"","_share_on_mastodon":"0"},"categories":[1456],"tags":[129094,1824,100631,1825,1537,90,89,129095,16594,245,244],"class_list":["post-216608","post","type-post","status-publish","format-standard","has-post-thumbnail","category-ciclismo","tag-att-investments","tag-ciclismo","tag-continental","tag-cycling","tag-it","tag-italia","tag-italy","tag-otakar-fiala","tag-repubblica-ceca","tag-sport","tag-sports"],"share_on_mastodon":{"url":"https:\/\/pubeurope.com\/@it\/115555259055632187","error":""},"_links":{"self":[{"href":"https:\/\/www.europesays.com\/it\/wp-json\/wp\/v2\/posts\/216608","targetHints":{"allow":["GET"]}}],"collection":[{"href":"https:\/\/www.europesays.com\/it\/wp-json\/wp\/v2\/posts"}],"about":[{"href":"https:\/\/www.europesays.com\/it\/wp-json\/wp\/v2\/types\/post"}],"author":[{"embeddable":true,"href":"https:\/\/www.europesays.com\/it\/wp-json\/wp\/v2\/users\/3"}],"replies":[{"embeddable":true,"href":"https:\/\/www.europesays.com\/it\/wp-json\/wp\/v2\/comments?post=216608"}],"version-history":[{"count":0,"href":"https:\/\/www.europesays.com\/it\/wp-json\/wp\/v2\/posts\/216608\/revisions"}],"wp:featuredmedia":[{"embeddable":true,"href":"https:\/\/www.europesays.com\/it\/wp-json\/wp\/v2\/media\/216609"}],"wp:attachment":[{"href":"https:\/\/www.europesays.com\/it\/wp-json\/wp\/v2\/media?parent=216608"}],"wp:term":[{"taxonomy":"category","embeddable":true,"href":"https:\/\/www.europesays.com\/it\/wp-json\/wp\/v2\/categories?post=216608"},{"taxonomy":"post_tag","embeddable":true,"href":"https:\/\/www.europesays.com\/it\/wp-json\/wp\/v2\/tags?post=216608"}],"curies":[{"name":"wp","href":"https:\/\/api.w.org\/{rel}","templated":true}]}}