{"id":216687,"date":"2025-11-15T20:05:14","date_gmt":"2025-11-15T20:05:14","guid":{"rendered":"https:\/\/www.europesays.com\/it\/216687\/"},"modified":"2025-11-15T20:05:14","modified_gmt":"2025-11-15T20:05:14","slug":"juventus-in-allarme-per-vlahovic-affaticamento-muscolare-con-la-serbia-e-a-rischio-per-la-fiorentina","status":"publish","type":"post","link":"https:\/\/www.europesays.com\/it\/216687\/","title":{"rendered":"Juventus in allarme per Vlahovic: affaticamento muscolare con la Serbia, \u00e8 a rischio per la Fiorentina"},"content":{"rendered":"<p><a class=\"article-details_article-details__section__element--authorName__j3rZA article-details_link__9uNPj\" href=\"https:\/\/www.calciomercato.com\/about\/redazione\/andrea-distaso\/7\" rel=\"nofollow noopener\" target=\"_blank\">Andrea Distaso<\/a>15 nov 2025, 20:16<\/p>\n<p>Ultimi aggiornamenti: 15 nov 2025, 20:19<\/p>\n<p>Si ferma il capocannoniere della formazione di Spalletti: niente partita contro la Lettonia, cosa filtra sulle sue condizioni<\/p>\n<p><strong>Dusan Vlahovic \u00e8 a forte rischio per il suo ritorno a Firenze, previsto per le 18 di sabato prossimo,<\/strong> quando la Serie A torner\u00e0 protagonista coi match valevoli per la dodicesima giornata. Secondo quanto filtra dal ritiro della nazionale serba, <strong>l&#8217;attaccante della Juventus \u00e8 stato costretto ad abbandonare il terreno di gioco prima del tempo, in occasione della gara di gioved\u00ec contro l&#8217;Inghilterra, per un fastidio muscolare che \u00e8 stato oggetto di indagini<\/strong> nelle scorse ore.<\/p>\n<p><a href=\"https:\/\/whatsapp.com\/channel\/0029VaVijAc5K3zMuRLvqA09 \" target=\"_blank\" rel=\"nofollow noopener\">Tutti gli AGGIORNAMENTI in TEMPO REALE! Unisciti al canale WHATSAPP DI CALCIOMERCATO.COM: clicca qui<\/a><\/p>\n","protected":false},"excerpt":{"rendered":"Andrea Distaso15 nov 2025, 20:16 Ultimi aggiornamenti: 15 nov 2025, 20:19 Si ferma il capocannoniere della formazione di&hellip;\n","protected":false},"author":3,"featured_media":216688,"comment_status":"","ping_status":"","sticky":false,"template":"","format":"standard","meta":{"footnotes":""},"categories":[176],"tags":[4330,1537,90,89,558,251,245,244],"class_list":{"0":"post-216687","1":"post","2":"type-post","3":"status-publish","4":"format-standard","5":"has-post-thumbnail","7":"category-sport","8":"tag-d-vlahovic","9":"tag-it","10":"tag-italia","11":"tag-italy","12":"tag-juventus","13":"tag-serie-a","14":"tag-sport","15":"tag-sports"},"share_on_mastodon":{"url":"https:\/\/pubeurope.com\/@it\/115555514662607706","error":""},"_links":{"self":[{"href":"https:\/\/www.europesays.com\/it\/wp-json\/wp\/v2\/posts\/216687","targetHints":{"allow":["GET"]}}],"collection":[{"href":"https:\/\/www.europesays.com\/it\/wp-json\/wp\/v2\/posts"}],"about":[{"href":"https:\/\/www.europesays.com\/it\/wp-json\/wp\/v2\/types\/post"}],"author":[{"embeddable":true,"href":"https:\/\/www.europesays.com\/it\/wp-json\/wp\/v2\/users\/3"}],"replies":[{"embeddable":true,"href":"https:\/\/www.europesays.com\/it\/wp-json\/wp\/v2\/comments?post=216687"}],"version-history":[{"count":0,"href":"https:\/\/www.europesays.com\/it\/wp-json\/wp\/v2\/posts\/216687\/revisions"}],"wp:featuredmedia":[{"embeddable":true,"href":"https:\/\/www.europesays.com\/it\/wp-json\/wp\/v2\/media\/216688"}],"wp:attachment":[{"href":"https:\/\/www.europesays.com\/it\/wp-json\/wp\/v2\/media?parent=216687"}],"wp:term":[{"taxonomy":"category","embeddable":true,"href":"https:\/\/www.europesays.com\/it\/wp-json\/wp\/v2\/categories?post=216687"},{"taxonomy":"post_tag","embeddable":true,"href":"https:\/\/www.europesays.com\/it\/wp-json\/wp\/v2\/tags?post=216687"}],"curies":[{"name":"wp","href":"https:\/\/api.w.org\/{rel}","templated":true}]}}