{"id":217301,"date":"2025-11-16T06:39:11","date_gmt":"2025-11-16T06:39:11","guid":{"rendered":"https:\/\/www.europesays.com\/it\/217301\/"},"modified":"2025-11-16T06:39:11","modified_gmt":"2025-11-16T06:39:11","slug":"ristoratore-insulta-clienti-e-il-fratello-di-pazzini-cosa-e-successo","status":"publish","type":"post","link":"https:\/\/www.europesays.com\/it\/217301\/","title":{"rendered":"Ristoratore insulta clienti: \u00e8 il fratello di Pazzini. Cosa \u00e8 successo"},"content":{"rendered":"<p>L&#8217;ambiguo episodio \u00e8 successo nel locale del fratello dell&#8217;ex punta viola.<\/p>\n<p>La Nazione riporta una disavventura legata al fratello dell&#8217;ex attaccante della Fiorentina Giampaolo Pazzini. La vicenda, addirittura, ha varcato i confini toscani, approdando nelle tv di Taiwan. <strong>Patrizio Pazzini, <\/strong>infatti, <strong>si \u00e8 dovuto scusare, con un video in cui parla direttamente al popolo taiwanese, dopo aver pubblicato in precedenza un filmato dove insulta un gruppo di turisti, colpevoli a suo dire di aver ordinato solo 5 pizze in sedici persone nella sua pizzeria<\/strong>. Queste le parole nel video-scuse del proprietario del locale: &#8220;Non volevo insultare, noi italiani siamo un popolo scherzoso. Ho fatto viaggi in Oriente, in Cina, posti bellissimi con gente stupenda&#8221;.<\/p>\n<p class=\"is-copyright\">\u00a9 RIPRODUZIONE RISERVATA<\/p>\n","protected":false},"excerpt":{"rendered":"L&#8217;ambiguo episodio \u00e8 successo nel locale del fratello dell&#8217;ex punta viola. La Nazione riporta una disavventura legata al&hellip;\n","protected":false},"author":3,"featured_media":217302,"comment_status":"","ping_status":"","sticky":false,"template":"","format":"standard","meta":{"footnotes":"","_share_on_mastodon":"0"},"categories":[1452],"tags":[3811,721,1740,3688,78710,1537,90,89,695,129348,977,1739,245,244,1886,2392],"class_list":["post-217301","post","type-post","status-publish","format-standard","has-post-thumbnail","category-calcio","tag-addirittura","tag-calcio","tag-football","tag-fratello","tag-insulta","tag-it","tag-italia","tag-italy","tag-locale","tag-pazzini","tag-popolo","tag-soccer","tag-sport","tag-sports","tag-successo","tag-video"],"share_on_mastodon":{"url":"https:\/\/pubeurope.com\/@it\/115558007770710607","error":""},"_links":{"self":[{"href":"https:\/\/www.europesays.com\/it\/wp-json\/wp\/v2\/posts\/217301","targetHints":{"allow":["GET"]}}],"collection":[{"href":"https:\/\/www.europesays.com\/it\/wp-json\/wp\/v2\/posts"}],"about":[{"href":"https:\/\/www.europesays.com\/it\/wp-json\/wp\/v2\/types\/post"}],"author":[{"embeddable":true,"href":"https:\/\/www.europesays.com\/it\/wp-json\/wp\/v2\/users\/3"}],"replies":[{"embeddable":true,"href":"https:\/\/www.europesays.com\/it\/wp-json\/wp\/v2\/comments?post=217301"}],"version-history":[{"count":0,"href":"https:\/\/www.europesays.com\/it\/wp-json\/wp\/v2\/posts\/217301\/revisions"}],"wp:featuredmedia":[{"embeddable":true,"href":"https:\/\/www.europesays.com\/it\/wp-json\/wp\/v2\/media\/217302"}],"wp:attachment":[{"href":"https:\/\/www.europesays.com\/it\/wp-json\/wp\/v2\/media?parent=217301"}],"wp:term":[{"taxonomy":"category","embeddable":true,"href":"https:\/\/www.europesays.com\/it\/wp-json\/wp\/v2\/categories?post=217301"},{"taxonomy":"post_tag","embeddable":true,"href":"https:\/\/www.europesays.com\/it\/wp-json\/wp\/v2\/tags?post=217301"}],"curies":[{"name":"wp","href":"https:\/\/api.w.org\/{rel}","templated":true}]}}