{"id":218695,"date":"2025-11-17T03:24:11","date_gmt":"2025-11-17T03:24:11","guid":{"rendered":"https:\/\/www.europesays.com\/it\/218695\/"},"modified":"2025-11-17T03:24:11","modified_gmt":"2025-11-17T03:24:11","slug":"sinner-vince-le-atp-finals-e-sorprende-la-risposta-sul-grande-slam","status":"publish","type":"post","link":"https:\/\/www.europesays.com\/it\/218695\/","title":{"rendered":"Sinner vince le Atp Finals e &#8216;sorprende&#8217;, la risposta sul Grande Slam"},"content":{"rendered":"<p class=\"art-text\" id=\"\">\n    &#8220;<b>Grande Slam? Penso sia sbagliato solo pensarci<\/b>. Ovviamente le motivazioni sono ora per vincere in Australia, ma nell&#8217;altro senso si va sempre giorno dopo giorno. Pensare al Grande Slam secondo me si pu\u00f2 fare quando arriva il momento, alla fine della stagione. Non puoi pensarci all&#8217;inizio, in quel caso sbagli proprio l&#8217;approccio al tennis&#8221;. Cos\u00ec <b>Jannik Sinner<\/b> in conferenza stampa, dopo il successo alle <b>Atp Finals<\/b> contro <b>Carlos Alcaraz<\/b>.\n<\/p>\n<p class=\"art-text\" id=\"\">\n    Sinner ha aggiunto: &#8220;Nel <b>tennis si parla tanto di vincere e perdere<\/b>, ma alla fine \u00e8 anche un gioco e cerchiamo di divertirci, perch\u00e9 giochiamo tanto, giorno dopo giorno. <b>Non ci penso e non voglio neanche pensarci<\/b>, andr\u00f2 in Australia per fare il mio meglio, vediamo come va, dopo l&#8217;Australia ci saranno altri tornei e ogni torneo dove vado voglio fare il mio meglio e dare il 100%, poi se si vince bene, se si perde si far\u00e0 in modo di migliorare&#8221;.\n<\/p>\n<p>Sinner: &#8220;Coppa Davis? Guarder\u00f2 da lontano&#8221;<\/p>\n<p class=\"art-text\" id=\"\">\n<p>    <b>Sinner<\/b> ha aggiunto: &#8220;Il punto della vittoria? Ho pensato a tante cose, era importante. Se sbagliavo si poteva andare al tie-break, l\u00ec sarebbe cambiato tutto. Ho provato un po\u2019 di sollievo s\u00ec, l\u00ec la stagione \u00e8 finita ed \u00e8 stato emozionante. La Coppa Davis? La seguir\u00f2 da lontano, ho avuto tanto da fare questa settimana. <b>Questi giorni sono stati molto impegnativi, anche fuori dal campo<\/b>\u201d.\n<\/p>\n<p>Sinner e la rivalit\u00e0 con Alcaraz<\/p>\n<p class=\"art-text\" id=\"\">\n    Due parole anche sulla rivalit\u00e0 con <b>Carlos Alcaraz<\/b>, apprezzata dal pubblico di Torino: &#8220;Non possiamo comparare calcio e tennis, sono sport completamente diversi. Io ho giocato in casa e il pubblico \u00e8 stato dalla mia parte, \u00e8 giusto, ma ha capito il rispetto e la rivalit\u00e0 che c\u2019\u00e8 con Carlos. C\u2019era una bella atmosfera\u201d.<\/p>\n","protected":false},"excerpt":{"rendered":"&#8220;Grande Slam? Penso sia sbagliato solo pensarci. Ovviamente le motivazioni sono ora per vincere in Australia, ma nell&#8217;altro&hellip;\n","protected":false},"author":3,"featured_media":218696,"comment_status":"","ping_status":"","sticky":false,"template":"","format":"standard","meta":{"footnotes":""},"categories":[1457],"tags":[1537,90,89,245,244,1273],"class_list":{"0":"post-218695","1":"post","2":"type-post","3":"status-publish","4":"format-standard","5":"has-post-thumbnail","7":"category-tennis","8":"tag-it","9":"tag-italia","10":"tag-italy","11":"tag-sport","12":"tag-sports","13":"tag-tennis"},"share_on_mastodon":{"url":"https:\/\/pubeurope.com\/@it\/115562903217078019","error":""},"_links":{"self":[{"href":"https:\/\/www.europesays.com\/it\/wp-json\/wp\/v2\/posts\/218695","targetHints":{"allow":["GET"]}}],"collection":[{"href":"https:\/\/www.europesays.com\/it\/wp-json\/wp\/v2\/posts"}],"about":[{"href":"https:\/\/www.europesays.com\/it\/wp-json\/wp\/v2\/types\/post"}],"author":[{"embeddable":true,"href":"https:\/\/www.europesays.com\/it\/wp-json\/wp\/v2\/users\/3"}],"replies":[{"embeddable":true,"href":"https:\/\/www.europesays.com\/it\/wp-json\/wp\/v2\/comments?post=218695"}],"version-history":[{"count":0,"href":"https:\/\/www.europesays.com\/it\/wp-json\/wp\/v2\/posts\/218695\/revisions"}],"wp:featuredmedia":[{"embeddable":true,"href":"https:\/\/www.europesays.com\/it\/wp-json\/wp\/v2\/media\/218696"}],"wp:attachment":[{"href":"https:\/\/www.europesays.com\/it\/wp-json\/wp\/v2\/media?parent=218695"}],"wp:term":[{"taxonomy":"category","embeddable":true,"href":"https:\/\/www.europesays.com\/it\/wp-json\/wp\/v2\/categories?post=218695"},{"taxonomy":"post_tag","embeddable":true,"href":"https:\/\/www.europesays.com\/it\/wp-json\/wp\/v2\/tags?post=218695"}],"curies":[{"name":"wp","href":"https:\/\/api.w.org\/{rel}","templated":true}]}}