{"id":219208,"date":"2025-11-17T12:13:13","date_gmt":"2025-11-17T12:13:13","guid":{"rendered":"https:\/\/www.europesays.com\/it\/219208\/"},"modified":"2025-11-17T12:13:13","modified_gmt":"2025-11-17T12:13:13","slug":"grazie-gualtieri-il-piu-bel-regalo-che-potessi-ricevere","status":"publish","type":"post","link":"https:\/\/www.europesays.com\/it\/219208\/","title":{"rendered":"Grazie Gualtieri, il pi\u00f9 bel regalo che potessi ricevere"},"content":{"rendered":"<p>Carlo Verdone \u00e8 arrivato in Campidoglio per vestire simbolicamente i panni del \u201csindaco per un giorno\u201d. Ad accoglierlo applausi, fan e curiosi. &#8220;Adesso ti comando&#8221;, ha scherzato rivolgendosi al sindaco Roberto Gualtieri mentre, tra sorrisi e musica, riceveva la fascia tricolore a Palazzo Senatorio, accompagnato dalle note della banda della Polizia locale che ha eseguito la colonna sonora di Un sacco bello di Ennio Morricone.<\/p>\n<p>L\u2019attore e regista romano ha dato il via cos\u00ec a una mattinata speciale, coincisa anche con il suo 75esimo compleanno. E non ha perso tempo a improvvisare il suo primo discorso da \u201cprimo cittadino\u201d: &#8220;Le buche le tapperemo, in qualche modo. Adesso faremo il primo progetto e poi devo attapparle. Il progetto numero uno. Siamo gi\u00e0 d\u2019accordo. Abbiamo preparato le macchine idrauliche&#8221;, ha detto ridendo ai giornalisti.<\/p>\n<p>Un\u2019eredit\u00e0 da Alberto Sordi<\/p>\n<p>Verdone ha ricordato come l\u2019unico precedente risalga a 25 anni fa, quando la fascia tricolore fu consegnata ad Alberto Sordi per il suo 80esimo compleanno: &#8220;Sordi lo incontrai alle due a Cinecitt\u00e0, dove aveva fatto una sosta. Mi disse: \u201candiamo via, via\u201d. Mi port\u00f2 al ristorante di fronte e mi raccont\u00f2: \u201cIo, il sindaco, manco per tre ore. Una cosa tremenda. Portatemi a letto\u201d. Abbiamo mangiato in fretta ed \u00e8 stato riportato a casa a dormire. La sera c\u2019\u00e8 stato il rinfresco con Rutelli e Berlusconi, ma era morto. Non so che giro gli hanno fatto fare&#8221;.<\/p>\n<p>L\u2019onorificenza, concessa oggi a Verdone, era stata assegnata a Sordi nel 2000 dall\u2019allora sindaco Francesco Rutelli.<\/p>\n<p>&#8220;Un regalo della citt\u00e0 che amo&#8221;<\/p>\n<p>Nel corso della cerimonia, Verdone non ha nascosto la propria emozione: &#8220;Sono molto emozionato, perch\u00e9 non me lo sarei mai aspettato dalla vita un regalo del genere. L\u2019ho amata talmente tanto questa citt\u00e0 che improvvisamente adesso mi abbraccia. Devo ringraziare Roberto (Gualtieri, ndr) che ha avuto questa intuizione, questa sensibilit\u00e0. Mi ha fatto il pi\u00f9 bel regalo che potessi ricevere&#8221;.<\/p>\n<p>L\u2019artista ha raccontato anche un momento privato della sua mattinata: &#8220;Stamattina mi sono svegliato e qualche lacrima \u00e8 venuta. Ho pensato ai miei genitori. Io ho amato tanto questa citt\u00e0. Ho capito la sensibilit\u00e0, l\u2019umore, la poesia anche di certe magagne. Il carattere dei romani \u00e8 una famiglia, piena di ironia, pungente ma anche spiritosa, come mio padre e mia madre. Mi hanno insegnato ad amare questa citt\u00e0 e a capirla meglio&#8221;.<\/p>\n<p><a href=\"https:\/\/www.romatoday.it\/politica\/carlo-verdone-sindaco-calendario-giornata.html\" target=\"_blank\" rel=\"nofollow noopener\">Ecco il programma della giornata<\/a>\u00a0Le memorie di giunta<\/p>\n<p>Successivamente il neo sindaco ha presieduto una seduta di giunta, approvando due memorie di indirizzo. La prima riguarda l\u2019attivazione di un punto di odontoiatria e psicologia sociale a Tor Bella Monaca. L\u2019atto avvia il percorso, che sar\u00e0 poi definito attraverso un accordo con la Regione Lazio e con l\u2019Universit\u00e0 Sapienza di Roma, per offrire cure odontoiatriche gratuite e servizi di sostegno psicologico alle persone in maggiore difficolt\u00e0 economica. Il nuovo presidio sar\u00e0 collocato all\u2019interno del comparto R5, il grande edificio residenziale di viale dell\u2019Archeologia composto da oltre 1200 alloggi pubblici, interessato da un ampio intervento di rigenerazione urbana finanziato con risorse del Pnrr. L\u2019iniziativa si inserisce in questo percorso di riqualificazione e nelle politiche sociali integrate del territorio, con l\u2019obiettivo di garantire l\u2019accesso alle cure e affermare il diritto al sorriso come elemento essenziale della dignit\u00e0 delle persone, rafforzando al tempo stesso la presenza di servizi di prossimit\u00e0 per le comunit\u00e0 pi\u00f9 vulnerabili.<\/p>\n<p>\u00a0<\/p>\n<p>La seconda memoria introduce nuove misure a sostegno delle librerie della citt\u00e0, riconosciute dall\u2019amministrazione come presidi culturali oggi in difficolt\u00e0 per la crisi del settore. La novit\u00e0 principale riguarda la possibilit\u00e0 per le librerie di ottenere un\u2019occupazione di suolo pubblico: potranno utilizzare spazi esterni per attivit\u00e0 culturali oppure, nei casi previsti, per la somministrazione accessoria alla vendita di libri. L\u2019atto consente inoltre alle librerie di svolgere somministrazione anche quando non raggiungono i requisiti dimensionali stabiliti dal regolamento vigente. La misura si applica anche nella Citt\u00e0 Storica e nel Sito Unesco, dove finora non era consentito l\u2019uso di aree esterne. L\u2019obiettivo \u00e8 rafforzare la presenza delle librerie nei quartieri, sostenere la loro tenuta economica e favorire nuove occasioni di incontro tra attivit\u00e0 commerciale e iniziativa culturale.<\/p>\n","protected":false},"excerpt":{"rendered":"Carlo Verdone \u00e8 arrivato in Campidoglio per vestire simbolicamente i panni del \u201csindaco per un giorno\u201d. Ad accoglierlo&hellip;\n","protected":false},"author":3,"featured_media":219209,"comment_status":"","ping_status":"","sticky":false,"template":"","format":"standard","meta":{"footnotes":""},"categories":[1451],"tags":[637,13579,1621,1620,203,204,1537,90,89],"class_list":{"0":"post-219208","1":"post","2":"type-post","3":"status-publish","4":"format-standard","5":"has-post-thumbnail","7":"category-celebrita","8":"tag-attori","9":"tag-campidoglio","10":"tag-celebrita","11":"tag-celebrities","12":"tag-entertainment","13":"tag-intrattenimento","14":"tag-it","15":"tag-italia","16":"tag-italy"},"share_on_mastodon":{"url":"https:\/\/pubeurope.com\/@it\/115564983343429287","error":""},"_links":{"self":[{"href":"https:\/\/www.europesays.com\/it\/wp-json\/wp\/v2\/posts\/219208","targetHints":{"allow":["GET"]}}],"collection":[{"href":"https:\/\/www.europesays.com\/it\/wp-json\/wp\/v2\/posts"}],"about":[{"href":"https:\/\/www.europesays.com\/it\/wp-json\/wp\/v2\/types\/post"}],"author":[{"embeddable":true,"href":"https:\/\/www.europesays.com\/it\/wp-json\/wp\/v2\/users\/3"}],"replies":[{"embeddable":true,"href":"https:\/\/www.europesays.com\/it\/wp-json\/wp\/v2\/comments?post=219208"}],"version-history":[{"count":0,"href":"https:\/\/www.europesays.com\/it\/wp-json\/wp\/v2\/posts\/219208\/revisions"}],"wp:featuredmedia":[{"embeddable":true,"href":"https:\/\/www.europesays.com\/it\/wp-json\/wp\/v2\/media\/219209"}],"wp:attachment":[{"href":"https:\/\/www.europesays.com\/it\/wp-json\/wp\/v2\/media?parent=219208"}],"wp:term":[{"taxonomy":"category","embeddable":true,"href":"https:\/\/www.europesays.com\/it\/wp-json\/wp\/v2\/categories?post=219208"},{"taxonomy":"post_tag","embeddable":true,"href":"https:\/\/www.europesays.com\/it\/wp-json\/wp\/v2\/tags?post=219208"}],"curies":[{"name":"wp","href":"https:\/\/api.w.org\/{rel}","templated":true}]}}