{"id":219297,"date":"2025-11-17T13:28:11","date_gmt":"2025-11-17T13:28:11","guid":{"rendered":"https:\/\/www.europesays.com\/it\/219297\/"},"modified":"2025-11-17T13:28:11","modified_gmt":"2025-11-17T13:28:11","slug":"coppa-davis-2025-sono-due-i-top10-presenti-sparuta-la-presenza-di-top20","status":"publish","type":"post","link":"https:\/\/www.europesays.com\/it\/219297\/","title":{"rendered":"Coppa Davis 2025, sono due i top10 presenti. Sparuta la presenza di top20"},"content":{"rendered":"<p>Si apre una settimana finale di Coppa Davis che, nella sostanza delle cose, non sar\u00e0 esattamente la pi\u00f9 ricca del mondo in termini di presenze tra i primi dieci del ranking ATP. Tra eliminazioni nelle fasi precedenti, forfait e quant\u2019altro, infatti, di giocatori che si trovano nell\u2019elite del tennis mondiale ce ne sono appena due. <strong>Uno \u00e8 Carlos Alcaraz, che sar\u00e0 in campo con la Spagna, l\u2019altro \u00e8 Alexander Zverev<\/strong>, che pur odiando il format attuale con tutte le proprie forze (avendo vissuto il pre-riforma di Orlando) si \u00e8 convinto a partecipare per la Germania.<\/p>\n<p>Pochissimi anche i top 20. Anzi, per essere esatti due. Ed entrambi fanno parte della stessa formazione, quella della Cechia, che schiera <strong>Jiri Lehecka e Jakub Mensik<\/strong>, numero 17 e 19 del ranking ATP, senza contare che per un momento si \u00e8 affacciato nella top 20 pure <strong>Tomas Machac<\/strong>. Ne sono appena fuori il quinto migliore della settimana di Bologna, <strong>Francisco Cerundolo<\/strong>, attualmente numero 21, e <strong>Flavio Cobolli<\/strong>, che si trova al 22\u00b0 posto.<\/p>\n<p>Ci sono comunque alcuni giocatori che sono effettivamente stati nei primi dieci della classifica mondiale: <strong>Matteo Berrettini<\/strong> si \u00e8 issato fino al sesto posto nel 2022,<strong> Pablo Carreno Busta<\/strong> fino al settimo nel 2017. Da non dimenticare poi che vi sono diversi top ten in doppio: <strong>Horacio Zeballos<\/strong> (7\u00b0) per l\u2019Argentina, <strong>Marcel Granollers<\/strong> (8\u00b0) per la Spagna, <strong>Kevin Krawietz e Tim Puetz<\/strong> (9\u00b0 posto ex aequo) per la Germania. E tante coppie consolidate: <strong>Simone Bolelli\/Andrea Vavassori<\/strong> (13\u00b0 e 14\u00b0) sono i pi\u00f9 titolati nonch\u00e9 pi\u00f9 vicini alle posizioni di vertice.<\/p>\n<p>Il lato curioso \u00e8 che tra i capitani ci sono diversi ex di gran lusso, figure che hanno avuto classifiche rispettabilissime. <strong>David Ferrer<\/strong> \u00e8 stato numero 3 quando i primi due erano Djokovic e Nadal, <strong>Tomas Berdych<\/strong> numero 4 con Federer che era rientrato in quei discorsi, <strong>Jurgen Melzer<\/strong> numero 8 nel 2011 poco prima della scadenza dei punti del Roland Garros 2010, in cui raggiunse la semifinale.<\/p>\n","protected":false},"excerpt":{"rendered":"Si apre una settimana finale di Coppa Davis che, nella sostanza delle cose, non sar\u00e0 esattamente la pi\u00f9&hellip;\n","protected":false},"author":3,"featured_media":219298,"comment_status":"","ping_status":"","sticky":false,"template":"","format":"standard","meta":{"footnotes":""},"categories":[1457],"tags":[3430,4627,62334,1537,90,89,245,244,1273],"class_list":{"0":"post-219297","1":"post","2":"type-post","3":"status-publish","4":"format-standard","5":"has-post-thumbnail","7":"category-tennis","8":"tag-alexander-zverev","9":"tag-carlos-alcaraz","10":"tag-coppa-davis-2025","11":"tag-it","12":"tag-italia","13":"tag-italy","14":"tag-sport","15":"tag-sports","16":"tag-tennis"},"share_on_mastodon":{"url":"https:\/\/pubeurope.com\/@it\/115565278382154785","error":""},"_links":{"self":[{"href":"https:\/\/www.europesays.com\/it\/wp-json\/wp\/v2\/posts\/219297","targetHints":{"allow":["GET"]}}],"collection":[{"href":"https:\/\/www.europesays.com\/it\/wp-json\/wp\/v2\/posts"}],"about":[{"href":"https:\/\/www.europesays.com\/it\/wp-json\/wp\/v2\/types\/post"}],"author":[{"embeddable":true,"href":"https:\/\/www.europesays.com\/it\/wp-json\/wp\/v2\/users\/3"}],"replies":[{"embeddable":true,"href":"https:\/\/www.europesays.com\/it\/wp-json\/wp\/v2\/comments?post=219297"}],"version-history":[{"count":0,"href":"https:\/\/www.europesays.com\/it\/wp-json\/wp\/v2\/posts\/219297\/revisions"}],"wp:featuredmedia":[{"embeddable":true,"href":"https:\/\/www.europesays.com\/it\/wp-json\/wp\/v2\/media\/219298"}],"wp:attachment":[{"href":"https:\/\/www.europesays.com\/it\/wp-json\/wp\/v2\/media?parent=219297"}],"wp:term":[{"taxonomy":"category","embeddable":true,"href":"https:\/\/www.europesays.com\/it\/wp-json\/wp\/v2\/categories?post=219297"},{"taxonomy":"post_tag","embeddable":true,"href":"https:\/\/www.europesays.com\/it\/wp-json\/wp\/v2\/tags?post=219297"}],"curies":[{"name":"wp","href":"https:\/\/api.w.org\/{rel}","templated":true}]}}