{"id":219303,"date":"2025-11-17T13:33:13","date_gmt":"2025-11-17T13:33:13","guid":{"rendered":"https:\/\/www.europesays.com\/it\/219303\/"},"modified":"2025-11-17T13:33:13","modified_gmt":"2025-11-17T13:33:13","slug":"carlino-tegola-holm-si-teme-un-lungo-stop","status":"publish","type":"post","link":"https:\/\/www.europesays.com\/it\/219303\/","title":{"rendered":"Carlino \u2013 Tegola Holm, si teme un lungo stop"},"content":{"rendered":"<p>Si teme un altro lungo stop per Holm<\/p>\n<p>Altro giro, altra sfortuna. In nazionale stavolta si \u00e8 fermato Emil <strong>Holm<\/strong>, uscito al 50&#8242; di Svizzera-Svezia sabato sera. Problema alla coscia per il terzino svedese che era uno dei pi\u00f9 in forma del momento.<\/p>\n<p>Per il Carlino si teme un altro lungo stop: ora \u00e8 emergenza vera. A Casteldebole sperano che l&#8217;infortunio muscolare sia di lieve entit\u00e0 e pi\u00f9 simile a Jonathan <strong>Rowe<\/strong> per tempi di recupero, ma c&#8217;\u00e8 apprensione per il sesto infortunio in pochi giorni in vista del tour de force che ripartir\u00e0 sabato contro <strong>l&#8217;Udinese<\/strong>. In due settimane si sono fermati sei giocatori, proprio nel momento in cui il <strong>Bologna<\/strong> aveva macinato 10 risultati utili consecutivi fino a risalire a meno tre dalla vetta della Serie A. Ora s\u00ec che Italiano dovr\u00e0 utilizzare a fondo tutta la rosa e gi\u00e0 la prossima settimana si parte con tre partite tra Udinese, Salisburgo e Cremonese. Una disdetta.<\/p>\n<p class=\"is-copyright\">\u00a9 RIPRODUZIONE RISERVATA<\/p>\n","protected":false},"excerpt":{"rendered":"Si teme un altro lungo stop per Holm Altro giro, altra sfortuna. In nazionale stavolta si \u00e8 fermato&hellip;\n","protected":false},"author":3,"featured_media":219304,"comment_status":"","ping_status":"","sticky":false,"template":"","format":"standard","meta":{"footnotes":"","_share_on_mastodon":"0"},"categories":[1452],"tags":[2537,721,38607,1740,38289,2885,1537,90,89,2841,1739,245,244,24960,4521,130604,2817],"class_list":["post-219303","post","type-post","status-publish","format-standard","has-post-thumbnail","category-calcio","tag-altra","tag-calcio","tag-carlino","tag-football","tag-holm","tag-infortunio","tag-it","tag-italia","tag-italy","tag-sabato","tag-soccer","tag-sport","tag-sports","tag-stop","tag-teme","tag-teme-stop","tag-udinese"],"share_on_mastodon":{"url":"https:\/\/pubeurope.com\/@it\/115565298038040421","error":""},"_links":{"self":[{"href":"https:\/\/www.europesays.com\/it\/wp-json\/wp\/v2\/posts\/219303","targetHints":{"allow":["GET"]}}],"collection":[{"href":"https:\/\/www.europesays.com\/it\/wp-json\/wp\/v2\/posts"}],"about":[{"href":"https:\/\/www.europesays.com\/it\/wp-json\/wp\/v2\/types\/post"}],"author":[{"embeddable":true,"href":"https:\/\/www.europesays.com\/it\/wp-json\/wp\/v2\/users\/3"}],"replies":[{"embeddable":true,"href":"https:\/\/www.europesays.com\/it\/wp-json\/wp\/v2\/comments?post=219303"}],"version-history":[{"count":0,"href":"https:\/\/www.europesays.com\/it\/wp-json\/wp\/v2\/posts\/219303\/revisions"}],"wp:featuredmedia":[{"embeddable":true,"href":"https:\/\/www.europesays.com\/it\/wp-json\/wp\/v2\/media\/219304"}],"wp:attachment":[{"href":"https:\/\/www.europesays.com\/it\/wp-json\/wp\/v2\/media?parent=219303"}],"wp:term":[{"taxonomy":"category","embeddable":true,"href":"https:\/\/www.europesays.com\/it\/wp-json\/wp\/v2\/categories?post=219303"},{"taxonomy":"post_tag","embeddable":true,"href":"https:\/\/www.europesays.com\/it\/wp-json\/wp\/v2\/tags?post=219303"}],"curies":[{"name":"wp","href":"https:\/\/api.w.org\/{rel}","templated":true}]}}