{"id":219354,"date":"2025-11-17T14:12:12","date_gmt":"2025-11-17T14:12:12","guid":{"rendered":"https:\/\/www.europesays.com\/it\/219354\/"},"modified":"2025-11-17T14:12:12","modified_gmt":"2025-11-17T14:12:12","slug":"macron-zelensky-accordo-storico-su-armamenti-per-kiev-intesa-per-caccia-sistemi-di-intercettazioni-e-droni","status":"publish","type":"post","link":"https:\/\/www.europesays.com\/it\/219354\/","title":{"rendered":"Macron-Zelensky: accordo \u00abstorico\u00bb su armamenti per Kiev. Intesa per caccia, sistemi di intercettazioni e droni"},"content":{"rendered":"<p>    di<br \/>\n    Stefano Montefiori<\/p>\n<p class=\"summary-art is-line-h-12\">A Parigi firmata la \u00abdichiarazione d\u2019intenti\u00bb a lungo termine sull\u2019acquisizione da parte dell\u2019Ucraina di equipaggiamenti di difesa aerea\u00bb: fino a 100 aerei Rafale, il sistema Samp-T e droni nei prossimi dieci anni<\/p>\n<p class=\"chapter-paragraph\">DAL NOSTRO CORRISPONDENTE\u00a0<br \/>PARIGI &#8211; <b>Il presidente francese Emmanuel Macron e quello ucraino Volodymyr Zelensky<\/b> hanno firmato in una base aerea vicino a Parigi un accordo sulle armi definito \u00abstorico\u00bb da Zelensky per <a href=\"https:\/\/www.corriere.it\/esteri\/diretta-live\/25_novembre_17\/ucraina-russia-le-notizie-sul-conflitto-in-diretta-kiev-annuncia-nuovo-scambio-di-prigionieri-con-la-russia-mosca-conquistati.shtml\" rel=\"nofollow noopener\" target=\"_blank\">rafforzare l\u2019aviazione da combattimento e la difesa aerea dell\u2019Ucraina<\/a>.<\/p>\n<p class=\"chapter-paragraph\">Macron ha accolto l\u2019ospite sulla base di Villacoublay, dove era stata preparata la scenografia per la firma: dietro ai due capi di Stato, due grandi bandiere di Francia e Ucraina, un caccia Rafale, il sistema di difesa antiaerea Samp-T di nuova generazione messo a punto dalle <a href=\"https:\/\/www.corriere.it\/esteri\/25_novembre_17\/ucraina-europa-kiev-putin-russia-aiuti-0907fc05-2485-49af-a69b-189da28dcxlk.shtml\" rel=\"nofollow noopener\" target=\"_blank\">industrie di Francia e Italia<\/a>, e diversi sistemi di droni.    &#13;<br \/>\n&#13;<br \/>\n&#13;<br \/>\n&#13;<br \/>\n&#13;<br \/>\n&#13;<br \/>\n&#13;<br \/>\n&#13;<br \/>\n&#13;<br \/>\n&#13;<br \/>\n&#13;<br \/>\n&#13;<br \/>\n&#13;<br \/>\n&#13;<br \/>\n&#13;<br \/>\n&#13;<br \/>\n&#13;<br \/>\n&#13;<br \/>\n&#13;<br \/>\n&#13;<br \/>\n&#13;<br \/>\n&#13;<br \/>\n&#13;<br \/>\n&#13;<br \/>\n&#13;<br \/>\n&#13;<br \/>\n&#13;<br \/>\n&#13;<br \/>\n&#13;<br \/>\n&#13;<br \/>\n&#13;<br \/>\n&#13;<br \/>\n&#13;<br \/>\n&#13;<br \/>\n&#13;<br \/>\n&#13;<br \/>\n&#13;<br \/>\n&#13;<br \/>\n&#13;<br \/>\n&#13;<br \/>\n&#13;<br \/>\n&#13;<br \/>\n&#13;<br \/>\n&#13;<br \/>\n&#13;<br \/>\n&#13;<br \/>\n&#13;<br \/>\n&#13;<br \/>\n&#13;<br \/>\n&#13;<br \/>\n&#13;<br \/>\n&#13;<br \/>\n&#13;\n<\/p>\n<p class=\"chapter-paragraph\">La \u00abdichiarazione d\u2019intenti che riguarda la cooperazione relativa all\u2019acquisizione da parte dell\u2019Ucraina di equipaggiamenti di difesa francesi\u00bb <b>riguarda l\u2019acquisto futuro di circa 100 aerei Rafale<\/b>,<b> del sistema Samp-T e di droni<\/b>. Per l\u2019Eliseo si tratta di un accordo di lungo termine \u00abin un orizzonte di circa 10 anni\u00bb, che punta a soddisfare l\u2019esigenza ucraina di costituire una flotta di aerei di combattimento di almeno 250 velivoli, composta di Rafale francesi ma anche di Gripen svedesi e F-16 americani.<\/p>\n<p class=\"chapter-paragraph\"><b>Zelensky ha gi\u00e0 firmato il mese scorso una lettera d\u2019intenti con il governo svedese<\/b> in vista dell\u2019acquisto di 100-150 aerei da caccia Gripen. La Francia ha gi\u00e0 consegnato caccia Mirage a Kiev ma i Rafale, fiore all\u2019occhiello dell\u2019aviazione da combattimento francese, dovrebbe consentire all\u2019Ucraina di alzare il livello della propria difesa rispetto agli attacchi di Russia.<\/p>\n<p class=\"chapter-paragraph\"><b>Il sistema franco-italiano di difesa antiaerea Samp-T di nuova generazione sar\u00e0 pronto dal 2027<\/b> e dispone di capacit\u00e0 di intercettazione dei missili ampliate rispetto al Samp-T attuale, del quale un esemplare \u00e8 gi\u00e0 dispiegato in Ucraina.<\/p>\n<p>APPROFONDISCI CON IL PODCAST<\/p>\n<p class=\"chapter-paragraph\">Dopo la firma della lettera di intenti <b>nella base aerea di Villacoublay, Emmanuel Macron e Volodymyr Zelensky<\/b> sono andati al monte Val\u00e9rien, a ovest di Parigi, per visitare lo stato maggiore della <b>\u00abforza multinazionale Ucraina\u00bb che Parigi e Londra preparano perch\u00e9 possa essere dispiegata immediatamente nel caso di cessate il fuoco<\/b>, nel quadro della \u00abcoalizione dei volontari\u00bb alla quale partecipano 35 Paesi (Italia inclusa).\u00a0<\/p>\n<p class=\"chapter-paragraph\">Nel pomeriggio all\u2019Eliseo, prima di una conferenza stampa, Macron e Zelensky partecipano poi a un \u00abforum franco-ucraino sui droni\u00bb. Kiev progetta di usare quest\u2019anno pi\u00f9 di 4,5 milioni di droni, fondamentali per contrastare i bombardamenti russi sull\u2019Ucraina.<\/p>\n<p class=\"is-last-update\" datetime=\"2025-11-17T12:48:46+01:00\">17 novembre 2025 ( modifica il 17 novembre 2025 | 12:48)<\/p>\n<p class=\"is-copyright\">\n            \u00a9 RIPRODUZIONE RISERVATA\n        <\/p>\n","protected":false},"excerpt":{"rendered":"di Stefano Montefiori A Parigi firmata la \u00abdichiarazione d\u2019intenti\u00bb a lungo termine sull\u2019acquisizione da parte dell\u2019Ucraina di equipaggiamenti&hellip;\n","protected":false},"author":3,"featured_media":219355,"comment_status":"","ping_status":"","sticky":false,"template":"","format":"standard","meta":{"footnotes":""},"categories":[160],"tags":[579,11468,130620,130621,2842,130622,1002,4112,130623,130624,130625,130626,130627,40736,2333,6478,4536,14,164,165,767,4467,4300,88073,400,8940,166,7,15,1289,130618,130619,54297,2099,170,11,167,12,168,161,162,163,4473],"class_list":{"0":"post-219354","1":"post","2":"type-post","3":"status-publish","4":"format-standard","5":"has-post-thumbnail","7":"category-mondo","8":"tag-accordo","9":"tag-acquisizione","10":"tag-acquisizione-ucraina","11":"tag-acquisizione-ucraina-equipaggiamenti","12":"tag-acquisto","13":"tag-acquisto-aerei","14":"tag-aerea","15":"tag-aerei","16":"tag-aerei-rafale","17":"tag-aerei-rafale-sistema","18":"tag-antiaerea","19":"tag-antiaerea-samp","20":"tag-antiaerea-samp-nuova","21":"tag-aviazione","22":"tag-base","23":"tag-caccia","24":"tag-combattimento","25":"tag-cronaca","26":"tag-dal-mondo","27":"tag-dalmondo","28":"tag-difesa","29":"tag-droni","30":"tag-francia","31":"tag-intenti","32":"tag-kiev","33":"tag-macron","34":"tag-mondo","35":"tag-news","36":"tag-notizie","37":"tag-parigi","38":"tag-rafale","39":"tag-rafale-sistema","40":"tag-samp","41":"tag-sistema","42":"tag-ucraina","43":"tag-ultime-notizie","44":"tag-ultime-notizie-di-mondo","45":"tag-ultimenotizie","46":"tag-ultimenotiziedimondo","47":"tag-world","48":"tag-world-news","49":"tag-worldnews","50":"tag-zelensky"},"share_on_mastodon":{"url":"","error":"Validation failed: Text character limit of 500 exceeded"},"_links":{"self":[{"href":"https:\/\/www.europesays.com\/it\/wp-json\/wp\/v2\/posts\/219354","targetHints":{"allow":["GET"]}}],"collection":[{"href":"https:\/\/www.europesays.com\/it\/wp-json\/wp\/v2\/posts"}],"about":[{"href":"https:\/\/www.europesays.com\/it\/wp-json\/wp\/v2\/types\/post"}],"author":[{"embeddable":true,"href":"https:\/\/www.europesays.com\/it\/wp-json\/wp\/v2\/users\/3"}],"replies":[{"embeddable":true,"href":"https:\/\/www.europesays.com\/it\/wp-json\/wp\/v2\/comments?post=219354"}],"version-history":[{"count":0,"href":"https:\/\/www.europesays.com\/it\/wp-json\/wp\/v2\/posts\/219354\/revisions"}],"wp:featuredmedia":[{"embeddable":true,"href":"https:\/\/www.europesays.com\/it\/wp-json\/wp\/v2\/media\/219355"}],"wp:attachment":[{"href":"https:\/\/www.europesays.com\/it\/wp-json\/wp\/v2\/media?parent=219354"}],"wp:term":[{"taxonomy":"category","embeddable":true,"href":"https:\/\/www.europesays.com\/it\/wp-json\/wp\/v2\/categories?post=219354"},{"taxonomy":"post_tag","embeddable":true,"href":"https:\/\/www.europesays.com\/it\/wp-json\/wp\/v2\/tags?post=219354"}],"curies":[{"name":"wp","href":"https:\/\/api.w.org\/{rel}","templated":true}]}}