{"id":219566,"date":"2025-11-17T17:05:10","date_gmt":"2025-11-17T17:05:10","guid":{"rendered":"https:\/\/www.europesays.com\/it\/219566\/"},"modified":"2025-11-17T17:05:10","modified_gmt":"2025-11-17T17:05:10","slug":"coppa-davis-2025-quando-gioca-litalia-il-calendario-e-il-regolamento-la-guida","status":"publish","type":"post","link":"https:\/\/www.europesays.com\/it\/219566\/","title":{"rendered":"Coppa Davis 2025, quando gioca l&#8217;Italia? Il calendario e il regolamento: la guida"},"content":{"rendered":"<p>    di<br \/>\n    Marco Calabresi<\/p>\n<p class=\"summary-art is-line-h-12\">L&#8217;Italia di Coppa Davis a Bologna difende i due titoli consecutivi senza Sinner e Musetti. Mercoled\u00ec il quarto di finale contro l&#8217;Austria con Cobolli, Berrettini, Sonego e la coppia Bolelli-Vavassori. In caso di vittoria, semifinale venerd\u00ec contro la vincente di Francia-Belgio. Il regolamento e il calendario<\/p>\n<p class=\"chapter-paragraph\">Qui Torino, a voi Bologna. Archiviata la <a href=\"https:\/\/www.corriere.it\/sport\/tennis\/25_novembre_17\/sinner-federer-djokovic-atp-finals-2dce53f6-ce12-40c3-a40c-8765879a2xlk.shtml\" title=\"Sinner ringrazia Alcaraz dopo una stagione da ricordare: \u00abMi servi. Stasera non \u00e8 stato solo tennis, siamo atleti che hanno bisogno di persone vicine\u00bb\" target=\"_blank\" rel=\"nofollow noopener\">settimana trionfale di Jannik Sinner<\/a> alle Atp Finals\u00a0\u2014 e senza dimenticare le <a href=\"https:\/\/www.corriere.it\/sport\/tennis\/diretta-live\/25_novembre_13\/musetti-alcaraz-atp-finals-torino-diretta-risultato.shtml\" title=\"Musetti-Alcaraz alle Atp Finals di Torino 4-6, 1-6: Carlos in semifinale, resta numero 1. Lorenzo rinuncia alla Davis\" target=\"_blank\" rel=\"nofollow noopener\">prestazioni di Lorenzo Musetti<\/a>\u00a0\u2014 ci si sposta un po&#8217; pi\u00f9 a sud, dove <b>l&#8217;Italia di Coppa Davis senza Sinner e Musetti<\/b> dovr\u00e0 difendere i <a href=\"https:\/\/www.corriere.it\/sport\/tennis\/diretta-live\/24_novembre_24\/italia-olanda-coppa-davis-diretta-risultato.shtml\" title=\"Coppa Davis, Italia-Olanda 2-0, il risultato della finale: Sinner e Berrettini regalano il titolo agli azzurri. Le lacrime di Matteo, l&#039;emozione di Jannik\" target=\"_blank\" rel=\"nofollow noopener\">due ultimi titoli vinti a Malaga<\/a>. Mancheranno i due migliori giocatori, \u00e8 vero, ma la <b>squadra capitanata da Filippo Volandri<\/b> resta altamente competitiva e pronta gi\u00e0 da <b>mercoled\u00ec\u00a0<\/b>\u2014 giorno del <b>quarto di finale contro l&#8217;Austria\u00a0\u2014<\/b>\u00a0a garantirsi altri giorni di gloria.<\/p>\n<p>    La formazione dell&#8217;Italia in Coppa Davis<\/p>\n<p class=\"chapter-paragraph\">Flavio <b>Cobolli <\/b>e Matteo <b>Berrettini erano i due singolaristi gi\u00e0 designati <\/b>dopo il forfait di Sinner; a seguito della rinuncia di Musetti, invece, \u00e8 arrivata la <b>chiamata per Lorenzo Sonego<\/b>, che si va ad aggiungere a <a href=\"https:\/\/www.corriere.it\/sport\/tennis\/25_novembre_15\/bolelli-vavassori-heliovaara-patten-atp-finals-risultato-4ae027f1-9266-4a25-99c4-0a2cae885xlk.shtml\" title=\"Bolelli\/Vavassori sconfitti nella semifinale delle Atp Finals di Torino\" target=\"_blank\" rel=\"nofollow noopener\">Simone Bolelli e Andrea Vavassori<\/a>, semifinalisti nel doppio a Torino e pronti a trascinare la Nazionale in caso di parit\u00e0 dopo i primi due singolari del tie.\u00a0 Il quarto di finale contro l&#8217;Austria sar\u00e0 trasmesso in esclusiva su Supertennis; eventuali semifinale e finale, invece, oltre che sul canale della Fitp saranno visibili anche su Rai 1.    &#13;<br \/>\n&#13;<br \/>\n&#13;<br \/>\n&#13;<br \/>\n&#13;<br \/>\n&#13;<br \/>\n&#13;<br \/>\n&#13;<br \/>\n&#13;<br \/>\n&#13;<br \/>\n&#13;<br \/>\n&#13;<br \/>\n&#13;<br \/>\n&#13;<br \/>\n&#13;<br \/>\n&#13;<br \/>\n&#13;<br \/>\n&#13;<br \/>\n&#13;<br \/>\n&#13;<br \/>\n&#13;<br \/>\n&#13;<br \/>\n&#13;<br \/>\n&#13;<br \/>\n&#13;<br \/>\n&#13;<br \/>\n&#13;<br \/>\n&#13;<br \/>\n&#13;<br \/>\n&#13;<br \/>\n&#13;<br \/>\n&#13;<br \/>\n&#13;<br \/>\n&#13;<br \/>\n&#13;<br \/>\n&#13;<br \/>\n&#13;<br \/>\n&#13;<br \/>\n&#13;<br \/>\n&#13;<br \/>\n&#13;<br \/>\n&#13;<br \/>\n&#13;<br \/>\n&#13;<br \/>\n&#13;<br \/>\n&#13;<br \/>\n&#13;<br \/>\n&#13;<br \/>\n&#13;<br \/>\n&#13;<br \/>\n&#13;<br \/>\n&#13;<br \/>\n&#13;\n<\/p>\n<p>    Il calendario della Coppa Davis<\/p>\n<p class=\"chapter-paragraph\">La <b>Final 8 si gioca a eliminazione diretta <\/b>e inizier\u00e0 <b>domani <\/b>con il primo quarto di finale tra Francia e Belgio, con la <b>vincente che affronter\u00e0 l&#8217;Italia o l&#8217;Austria<\/b>, avversaria dei campioni del mondo nel quarto di finale che si giocher\u00e0 mercoled\u00ec alle 16. <b>Gioved\u00ec<\/b>, invece, alle 10 <b>Spagna-Repubblica Ceca (con l&#8217;incognita Alcaraz<\/b>, che oggi a Bologna effettuer\u00e0 <b>accertamenti <\/b>dopo aver giocato la finale con Sinner con una <b>vistosa fasciatura alla coscia destra<\/b>) e alle <b>17 Argentina-Germania<\/b>.\u00a0<\/p>\n<p>    Il regolamento della Coppa Davis<\/p>\n<p class=\"chapter-paragraph\">La prima squadra che vince due partite (si parte con i due singolari) passa il turno: in caso di parit\u00e0, sar\u00e0 decisivo il doppio. In caso di successo mercoled\u00ec contro l&#8217;Austria, l&#8217;Italia tornerebbe in campo venerd\u00ec alle 16 per la semifinale; l&#8217;altra, invece, \u00e8 fissata per sabato alle 12, con finale domenica alle 15.<\/p>\n<p class=\"is-last-update\" datetime=\"2025-11-17T16:45:22+01:00\">17 novembre 2025 ( modifica il 17 novembre 2025 | 16:45)<\/p>\n<p class=\"is-copyright\">\n            \u00a9 RIPRODUZIONE RISERVATA\n        <\/p>\n","protected":false},"excerpt":{"rendered":"di Marco Calabresi L&#8217;Italia di Coppa Davis a Bologna difende i due titoli consecutivi senza Sinner e Musetti.&hellip;\n","protected":false},"author":3,"featured_media":219567,"comment_status":"","ping_status":"","sticky":false,"template":"","format":"standard","meta":{"footnotes":"","_share_on_mastodon":"0"},"categories":[1457],"tags":[8236,291,3049,15394,586,8597,20222,4297,24184,9849,1906,1426,130732,1537,90,130733,130734,89,4559,3419,3673,61175,130735,13593,1924,366,245,244,1273],"class_list":["post-219566","post","type-post","status-publish","format-standard","has-post-thumbnail","category-tennis","tag-austria","tag-belgio","tag-berrettini","tag-bolelli","tag-bologna","tag-calendario","tag-cobolli","tag-coppa","tag-coppa-davis","tag-davis","tag-doppio","tag-finale","tag-finale-austria","tag-it","tag-italia","tag-italia-coppa","tag-italia-coppa-davis","tag-italy","tag-mercoledi","tag-musetti","tag-quarto","tag-quarto-finale","tag-quarto-finale-austria","tag-regolamento","tag-semifinale","tag-sinner","tag-sport","tag-sports","tag-tennis"],"share_on_mastodon":{"url":"https:\/\/pubeurope.com\/@it\/115566131622403853","error":""},"_links":{"self":[{"href":"https:\/\/www.europesays.com\/it\/wp-json\/wp\/v2\/posts\/219566","targetHints":{"allow":["GET"]}}],"collection":[{"href":"https:\/\/www.europesays.com\/it\/wp-json\/wp\/v2\/posts"}],"about":[{"href":"https:\/\/www.europesays.com\/it\/wp-json\/wp\/v2\/types\/post"}],"author":[{"embeddable":true,"href":"https:\/\/www.europesays.com\/it\/wp-json\/wp\/v2\/users\/3"}],"replies":[{"embeddable":true,"href":"https:\/\/www.europesays.com\/it\/wp-json\/wp\/v2\/comments?post=219566"}],"version-history":[{"count":0,"href":"https:\/\/www.europesays.com\/it\/wp-json\/wp\/v2\/posts\/219566\/revisions"}],"wp:featuredmedia":[{"embeddable":true,"href":"https:\/\/www.europesays.com\/it\/wp-json\/wp\/v2\/media\/219567"}],"wp:attachment":[{"href":"https:\/\/www.europesays.com\/it\/wp-json\/wp\/v2\/media?parent=219566"}],"wp:term":[{"taxonomy":"category","embeddable":true,"href":"https:\/\/www.europesays.com\/it\/wp-json\/wp\/v2\/categories?post=219566"},{"taxonomy":"post_tag","embeddable":true,"href":"https:\/\/www.europesays.com\/it\/wp-json\/wp\/v2\/tags?post=219566"}],"curies":[{"name":"wp","href":"https:\/\/api.w.org\/{rel}","templated":true}]}}