{"id":219578,"date":"2025-11-17T17:14:10","date_gmt":"2025-11-17T17:14:10","guid":{"rendered":"https:\/\/www.europesays.com\/it\/219578\/"},"modified":"2025-11-17T17:14:10","modified_gmt":"2025-11-17T17:14:10","slug":"michelle-decide-di-abbandonare-la-scuola-opi-affronta-anna-pettinelli-dopo-la-puntata-video","status":"publish","type":"post","link":"https:\/\/www.europesays.com\/it\/219578\/","title":{"rendered":"Michelle decide di abbandonare la scuola, Opi affronta Anna Pettinelli dopo la puntata (VIDEO)"},"content":{"rendered":"<p>A grande sorpresa, Michelle ha raggiunto Lorella Cuccarini per comunicarle la sua decisione di voler lasciare Amici. Opi, invece, ha deciso di affrontare Anna Pettinelli per farle una richiesta davvero inaspettata.<\/p>\n<p><strong>Colpo di scena nella scuola di Amici<\/strong>, il talent show giunto alla sua 25esima edizione. A grande sorpresa, <strong>Michelle Cavallaro ha comunicato a Lorella Cuccarini la sua decisione di abbandonare la scuola<\/strong>, mentre <strong>Opi ha deciso di affrontare Anna Pettinelli<\/strong> e farle una <strong>richiesta davvero inaspettata<\/strong>.<\/p>\n<p>Michelle lascia Amici 25<\/p>\n<p>Nel daytime di oggi di <strong>Amici 25<\/strong>, <strong>Michelle Cavallaro ha deciso di lasciare definitivamente la scuola<\/strong>. Delusa e dispiaciuta per essere arrivata ancora una volta <strong>ultima nella classifica stilata da Ermal Meta e Alessandro Cattelan<\/strong>, la giovane allieva <strong>ha chiesto di poter incontrare la sua coach Lorella Cuccarini e comunicarle la sua decisione<\/strong>:<\/p>\n<blockquote><p>Non mi sento tanto pronta, mi sento piccola e che \u00e8 tutto pi\u00f9 grande. Ho ancora tanto lavoro da fare, non so come scusarmi, non vorrei averle fatto perdere tempo [&#8230;] Tengo davvero tanto a questo posto, ma mi tiro indietro&#8230;non lo faccio perch\u00e9 non ho il coraggio di affrontarlo ma perch\u00e9 sono molto consapevole di non poterlo fare in questo momento.<\/p><\/blockquote>\n<p>Leggi anche&#13;<br \/>\n\t<a href=\"https:\/\/www.comingsoon.it\/vip\/news\/amici-25-le-pagelle-della-puntata-di-domenica-16-novembre-la-rivincita-di\/n211718\/\" class=\"trkLeggiAnche\" title=\"Le pagelle dell&#039;ultima puntata di Amici 25\" rel=\"nofollow noopener\" target=\"_blank\">Le pagelle dell&#8217;ultima puntata di Amici 25<\/a><\/p>\n<p>La scelta della ragazza ha colpito la Cuccarini che, per\u00f2, ha rivelato di aver apprezzato la sua maturit\u00e0: &#8220;Eri una scommessa, ognuno ha i suoi tempi. Non c&#8217;\u00e8 niente di male a sentire che questo non \u00e8 il momento giusto&#8221;. A grande sorpresa, la professoressa di canto le ha poi comunicato che, <strong>se vorr\u00e0, potr\u00e0 ripresentarsi pi\u00f9 avanti e riprendere il suo percorso<\/strong>: &#8220;Avresti la possibilit\u00e0 di ripresentarti nei prossimi anni. \u200bQuesta tua consapevolezza \u00e8 un passo di maturit\u00e0. Mi raccomando per\u00f2 studia, prova e prendi pi\u00f9 sicurezza in te &#8220;.<\/p>\n<p>Opi spiazza Anna Pettinelli<\/p>\n<p>Dopo <strong>l&#8217;addio di Michelle Cavallaro<\/strong>, nel daytime \u00e8 andato in onda il tanto atteso <strong>confronto tra Opi e Anna Pettinelli<\/strong>. Ancora incredulo di essere riuscito a superare l&#8217;esame, il giovane cantante <strong>ha deciso di incontrare la sua insegnante e farle una richiesta davvero inaspettata<\/strong>. Avendo visto per la prima volta dei risultati, l&#8217;allievo<strong> ha chiesto di poter essere seguito nella scelta dei brani da Giordana Angi<\/strong>.<\/p>\n<p>&#8220;Volevo chiederle se potevo continuare con Giordana e i vocal a scegliere le cover perch\u00e9 oggi ho sentito di dare qualcosa in pi\u00f9. Guardando il mese che ho fatto qua sono sempre arrivato ultimo&#8230;&#8221; ha domandato Opi, spiazzando la Pettinelli, che non \u00e8 riuscita a nascondere il suo fastidio: &#8220;La scelta dei pezzi \u00e8 il mio lavoro, se non ti scelgo i pezzi che ci sto a fare qua? Io non posso lasciare la tua vita artistica qua dentro nelle tue mani&#8230;Non mi \u00e8 mai successo, \u00e8 una cosa che mi lascia molto perplessa&#8221;. Cosa decider\u00e0 di fare Anna?<\/p>\n<p>Scopri le ultime news su <a href=\"https:\/\/www.comingsoon.it\/tv\/amici\/1\/scheda\/\" target=\"_blank\" title=\"Amici\" rel=\"nofollow noopener\"><strong>Amici<\/strong><\/a>.<\/p>\n","protected":false},"excerpt":{"rendered":"A grande sorpresa, Michelle ha raggiunto Lorella Cuccarini per comunicarle la sua decisione di voler lasciare Amici. Opi,&hellip;\n","protected":false},"author":3,"featured_media":219579,"comment_status":"","ping_status":"","sticky":false,"template":"","format":"standard","meta":{"footnotes":""},"categories":[1444],"tags":[203,204,1537,90,89,253],"class_list":{"0":"post-219578","1":"post","2":"type-post","3":"status-publish","4":"format-standard","5":"has-post-thumbnail","7":"category-tv","8":"tag-entertainment","9":"tag-intrattenimento","10":"tag-it","11":"tag-italia","12":"tag-italy","13":"tag-tv"},"share_on_mastodon":{"url":"https:\/\/pubeurope.com\/@it\/115566167241556784","error":""},"_links":{"self":[{"href":"https:\/\/www.europesays.com\/it\/wp-json\/wp\/v2\/posts\/219578","targetHints":{"allow":["GET"]}}],"collection":[{"href":"https:\/\/www.europesays.com\/it\/wp-json\/wp\/v2\/posts"}],"about":[{"href":"https:\/\/www.europesays.com\/it\/wp-json\/wp\/v2\/types\/post"}],"author":[{"embeddable":true,"href":"https:\/\/www.europesays.com\/it\/wp-json\/wp\/v2\/users\/3"}],"replies":[{"embeddable":true,"href":"https:\/\/www.europesays.com\/it\/wp-json\/wp\/v2\/comments?post=219578"}],"version-history":[{"count":0,"href":"https:\/\/www.europesays.com\/it\/wp-json\/wp\/v2\/posts\/219578\/revisions"}],"wp:featuredmedia":[{"embeddable":true,"href":"https:\/\/www.europesays.com\/it\/wp-json\/wp\/v2\/media\/219579"}],"wp:attachment":[{"href":"https:\/\/www.europesays.com\/it\/wp-json\/wp\/v2\/media?parent=219578"}],"wp:term":[{"taxonomy":"category","embeddable":true,"href":"https:\/\/www.europesays.com\/it\/wp-json\/wp\/v2\/categories?post=219578"},{"taxonomy":"post_tag","embeddable":true,"href":"https:\/\/www.europesays.com\/it\/wp-json\/wp\/v2\/tags?post=219578"}],"curies":[{"name":"wp","href":"https:\/\/api.w.org\/{rel}","templated":true}]}}