{"id":219999,"date":"2025-11-17T23:04:15","date_gmt":"2025-11-17T23:04:15","guid":{"rendered":"https:\/\/www.europesays.com\/it\/219999\/"},"modified":"2025-11-17T23:04:15","modified_gmt":"2025-11-17T23:04:15","slug":"come-sono-morte-le-gemelle-ellen-e-alice-kessler-volti-iconici-della-tv-italiana","status":"publish","type":"post","link":"https:\/\/www.europesays.com\/it\/219999\/","title":{"rendered":"Come sono morte le gemelle Ellen e Alice Kessler volti iconici della TV italiana"},"content":{"rendered":"<p data-journey-content=\"true\" data-node-id=\"1\" class=\"css-6wxqfj emevuu60\">Se ne sono andate insieme in un giorno di novembre, nelle case attigue in cui vivevano  a Gr\u00fcnwald, vicino a Monaco di Baviera. Erano separate solo da una porta scorrevole, cos\u00ec avevano deciso di vivere molti anni fa. E cos\u00ec hanno deciso di morire:<strong data-node-id=\"1.1\"> vicine, nello stesso giorno e allo stesso modo<\/strong>. Hanno scelto il <strong data-node-id=\"1.3\">suicidio assistito<\/strong>, cos\u00ec sostengono i media tedeschi, mentre ancora le autorit\u00e0 provano a individuare le circostanze della loro scomparsa. Lo avevano detto in diverse occasioni: &#8220;Vogliamo morire insieme, vogliamo condividere la stessa urna&#8221;. Le <a href=\"https:\/\/www.elle.com\/it\/showbiz\/celebrities\/news\/a172286\/gemelle-kessler-storia-delle-dive-della-tv-italiana\/\" target=\"_blank\" data-vars-ga-outbound-link=\"https:\/\/www.elle.com\/it\/showbiz\/celebrities\/news\/a172286\/gemelle-kessler-storia-delle-dive-della-tv-italiana\/\" data-vars-ga-ux-element=\"Hyperlink\" data-vars-ga-call-to-action=\"gemelle Alice ed Ellen Kessler\" data-node-id=\"1.5\" class=\"body-link css-103hk4r emevuu60\" rel=\"nofollow noopener\">gemelle <strong data-node-id=\"1.5.1\">Alice ed Ellen Kessler<\/strong><\/a> erano il simbolo di due nazioni, la Germania dove erano nate e cresciute e l&#8217;Italia, che per decenni le ha acclamate come showgirl. Come tali, ovvero due icone che hanno segnato il mondo dello spettacolo e della danza, oggi che se ne sono andate a 89 anni, il mondo le ricorda. <\/p>\n<p><img draggable=\"true\" alt=\"circus roncalli &quot;storyteller gestern heute morgen&quot; premiere in munich\" title=\"Circus Roncalli &quot;Storyteller - Gestern - Heute - Morgen&quot; Premiere In Munich\" loading=\"lazy\" width=\"3712\" height=\"5568\" decoding=\"async\" data-nimg=\"1\" style=\"color:transparent;width:100%;height:auto;\"   src=\"https:\/\/www.europesays.com\/it\/wp-content\/uploads\/2025\/11\/alice-and-ellen-kessler-at-the-premiere-of-circus-roncallis-news-photo-1763397251.pjpeg\" class=\"css-0 e1g79fud0\"\/><a target=\"_blank\" rel=\"noopener nofollow\" data-theme-key=\"base-link\" href=\"https:\/\/pinterest.com\/pin\/create\/button\/?url=https:\/\/www.elle.com\/it\/showbiz\/tv\/a69459050\/gemelle-kessler-alice-ellen-kessler-morte-insieme-cause-programmi-tv-italiana\/&amp;description=elleitalia&amp;media=https:\/\/hips.hearstapps.com\/hmg-prod\/images\/alice-and-ellen-kessler-at-the-premiere-of-circus-roncallis-news-photo-1763397251.pjpeg?resize=1600:*\" class=\"pinterest css-on9hn5 e1c1bym14\"><img decoding=\"async\" data-dynamic-svg=\"true\" src=\"https:\/\/www.elle.com\/_assets\/design-tokens\/fre\/static\/icons\/social\/pinterest.e8cf655.svg?primary=%2523ffffff\" loading=\"lazy\" data-testid=\"dynamic-svg-base\" height=\"auto\" width=\"auto\" alt=\"pinterest\" class=\"css-4lml0h e1mlxuuw1\"\/><\/a>Hannes Magerstaedt\/\/Getty Images<\/p>\n<p>Le gemelle Kessler fotografate nel 2019<\/p>\n<p>La rivoluzione culturale del secondo Dopoguerra al suono del &#8220;Da-da-um-pa&#8221;<\/p>\n<p data-journey-content=\"true\" data-node-id=\"9\" class=\"body-text css-6wxqfj emevuu60\">&#8220;Lavorare insieme ci ha unito&#8221;, avevano raccontato Alice ed Ellen in un&#8217;intervista del 2024 al Corriere della Sera. &#8220;Siamo rimaste cos\u00ec in simbiosi anche perch\u00e9 tutte e due avevamo da subito, da quando eravamo ragazzine, un&#8217;idea molto chiara: dovevamo essere indipendenti. <strong data-node-id=\"9.3\">Non volevamo dipendere da un uomo in nessuna maniera<\/strong>&#8220;.  E ferme in questo proposito sono rimaste: hanno avuto molte relazioni con uomini belli, famosi, invidiati, ma mai a nessuno hanno affidato le chiavi del loro cuore n\u00e9 della loro indipendenza. <strong data-node-id=\"9.5\">Una scelta per alcuni inquietante, per loro l&#8217;unico destino possibile<\/strong>.<\/p>\n<p data-journey-content=\"true\" data-node-id=\"12\" class=\"body-text css-6wxqfj emevuu60\">&#8220;<strong data-node-id=\"12.1\">Eravamo femministe ma senza pensarci<\/strong>: da quando avevamo 15 anni abbiamo iniziato a guadagnarci da sole la nostra vita&#8221;, avevano ricordato, ripercorrendo il viale della memoria. Un viaggio che non pu\u00f2 che riportarci al 1961, l&#8217;anno in cui le Kessler sono arrivate in Italia forti di una gavetta macinata a suon di allenamenti serrati e di ferrea aderenza alla coreografia. <strong data-node-id=\"12.5\">In quegli anni l&#8217;Italia si trova nel pieno del boom economico, la guerra \u00e8 un ricordo ancora vivido ma non fa pi\u00f9 cos\u00ec paura<\/strong>. La Rai vuole svecchiare il suo parterre di volti e di programmi, vuole farsi riflesso della voglia di vivere degli spettatori. La tv, che fino a quel momento ha avuto principalmente una funzione educativa, ha bisogno di diventare anche intrattenimento, di alleggerire il peso del passato e di delineare con tratti pi\u00f9 sereni il futuro.<\/p>\n<p><img draggable=\"true\" alt=\"kessler twins (alice and ellen) actresses, dancers, germany *20.08.1936 scene from the movie 'der graf von luxemburg' directed by: werner jacobs west germany 1957 produced by: ccc film gmbh vintage property of ullstein bild\" title=\"Kessler-Twins (Alice and Ellen) - Actresses, Dancers, Germany - *20.08.1936- Scene from the movie 'Der Graf von Luxemburg' Directed by: Werner Jacobs West Germany 1957 Produced by: CCC Film GmbH Vintage property of ullstein bild\" loading=\"lazy\" width=\"2724\" height=\"3714\" decoding=\"async\" data-nimg=\"1\" style=\"color:transparent;width:100%;height:auto;\"   src=\"https:\/\/www.europesays.com\/it\/wp-content\/uploads\/2025\/11\/kessler-twins-actresses-dancers-germany-scene-from-the-news-photo-1763398532.pjpeg\" class=\"css-0 e1g79fud0\"\/><a target=\"_blank\" rel=\"noopener nofollow\" data-theme-key=\"base-link\" href=\"https:\/\/pinterest.com\/pin\/create\/button\/?url=https:\/\/www.elle.com\/it\/showbiz\/tv\/a69459050\/gemelle-kessler-alice-ellen-kessler-morte-insieme-cause-programmi-tv-italiana\/&amp;description=elleitalia&amp;media=https:\/\/hips.hearstapps.com\/hmg-prod\/images\/kessler-twins-actresses-dancers-germany-scene-from-the-news-photo-1763398532.pjpeg?resize=1600:*\" class=\"pinterest css-on9hn5 e1c1bym14\"><img decoding=\"async\" data-dynamic-svg=\"true\" src=\"https:\/\/www.elle.com\/_assets\/design-tokens\/fre\/static\/icons\/social\/pinterest.e8cf655.svg?primary=%2523ffffff\" loading=\"lazy\" data-testid=\"dynamic-svg-base\" height=\"auto\" width=\"auto\" alt=\"pinterest\" class=\"css-4lml0h e1mlxuuw1\"\/><\/a>ullstein bild Dtl.\/\/Getty Images<\/p>\n<p>Le gemelle Kessler prima dell\u2019arrivo in Rai<\/p>\n<p> Quei collant coprenti che dovevano nascondere un metro di gambe<\/p>\n<p data-journey-content=\"true\" data-node-id=\"19\" class=\"body-text css-6wxqfj emevuu60\">Nate in Sassonia nel 1936, le due sorelle imparano la <strong data-node-id=\"19.1\">disciplina della danza dai rigidi maestri di ballo<\/strong> della Germania dell&#8217;Est. Negli anni Cinquanta fuggono in quella dell&#8217;Ovest, pi\u00f9 liberale, per mettere in atto il loro piano ambizioso: farsi conoscere, portare la loro arte nel mondo. Giunte poi in Francia, sempre insieme, sempre in sincronia, si uniscono a vari corpi di ballo sotto quell&#8217;etichetta di &#8220;gemelle Kessler&#8221; che le avrebbe accompagnate per tutta la vita. A Parigi, durante uno spettacolo, il ballerino <strong data-node-id=\"19.3\">Don Lurio<\/strong>, gi\u00e0 noto in Italia, le individua tra una mare di altre performer, se ne innamora, le porta con s\u00e9. Sono perfette per Giardino d&#8217;Inverno, un nuovo programma di Rai 1. Ellen e Alice cantano anche, sono precise nei movimenti, delle vere professioniste. <strong data-node-id=\"19.7\">Ma la loro estetica \u00e8 troppo estrema, troppo perturbante<\/strong> per il pubblico di famiglie cui l&#8217;azienda si rivolge: i body sgambati e il metro di gambe delle gemelle, ben 105 centimetri di perfezione, <strong data-node-id=\"19.9\">rischia di accendere troppo i sensi degli italiani, figli di una cultura bigotta e iper-religiosa<\/strong>. La Rai impone dunque loro calze nere coprenti per ammantare la tentazione di un velo pi\u00f9 austero, pur mantenendo il body, che diventer\u00e0 la cifra stilistica delle loro esibizioni e del loro stile. Cos\u00ec nasce il mito delle gemelle Kessler in Italia, che poi esplode a Studio Uno a partire dal 1961, quando entrano nel cast fisso del programma, intonando e ballando anche la sigla del variet\u00e0: inizia l&#8217;epoca del &#8220;<strong data-node-id=\"19.13\">Da-da-un-pa&#8221;<\/strong>.<\/p>\n<p><img draggable=\"true\" alt=\"kessler zwillinge\" title=\"Kessler Zwillinge\" loading=\"lazy\" width=\"5340\" height=\"5123\" decoding=\"async\" data-nimg=\"1\" style=\"color:transparent;width:100%;height:auto;\"   src=\"https:\/\/www.europesays.com\/it\/wp-content\/uploads\/2025\/11\/the-kessler-twins-the-famous-twins-of-the-german-show-news-photo-1763397693.pjpeg\" class=\"css-0 e1g79fud0\"\/><a target=\"_blank\" rel=\"noopener nofollow\" data-theme-key=\"base-link\" href=\"https:\/\/pinterest.com\/pin\/create\/button\/?url=https:\/\/www.elle.com\/it\/showbiz\/tv\/a69459050\/gemelle-kessler-alice-ellen-kessler-morte-insieme-cause-programmi-tv-italiana\/&amp;description=elleitalia&amp;media=https:\/\/hips.hearstapps.com\/hmg-prod\/images\/the-kessler-twins-the-famous-twins-of-the-german-show-news-photo-1763397693.pjpeg?resize=1600:*\" class=\"pinterest css-on9hn5 e1c1bym14\"><img decoding=\"async\" data-dynamic-svg=\"true\" src=\"https:\/\/www.elle.com\/_assets\/design-tokens\/fre\/static\/icons\/social\/pinterest.e8cf655.svg?primary=%2523ffffff\" loading=\"lazy\" data-testid=\"dynamic-svg-base\" height=\"auto\" width=\"auto\" alt=\"pinterest\" class=\"css-4lml0h e1mlxuuw1\"\/><\/a>United Archives\/\/Getty Images<\/p>\n<p>Le gemelle Kessler nel 1970, negli d\u2019oro del successo televisivo<\/p>\n<p data-journey-content=\"true\" data-node-id=\"24\" class=\"css-6wxqfj emevuu60\">Arriveranno poi La notte \u00e8 piccola, le partecipazioni in film importanti, la collaborazione con Dino Risi, Alberto Soldi, l&#8217;esordio a teatro con Bertolt Brecht. <strong data-node-id=\"24.3\">Alice ed Ellen funzionano sulla tv pubblica ma anche sul grande schermo perch\u00e9 <\/strong><strong data-node-id=\"24.4\">incarnano <\/strong><strong data-node-id=\"24.5\">un modello di bellezza non disturbante<\/strong>, che non genera l&#8217;invidia delle donne e i pensieri immorali degli uomini. Il loro successo per tutti gli anni Sessanta e Settanta \u00e8 strabordante. Sono brave, sanno cantare e ballare, lo fanno all&#8217;unisono, le coreografie che propongono sono complesse e sempre perfette. A loro si ispireranno, negli anni Ottanta, <strong data-node-id=\"24.7\"><a href=\"https:\/\/www.elle.com\/it\/moda\/street-style\/a69376998\/giacca-pelle-lorella-cuccarini-inverno-2025\/\" target=\"_blank\" data-vars-ga-outbound-link=\"https:\/\/www.elle.com\/it\/moda\/street-style\/a69376998\/giacca-pelle-lorella-cuccarini-inverno-2025\/\" data-vars-ga-ux-element=\"Hyperlink\" data-vars-ga-call-to-action=\"Lorella Cuccarini\" data-node-id=\"24.7.0\" class=\"body-link css-103hk4r emevuu60\" rel=\"nofollow noopener\">Lorella Cuccarini<\/a> e Heather Parisi<\/strong>, star di Fantastico con Pippo Baudo. Anche grazie alla partecipazione delle Kessler nei programmi pi\u00f9 popolari della tv di quegli anni, in appena un ventennio la valletta diventa parte attiva dello show, con competenze e capacit\u00e0 che il conduttore (maschio) non possiede. La rivoluzione l&#8217;avrebbe fatta poi <strong data-node-id=\"24.11\">Raffaella Carr\u00e0<\/strong>, diventando lei stessa una prima donna dello spettacolo capace di fare tutto, cantare, ballare, condurre, recitare. Un fil rouge che le sorelle tedesche avevano gi\u00e0 seguito in anni non sospetti.  <\/p>\n<p><img draggable=\"true\" alt=\"festival di sanremo 2014 day 2\" title=\"Festival di Sanremo 2014 - Day 2\" loading=\"lazy\" width=\"4256\" height=\"2832\" decoding=\"async\" data-nimg=\"1\" style=\"color:transparent;width:100%;height:auto;\"   src=\"https:\/\/www.europesays.com\/it\/wp-content\/uploads\/2025\/11\/luciana-littizzetto-and-gemelle-kessler-attend-the-second-news-photo-1763399404.pjpeg\" class=\"css-0 e1g79fud0\"\/><a target=\"_blank\" rel=\"noopener nofollow\" data-theme-key=\"base-link\" href=\"https:\/\/pinterest.com\/pin\/create\/button\/?url=https:\/\/www.elle.com\/it\/showbiz\/tv\/a69459050\/gemelle-kessler-alice-ellen-kessler-morte-insieme-cause-programmi-tv-italiana\/&amp;description=elleitalia&amp;media=https:\/\/hips.hearstapps.com\/hmg-prod\/images\/luciana-littizzetto-and-gemelle-kessler-attend-the-second-news-photo-1763399404.pjpeg?resize=1600:*\" class=\"pinterest css-on9hn5 e1c1bym14\"><img decoding=\"async\" data-dynamic-svg=\"true\" src=\"https:\/\/www.elle.com\/_assets\/design-tokens\/fre\/static\/icons\/social\/pinterest.e8cf655.svg?primary=%2523ffffff\" loading=\"lazy\" data-testid=\"dynamic-svg-base\" height=\"auto\" width=\"auto\" alt=\"pinterest\" class=\"css-4lml0h e1mlxuuw1\"\/><\/a>Daniele Venturelli\/\/Getty Images<\/p>\n<p>Le gemelle Kessler sul palco dell\u2019Ariston nel 2014<\/p>\n<p>L&#8217;addio alla TV<\/p>\n<p data-journey-content=\"true\" data-node-id=\"28\" class=\"css-6wxqfj emevuu60\">A partire dagli anni Novanta, forse fagocitate dalle nuove e prorompenti personalit\u00e0 televisive in auge, le Kessler decidono di fare un passo indietro: comprano due villette adiacenti a Monaco di Baviera, abbandonano la tv. &#8220;Abbiamo deciso di non fare pi\u00f9 nulla e la nostra scelta resta quella. Riceviamo di continuo richieste di tornare ma rifiutiamo tutto, non ci attira niente: non vogliamo pi\u00f9 apparire&#8221;, avevano detto al Corriere l&#8217;anno scorso per celebrare i loro 88 anni. Un anno dopo, il 17 novembre del 2025, hanno deciso di onorare quel desiderio gi\u00e0 profetizzato in diverse occasioni. &#8220;<strong data-node-id=\"28.3\">Il nostro sogno \u00e8 andarcene insieme, lo stesso giorno. L\u2019idea che a una delle due capiti prima \u00e8 molto difficile da sopportare<\/strong>&#8220;. Lo avevano annunciato, cos\u00ec hanno compiuto il loro destino.<\/p>\n<p>Related Stories<\/p>\n","protected":false},"excerpt":{"rendered":"Se ne sono andate insieme in un giorno di novembre, nelle case attigue in cui vivevano a Gr\u00fcnwald,&hellip;\n","protected":false},"author":3,"featured_media":220000,"comment_status":"","ping_status":"","sticky":false,"template":"","format":"standard","meta":{"footnotes":""},"categories":[1451],"tags":[130890,1621,1620,130893,203,130891,204,1537,90,89,130892],"class_list":{"0":"post-219999","1":"post","2":"type-post","3":"status-publish","4":"format-standard","5":"has-post-thumbnail","7":"category-celebrita","8":"tag-alice-ed-ellen-kessler","9":"tag-celebrita","10":"tag-celebrities","11":"tag-come-sono-morte-le-gemelle-kessler","12":"tag-entertainment","13":"tag-gemelle-kessler","14":"tag-intrattenimento","15":"tag-it","16":"tag-italia","17":"tag-italy","18":"tag-storia-della-tv"},"share_on_mastodon":{"url":"","error":""},"_links":{"self":[{"href":"https:\/\/www.europesays.com\/it\/wp-json\/wp\/v2\/posts\/219999","targetHints":{"allow":["GET"]}}],"collection":[{"href":"https:\/\/www.europesays.com\/it\/wp-json\/wp\/v2\/posts"}],"about":[{"href":"https:\/\/www.europesays.com\/it\/wp-json\/wp\/v2\/types\/post"}],"author":[{"embeddable":true,"href":"https:\/\/www.europesays.com\/it\/wp-json\/wp\/v2\/users\/3"}],"replies":[{"embeddable":true,"href":"https:\/\/www.europesays.com\/it\/wp-json\/wp\/v2\/comments?post=219999"}],"version-history":[{"count":0,"href":"https:\/\/www.europesays.com\/it\/wp-json\/wp\/v2\/posts\/219999\/revisions"}],"wp:featuredmedia":[{"embeddable":true,"href":"https:\/\/www.europesays.com\/it\/wp-json\/wp\/v2\/media\/220000"}],"wp:attachment":[{"href":"https:\/\/www.europesays.com\/it\/wp-json\/wp\/v2\/media?parent=219999"}],"wp:term":[{"taxonomy":"category","embeddable":true,"href":"https:\/\/www.europesays.com\/it\/wp-json\/wp\/v2\/categories?post=219999"},{"taxonomy":"post_tag","embeddable":true,"href":"https:\/\/www.europesays.com\/it\/wp-json\/wp\/v2\/tags?post=219999"}],"curies":[{"name":"wp","href":"https:\/\/api.w.org\/{rel}","templated":true}]}}