{"id":220046,"date":"2025-11-17T23:41:14","date_gmt":"2025-11-17T23:41:14","guid":{"rendered":"https:\/\/www.europesays.com\/it\/220046\/"},"modified":"2025-11-17T23:41:14","modified_gmt":"2025-11-17T23:41:14","slug":"nvidia-cresce-la-speculazione-il-fondo-di-thiel-esce-dal-capitale","status":"publish","type":"post","link":"https:\/\/www.europesays.com\/it\/220046\/","title":{"rendered":"Nvidia, cresce la speculazione: il fondo di Thiel esce dal capitale"},"content":{"rendered":"<p>Ascolta la versione audio dell&#8217;articolo<\/p>\n<p class=\"atext\">Mai come stavolta, Nvidia dovr\u00e0 stupire. In vista dei prossimi conti trimestrali, che il colosso californiano pubblicher\u00e0 mercoled\u00ec a mercati chiusi, l\u2019aria attorno all\u2019azienda e ai titoli legati visceralmente all\u2019intelligenza artificiale, si \u00e8 fatta pesante. Il timore di una bolla sembra una febbre pronta a salire. E alcune mosse degli ultimi giorni, sembrano andare in questa direzione.<\/p>\n<p>Il visionario<\/p>\n<p class=\"atext\">Nelle ultime ore, infatti, \u00e8 emerso che il fondo hedge di Peter Thiel, Thiel Macro, ha venduto l\u2019intera partecipazione in Nvidia durante il terzo trimestre, sollevando nuovi timori sulla formazione di una bolla nel settore dell\u2019intelligenza artificiale. Thiel \u00e8 considerato uno dei visionari della Silicon Valley. Ha co-fondato (con Elon Musk) Pay Pal. \u00c8 stato poi fra i primi investitori di Facebook. E ha messo in piedi Palantir. Un curriculum, insomma, strettamente connesso a scelte vincenti, nel mondo dell\u2019innovazione.<\/p>\n<p class=\"atext\">E ora che il suo hedge ha deciso di vendere la partecipazione in Nvidia, chiaramente non passa inosservato.<\/p>\n<p class=\"atext\">Secondo il filing depositato nelle scorse settimane, il fondo ha ceduto circa 537.742 azioni del produttore di chip con sede a Santa Clara. Calcolata al prezzo di chiusura del 30 settembre, la quota avrebbe avuto un valore di circa 100 milioni di dollari.<\/p>\n<p><a class=\"aprev aprev--acor aprev--acor-small aprev--shline\" href=\"https:\/\/www.ilsole24ore.com\/sez\/motori\/auto\/cercassicurazioni\" rel=\"nofollow noopener\" target=\"_blank\"><img decoding=\"async\" class=\"img-fluid\" src=\"https:\/\/www.europesays.com\/it\/wp-content\/uploads\/2025\/08\/258x258.png\" alt=\"Scopri di pi\u00f9\"\/><\/a><a class=\"aprev aprev--acor aprev--acor-small aprev--shline\" href=\"https:\/\/abbonamenti.ilsole24ore.com\/exco\/addToCart?sku=Z.SP_AXXAY8&amp;tipoAbbonamento=annuale&amp;tipoConsegna=noConsegna&amp;utm_medium=posizioni_marketing\" rel=\"nofollow noopener\" target=\"_blank\"><img decoding=\"async\" class=\"img-fluid\" src=\"https:\/\/www.europesays.com\/it\/wp-content\/uploads\/2025\/08\/258x258.png\" alt=\"Scopri di pi\u00f9\"\/><\/a><\/p>\n<p>Campanello d\u2019allarme<\/p>\n<p class=\"atext\">La decisione di Thiel \u00e8 sicuramente un campanello d\u2019allarme per gli investitori che cavalcano l\u2019onda dell\u2019AI. Soprattutto perch\u00e9 arriva a pochi giorni dalla mossa analoga di SoftBank, che la settimana scorsa ha a sua volta venduto parte delle sue partecipazioni in Nvidia. Una combinazione che ha alimentato il nervosismo di Wall Street: la corsa alle valutazioni record dei titoli tecnologici potrebbe aver raggiunto un punto di massimo, con il rischio di mettere sotto pressione i trilioni di dollari riversati finora nello sviluppo dell\u2019AI.<\/p>\n","protected":false},"excerpt":{"rendered":"Ascolta la versione audio dell&#8217;articolo Mai come stavolta, Nvidia dovr\u00e0 stupire. In vista dei prossimi conti trimestrali, che&hellip;\n","protected":false},"author":3,"featured_media":220047,"comment_status":"","ping_status":"","sticky":false,"template":"","format":"standard","meta":{"footnotes":""},"categories":[172],"tags":[178,177,1537,90,89],"class_list":{"0":"post-220046","1":"post","2":"type-post","3":"status-publish","4":"format-standard","5":"has-post-thumbnail","7":"category-affari","8":"tag-affari","9":"tag-business","10":"tag-it","11":"tag-italia","12":"tag-italy"},"share_on_mastodon":{"url":"https:\/\/pubeurope.com\/@it\/115567688845414258","error":""},"_links":{"self":[{"href":"https:\/\/www.europesays.com\/it\/wp-json\/wp\/v2\/posts\/220046","targetHints":{"allow":["GET"]}}],"collection":[{"href":"https:\/\/www.europesays.com\/it\/wp-json\/wp\/v2\/posts"}],"about":[{"href":"https:\/\/www.europesays.com\/it\/wp-json\/wp\/v2\/types\/post"}],"author":[{"embeddable":true,"href":"https:\/\/www.europesays.com\/it\/wp-json\/wp\/v2\/users\/3"}],"replies":[{"embeddable":true,"href":"https:\/\/www.europesays.com\/it\/wp-json\/wp\/v2\/comments?post=220046"}],"version-history":[{"count":0,"href":"https:\/\/www.europesays.com\/it\/wp-json\/wp\/v2\/posts\/220046\/revisions"}],"wp:featuredmedia":[{"embeddable":true,"href":"https:\/\/www.europesays.com\/it\/wp-json\/wp\/v2\/media\/220047"}],"wp:attachment":[{"href":"https:\/\/www.europesays.com\/it\/wp-json\/wp\/v2\/media?parent=220046"}],"wp:term":[{"taxonomy":"category","embeddable":true,"href":"https:\/\/www.europesays.com\/it\/wp-json\/wp\/v2\/categories?post=220046"},{"taxonomy":"post_tag","embeddable":true,"href":"https:\/\/www.europesays.com\/it\/wp-json\/wp\/v2\/tags?post=220046"}],"curies":[{"name":"wp","href":"https:\/\/api.w.org\/{rel}","templated":true}]}}