{"id":220217,"date":"2025-11-18T02:27:11","date_gmt":"2025-11-18T02:27:11","guid":{"rendered":"https:\/\/www.europesays.com\/it\/220217\/"},"modified":"2025-11-18T02:27:11","modified_gmt":"2025-11-18T02:27:11","slug":"lalleanza-woke-islam-ricorda-il-vecchio-patto-tra-comunisti-e-nazisti","status":"publish","type":"post","link":"https:\/\/www.europesays.com\/it\/220217\/","title":{"rendered":"\u00abL\u2019alleanza woke-islam ricorda il vecchio patto tra comunisti e nazisti\u00bb"},"content":{"rendered":"<p>Il saggista Mario Adinolfi: \u00abMamdani filo gay? No, \u00e8 solo il cavallo di Troia dei musulmani. I cattolici meritano pi\u00f9 attenzione dal governo\u00bb.\u00abNon ho problemi a dire che Zohran Mamdani far\u00e0 pi\u00f9 danni a New York degli attentatori dell\u201911 settembre\u00bb.Mario Adinolfi, giornalista, presidente del movimento cattolico del Popolo della Famiglia, nonch\u00e9 fondatore del Partito democratico, ai tempi di Veltroni. Sta davvero parlando del neosindaco di New York, socialista e musulmano?\u00abProprio lui. Chiamarlo socialista mi pare esagerato, parliamo pur sempre della sinistra dei dem americani. \u00c8 semplicemente un ragazzo nato stra-bene, non certo un campione dell\u2019ultraproletariato. Il vero dato identitario, per\u00f2, \u00e8 l\u2019islamismo\u00bb.Perch\u00e9?\u00abUn musulmano sciita, sposato con una siriana musulmana, che durante la campagna elettorale si \u00e8 fatto fotografare deliberatamente mentre prega in moschea inginocchiato con altri uomini? Non comprendiamo la potenza propagandistica di questa immagine?\u00bb.Cosa significherebbe?\u00abIl dato religioso di quella fotografia \u00e8 che le donne in quei luoghi non possono entrare, perch\u00e9 sottomesse all\u2019uomo. Per me quell\u2019immagine spiega perfettamente chi \u00e8 davvero Mamdani\u00bb.Guardi che \u00e8 la stessa persona che ha promesso di rendere New York un \u00absantuario Lgbt\u00bb.\u00abQuello \u00e8 un cavallo di Troia. La considero un\u2019espressione della tipica menzogna islamica: nel Corano \u00e8 legittimata la menzogna se finalizzata alla conquista e alla sottomissione al volere di Allah\u00bb.Dunque?\u00abDunque a mio parere Mamdani \u00e8 un islamista che recita la parte del politicamente corretto, per far penetrare pi\u00f9 facilmente il suo credo nella citt\u00e0 pi\u00f9 ferita dagli attacchi islamici, cio\u00e8 New York\u00bb.E la sua ricetta economica, dove punta anche sulla patrimoniale?\u00abQuel programma, che provocher\u00e0 una fuga di capitali, serve fondamentalmente a danneggiare la citt\u00e0. In tutti i suoi aspetti, a cominciare dalla sua tradizione di ricchezza e potenza economica\u00bb.Ma \u00e8 stato eletto, ed \u00e8 certamente un segnale interessante.\u00ab\u00c8 stato votato in una condizione di delirio, una sindrome di Stoccolma: molto spesso ci si innamora del proprio carnefice. Ma non \u00e8 l\u2019unico esempio. Il ministro dell\u2019Interno britannico \u00e8 una donna che ha preteso di giurare sul Corano e non sulla Bibbia. Ha spiegato questa scelta dicendo che l\u2019islam \u00e8 \u201cil motore della sua vita\u201d, e parliamo del ministro dell\u2019Interno. Ci rendiamo conto di dove stiamo andando?\u00bb.Nel suo libro Wokismo e Islamismo ha elaborato una teoria originale. Una sorta di alleanza perversa che minaccerebbe l\u2019Occidente.\u00abLa pi\u00f9 grande minaccia dei nostri tempi arriva proprio dal punto di incontro tra \u201cwokismo\u201d e \u201cislamismo\u201d, uniti contro un nemico comune: la tradizione giudaico-cristiana occidentale. \u00c8 gi\u00e0 accaduto in passato, la storia non si ripete ma risuona alla stessa maniera\u00bb.Cio\u00e8, cos\u2019\u00e8 accaduto in passato di simile?\u00abL\u2019alleanza tra wokismo e islamismo ricalca l\u2019ascesa, nel Novecento, di comunismo e nazismo. Due ideologie sostanzialmente antitetiche, che tuttavia per un certo periodo hanno trovato un punto di incontro per interesse di potere. Il patto Molotov-Ribbentrop, con la spartizione della Polonia, apr\u00ec la stagione pi\u00f9 tragica della storia dell\u2019umanit\u00e0. Oggi, come negli anni Venti del Novecento, quando si affermarono fascismi e bolscevismi, abbiamo ancora due ideologie dominanti che si tengono per mano\u00bb.Sta paragonando la teoria \u201cwoke\u201d al comunismo? Sembra un salto piuttosto ardito\u2026\u00abGuardiamo meglio, e troveremo dei punti di contatto. L\u2019uomo comunista puntava al paradiso passando per la dittatura del proletariato, mentre l\u2019egualitarismo wokista propugna l\u2019ideologia dell\u2019autodeterminazione: siamo tutti uguali nei diritti, e dunque ognuno fa un po\u2019 come gli pare\u00bb.Sarebbe a dire?\u00abSono maschio ma in realt\u00e0 voglio diventare femmina? Ho il diritto di farlo. Mi voglio togliere la vita? Ho il diritto di farlo, e lo Stato mi deve addirittura aiutare. In base a questa visione ideologica, nessuno ha il diritto di ostacolare le intenzioni dell\u2019individuo, e chi ci prova \u00e8 un residuato di \u201cpatriarcato\u201d, da combattere con la guerriglia della \u201ccancel culture\u201d. Anche intonare Tu scendi dalle stelle alla recita di Natale diventa proibito\u00bb.Anche l\u2019altra gamba della sua metafora sembra azzardata: che c\u2019entra il nazismo con l\u2019islam?\u00abMi rifaccio a papa Benedetto XVI, che nel celebre discorso di Ratisbona nel 2006, espose un argomento fortissimo: da Maometto null\u2019altro \u00e8 venuto fuorch\u00e9 violenza e spada. A seguito di questa considerazione, a quel Papa, uno dei pi\u00f9 grandi intellettuali del ventunesimo secolo, fu impedito di parlare nell\u2019Universit\u00e0 La Sapienza di Roma, cio\u00e8 nella capitale della cristianit\u00e0. Un obbrobrio che in tanti hanno dimenticato\u00bb.S\u00ec, ma fare dell\u2019islam un blocco unico non le pare eccessivo?\u00ab\u00c8 ovvio che non tutti i musulmani sono terroristi o fondamentalisti, ma le esultanze dopo l\u201911 settembre e dopo il 7 ottobre 2023 mi portano a dire che ,nell\u2019intimo, l\u2019islam ha una radice violenta. Che spinge parte di quel mondo a definire azioni orrende come atti di resistenza eroica\u00bb.Questa saldatura tra wokismo e islamismo nasce in seno alla sinistra, dice lei, che ha contribuito alla nascita del Partito democratico, quasi 20 anni fa.\u00abE soffro moltissimo nel vedere la sinistra, e il partito che ho fondato, ridotto cos\u00ec. Condannato all\u2019opposizione perenne. Temo addirittura che il Pd desideri quella condizione\u00bb.Vale a dire?\u00abEsattamente come i comunisti italiani stavano comodi all\u2019opposizione, oggi gli \u201cwokisti\u201d del Pd si accontentano di gridare al fascismo, senza mai assumersi la responsabilit\u00e0 di governo. Anche perch\u00e9 Schlein continua ad apparire francamente inadeguata\u00bb. Insomma, un partito irriconoscibile, rispetto agli inizi?\u00abMi candidai alla segreteria del Pd, in principio, sull\u2019onda di una novit\u00e0 che si chiamava di Barack Obama, uno che non arrivava dalle Ztl, non era miliardario, e si dichiarava contro i matrimoni omosessuali. Nel programma che presentammo con Veltroni riprendemmo quelle convinzioni cristiane\u00bb.Sta dicendo che nel Dna del Pd c\u2019era un\u2019anima cattolica che oggi \u00e8 scomparsa?\u00abFaccia lei. Nel poster che campeggia davanti all\u2019ufficio di Elly Schlein al Nazareno, c\u2019\u00e8 la mia faccia, insieme a Veltroni, Prodi, Enrico Letta e Rosy Bindi. Quattro cattolici su cinque\u00bb.E adesso?\u00abNel Pd i cattolici non li vedo pi\u00f9. D\u2019altra parte, come fa un cattolico a militare in un partito che teorizza l\u2019abortismo, l\u2019eutanasia, e che vota per 800 miliardi di riarmo europeo? I veri cattolici hanno lasciato il partito da tempo: quelli che restano, sono abbarbicati alla poltrona per ragioni di potere\u00bb.Questo spiega, negli anni, il calo dei consensi?\u00abCerto, il tracollo elettorale del Pd, che in 10 anni ha perso la met\u00e0 dei voti, si spiega proprio con l\u2019abbandono dell\u2019elettorato cattolico. Doveva essere il nuovo partito della Democrazia cristiana, o perlomeno il partito della nazione. Oggi invece il partito della nazione \u00e8 Fratelli d\u2019Italia\u00bb.Sono spariti solo i partiti cattolici, o anche gli elettori?\u00abSono ancora l\u00ec i cattolici, sebbene sparpagliati. E meritano un po\u2019 pi\u00f9 di attenzione dal governo. Se dopo tre anni di ministro Roccella abbiamo toccato il record negativo di natalit\u00e0, forse riscoprire il reddito di paternit\u00e0 sarebbe opportuno. Se oggi i moduli burocratici recano ancora l\u2019asterisco quando si tratta di scegliere tra maschio o femmina, forse serve un po\u2019 pi\u00f9 di coraggio. Il governo prenda esempio da Trump, che come primo atto della presidenza ha varato un ordine esecutivo per ricordare a tutti che i generi sono solo due\u00bb.\u00c8 diventato trumpiano?\u00abPer me oggi Trump \u00e8 il defensor fidei: ed \u00e8 paradossale che sia proprio lui, con quell\u2019aura da puttaniere lontano dai precetti religiosi. Per\u00f2, di fatto, \u00e8 l\u2019unico leader mondiale che parla chiaramente dello sterminio dei cristiani in Nigeria. E l\u2019unico che ha scelto un vice quarantenne, cattolico e antiabortista militante. Non sto cercando un sant\u2019Ignazio di Loyola, ma politici all\u2019altezza, e se la sfida \u00e8 quella di Mamdani, ben venga Trump\u00bb.E Meloni?\u00abSi ricordi di essere donna, madre e cristiana. Donna, quindi obiettivo da colpire dell\u2019ideologia transgender. Madre, e quindi consapevole che le iniezioni per preparare i bambini al cambio di sesso in et\u00e0 prepuberale sono una follia, e mi aspetto che il governo vieti certe pratiche, visto che lo fanno gi\u00e0 all\u2019ospedale Careggi di Firenze. E poi cristiana, e quindi con un\u2019attenzione diversa sul tema dell\u2019aborto, perch\u00e9 mi pare incredibile che un\u2019Italia con nascite sottozero continui ad avere 70.000 aborti ogni anno\u00bb.Ha picchiato sulla sinistra, ma anche questo centrodestra non la fa felice?\u00abA me sembra che il centrodestra soffra ancora di un pesante complesso di inferiorit\u00e0. \u00c8 come se avesse paura del sospiro di Michele Serra su Repubblica. Se stanno ancora al punto zero, a patire la cosiddetta subalternit\u00e0 culturale, nominino ministro direttamente Nanni Moretti\u00bb.Quello che a D\u2019Alema gridava: \u00abD\u00ec qualcosa di sinistra\u00bb?\u00abEcco, mi verrebbe da dire: \u201cMeloni, fai qualcosa di destra!\u201d\u00bb.\n<\/p>\n<p>Ecco #DimmiLaVerit\u00e0 del 17 novembre 2025. Il deputato di Fdi Marco Cerreto commenta la grande rimonta di Edmondo Cirielli in Campania.<\/p>\n<p><strong>Sanae Takaichi (Ansa)<\/strong><\/p>\n<p>Sta salendo la tensione tra Tokyo e Pechino. Al centro della turbolenza \u00e8 emerso soprattutto un dossier: la questione di Taiwan.<\/p>\n","protected":false},"excerpt":{"rendered":"Il saggista Mario Adinolfi: \u00abMamdani filo gay? No, \u00e8 solo il cavallo di Troia dei musulmani. I cattolici&hellip;\n","protected":false},"author":3,"featured_media":220218,"comment_status":"","ping_status":"","sticky":false,"template":"","format":"standard","meta":{"footnotes":"","_share_on_mastodon":"0"},"categories":[172],"tags":[178,177,51810,1537,90,89,41524,48913,131025],"class_list":["post-220217","post","type-post","status-publish","format-standard","has-post-thumbnail","category-affari","tag-affari","tag-business","tag-comunisti","tag-it","tag-italia","tag-italy","tag-mario-adinolfi","tag-nazisti","tag-woke-islam"],"share_on_mastodon":{"url":"https:\/\/pubeurope.com\/@it\/115568341393529093","error":""},"_links":{"self":[{"href":"https:\/\/www.europesays.com\/it\/wp-json\/wp\/v2\/posts\/220217","targetHints":{"allow":["GET"]}}],"collection":[{"href":"https:\/\/www.europesays.com\/it\/wp-json\/wp\/v2\/posts"}],"about":[{"href":"https:\/\/www.europesays.com\/it\/wp-json\/wp\/v2\/types\/post"}],"author":[{"embeddable":true,"href":"https:\/\/www.europesays.com\/it\/wp-json\/wp\/v2\/users\/3"}],"replies":[{"embeddable":true,"href":"https:\/\/www.europesays.com\/it\/wp-json\/wp\/v2\/comments?post=220217"}],"version-history":[{"count":0,"href":"https:\/\/www.europesays.com\/it\/wp-json\/wp\/v2\/posts\/220217\/revisions"}],"wp:featuredmedia":[{"embeddable":true,"href":"https:\/\/www.europesays.com\/it\/wp-json\/wp\/v2\/media\/220218"}],"wp:attachment":[{"href":"https:\/\/www.europesays.com\/it\/wp-json\/wp\/v2\/media?parent=220217"}],"wp:term":[{"taxonomy":"category","embeddable":true,"href":"https:\/\/www.europesays.com\/it\/wp-json\/wp\/v2\/categories?post=220217"},{"taxonomy":"post_tag","embeddable":true,"href":"https:\/\/www.europesays.com\/it\/wp-json\/wp\/v2\/tags?post=220217"}],"curies":[{"name":"wp","href":"https:\/\/api.w.org\/{rel}","templated":true}]}}