{"id":220468,"date":"2025-11-18T07:42:11","date_gmt":"2025-11-18T07:42:11","guid":{"rendered":"https:\/\/www.europesays.com\/it\/220468\/"},"modified":"2025-11-18T07:42:11","modified_gmt":"2025-11-18T07:42:11","slug":"mercato-i-nomi-per-juve-inter-e-milan-quanto-costano-e-le-trattative","status":"publish","type":"post","link":"https:\/\/www.europesays.com\/it\/220468\/","title":{"rendered":"Mercato, i nomi per Juve, Inter e Milan: quanto costano e le trattative"},"content":{"rendered":"<p class=\"paragraph\" spellcheck=\"true\">Molti di loro non li hanno visti arrivare, ma in questi tre mesi sono diventati importanti. E ora tutti li riconoscono e li corteggiano. Inutile dire che alcuni di questi nomi sono gi\u00e0 d&#8217;attualit\u00e0 per il mercato di gennaio, altri erano comparsi alla ribalta nella scorsa stagione e nelle cronache di mercato sono gi\u00e0 in vista. Stiamo parlando dei nuovi protagonisti della Serie A e attorno a loro girano cifre da capogiro. A conferma che le trattative sono partite. Occhio, allora, agli sviluppi in un orizzonte pi\u00f9 o meno immediato. Ne abbiamo scelti 11, potrebbero essere anche di pi\u00f9. A conferma che in questo campionato germogliano talenti.<\/p>\n","protected":false},"excerpt":{"rendered":"Molti di loro non li hanno visti arrivare, ma in questi tre mesi sono diventati importanti. E ora&hellip;\n","protected":false},"author":3,"featured_media":220469,"comment_status":"","ping_status":"","sticky":false,"template":"","format":"standard","meta":{"footnotes":"","_share_on_mastodon":"0"},"categories":[1452],"tags":[839,116942,1420,13074,569,6300,721,1856,58567,7204,928,475,4385,6016,1278,1533,3073,724,2097,1740,2614,6298,350,131183,1537,90,89,565,1412,553,1846,248,8040,1413,3269,6301,131184,131185,115,3554,4734,4963,73332,8820,37937,38009,131186,1739,245,244,577,18380],"class_list":["post-220468","post","type-post","status-publish","format-standard","has-post-thumbnail","category-calcio","tag-almeno","tag-almeno-euro","tag-appare","tag-arrivano","tag-atalanta","tag-cagliari","tag-calcio","tag-campionato","tag-caprile","tag-centrocampo","tag-chiaro","tag-chiede","tag-conferma","tag-costo","tag-davvero","tag-estate","tag-esterno","tag-euro","tag-far","tag-football","tag-gennaio","tag-genoa","tag-inter","tag-inter-genoa","tag-it","tag-italia","tag-italy","tag-juve","tag-mercato","tag-milan","tag-mirino","tag-napoli","tag-occhio","tag-offerta","tag-ovviamente","tag-parma","tag-parma-tiene","tag-parma-tiene-stretto","tag-premier","tag-prestazioni","tag-prezzo","tag-qualita","tag-quotazione","tag-salvezza","tag-scout","tag-seguendo","tag-seguendo-inter","tag-soccer","tag-sport","tag-sports","tag-stagione","tag-stretto"],"share_on_mastodon":{"url":"","error":"Validation failed: Text character limit of 500 exceeded"},"_links":{"self":[{"href":"https:\/\/www.europesays.com\/it\/wp-json\/wp\/v2\/posts\/220468","targetHints":{"allow":["GET"]}}],"collection":[{"href":"https:\/\/www.europesays.com\/it\/wp-json\/wp\/v2\/posts"}],"about":[{"href":"https:\/\/www.europesays.com\/it\/wp-json\/wp\/v2\/types\/post"}],"author":[{"embeddable":true,"href":"https:\/\/www.europesays.com\/it\/wp-json\/wp\/v2\/users\/3"}],"replies":[{"embeddable":true,"href":"https:\/\/www.europesays.com\/it\/wp-json\/wp\/v2\/comments?post=220468"}],"version-history":[{"count":0,"href":"https:\/\/www.europesays.com\/it\/wp-json\/wp\/v2\/posts\/220468\/revisions"}],"wp:featuredmedia":[{"embeddable":true,"href":"https:\/\/www.europesays.com\/it\/wp-json\/wp\/v2\/media\/220469"}],"wp:attachment":[{"href":"https:\/\/www.europesays.com\/it\/wp-json\/wp\/v2\/media?parent=220468"}],"wp:term":[{"taxonomy":"category","embeddable":true,"href":"https:\/\/www.europesays.com\/it\/wp-json\/wp\/v2\/categories?post=220468"},{"taxonomy":"post_tag","embeddable":true,"href":"https:\/\/www.europesays.com\/it\/wp-json\/wp\/v2\/tags?post=220468"}],"curies":[{"name":"wp","href":"https:\/\/api.w.org\/{rel}","templated":true}]}}