{"id":220630,"date":"2025-11-18T10:24:13","date_gmt":"2025-11-18T10:24:13","guid":{"rendered":"https:\/\/www.europesays.com\/it\/220630\/"},"modified":"2025-11-18T10:24:13","modified_gmt":"2025-11-18T10:24:13","slug":"inter-corsa-a-due-sucic-zielinski-in-mediana-out-dumfries-tocca-a","status":"publish","type":"post","link":"https:\/\/www.europesays.com\/it\/220630\/","title":{"rendered":"Inter, corsa a due Sucic-Zielinski in mediana. Out Dumfries tocca a&#8230;"},"content":{"rendered":"<p>Nel derby Chivu si porta dietro anche un altro dubbio. Assente per infortunio Mkhitaryan, \u00e8 corsa a due per una maglia<\/p>\n<p>Non solo in difesa, dove a tenere banco \u00e8 la scelta per il ruolo di centrale della difesa a tre. Nel derby <a href=\"https:\/\/www.fcinter1908.it\/ultimora\/ventura-inter-piu-forte-del-napoli-chivu-sta-facendo-molto-bene\/\" rel=\"nofollow noopener\" target=\"_blank\">Chivu<\/a> si porta dietro anche un altro dubbio. Assente per infortunio Mkhitaryan, \u00e8 corsa a due per una maglia da titolare contro il Milan.<\/p>\n<p>&#8220;L\u2019esperienza pu\u00f2 diventare un fattore anche a centrocampo, dove <strong>Sucic e Zielinski si giocano un posto accanto a Calhanoglu e Barella.<\/strong> Dovesse scegliere solo in base al curriculum, Chivu opterebbe per il polacco, che al Milan peraltro ha segnato 4 reti in carriera \u2014 pi\u00f9 che a ogni altra squadra \u2014 e che dal doppio impegno in nazionale torner\u00e0 con la rete del 3-2 di ieri sera a Malta. <strong>Sucic, per\u00f2, arriver\u00e0 pi\u00f9 fresco<\/strong> \u2014 ieri \u00e8 rimasto in panchina 90 minuti col Montenegro, mentre il milanista Modric aggiungeva minuti a quelli giocati con le Far Oer \u2014 e aspetta il grande appuntamento praticamente da quando ha messo piede a Milano&#8221;, si legge su La Gazzetta dello Sport.<\/p>\n","protected":false},"excerpt":{"rendered":"Nel derby Chivu si porta dietro anche un altro dubbio. Assente per infortunio Mkhitaryan, \u00e8 corsa a due&hellip;\n","protected":false},"author":3,"featured_media":220631,"comment_status":"","ping_status":"","sticky":false,"template":"","format":"standard","meta":{"footnotes":"","_share_on_mastodon":"0"},"categories":[1452],"tags":[8896,131314,131315,721,2839,131316,131317,1276,131318,5187,131313,131319,767,3879,1341,31512,1740,1537,90,89,553,1739,245,244,14801],"class_list":["post-220630","post","type-post","status-publish","format-standard","has-post-thumbnail","category-calcio","tag-assente","tag-assente-infortunio","tag-assente-infortunio-mkhitaryan","tag-calcio","tag-chivu","tag-chivu-porta","tag-chivu-porta-dubbio","tag-corsa","tag-corsa-maglia","tag-derby","tag-derby-chivu","tag-derby-chivu-porta","tag-difesa","tag-dovesse","tag-dubbio","tag-dumfries","tag-football","tag-it","tag-italia","tag-italy","tag-milan","tag-soccer","tag-sport","tag-sports","tag-sucic"],"share_on_mastodon":{"url":"https:\/\/pubeurope.com\/@it\/115570217098682797","error":""},"_links":{"self":[{"href":"https:\/\/www.europesays.com\/it\/wp-json\/wp\/v2\/posts\/220630","targetHints":{"allow":["GET"]}}],"collection":[{"href":"https:\/\/www.europesays.com\/it\/wp-json\/wp\/v2\/posts"}],"about":[{"href":"https:\/\/www.europesays.com\/it\/wp-json\/wp\/v2\/types\/post"}],"author":[{"embeddable":true,"href":"https:\/\/www.europesays.com\/it\/wp-json\/wp\/v2\/users\/3"}],"replies":[{"embeddable":true,"href":"https:\/\/www.europesays.com\/it\/wp-json\/wp\/v2\/comments?post=220630"}],"version-history":[{"count":0,"href":"https:\/\/www.europesays.com\/it\/wp-json\/wp\/v2\/posts\/220630\/revisions"}],"wp:featuredmedia":[{"embeddable":true,"href":"https:\/\/www.europesays.com\/it\/wp-json\/wp\/v2\/media\/220631"}],"wp:attachment":[{"href":"https:\/\/www.europesays.com\/it\/wp-json\/wp\/v2\/media?parent=220630"}],"wp:term":[{"taxonomy":"category","embeddable":true,"href":"https:\/\/www.europesays.com\/it\/wp-json\/wp\/v2\/categories?post=220630"},{"taxonomy":"post_tag","embeddable":true,"href":"https:\/\/www.europesays.com\/it\/wp-json\/wp\/v2\/tags?post=220630"}],"curies":[{"name":"wp","href":"https:\/\/api.w.org\/{rel}","templated":true}]}}