{"id":220879,"date":"2025-11-18T13:46:14","date_gmt":"2025-11-18T13:46:14","guid":{"rendered":"https:\/\/www.europesays.com\/it\/220879\/"},"modified":"2025-11-18T13:46:14","modified_gmt":"2025-11-18T13:46:14","slug":"alberto-e-charlene-i-principi-domani-alla-festa-nazionale-e-caroline-a-palazzo-premia-la-sorella-stephanie","status":"publish","type":"post","link":"https:\/\/www.europesays.com\/it\/220879\/","title":{"rendered":"Alberto e Charl\u00e8ne, i principi domani alla Festa Nazionale (e Caroline a Palazzo premia la sorella St\u00e9phanie)"},"content":{"rendered":"<p>    di<br \/>\n    Enrica Roddolo<\/p>\n<p class=\"summary-art is-line-h-12\">Oggi il grande ricevimento diplomatico nel Principato con il consuocero di Trump, Charles Kushner nuovo ambasciatore Usa. La consegna delle onorificenze Grimaldi e all&#8217;Op\u00e9ra il ricordo di Jos\u00e9phine Baker<\/p>\n<p class=\"chapter-paragraph\"><b>Ci sar\u00e0 il principe Albert<\/b>o, rientrato da un lungo viaggio in Sudamerica durante il quale \u00e8 intervenuto al vertice dei Capi di Stato alla Cop30, <b>e con lui la principessa Charl\u00e8ne<\/b> che nel weekend \u2013 tuta e sneakers \u2013 ha dato il via alla No Finish Line, la maratona benefica che ogni anno con il sostegno dei principi attraversa il Principato per raccogliere fondi per Children &amp; Future.\u00a0<\/p>\n<p class=\"chapter-paragraph\"><b>Domani Monaco celebra la Festa Nazional<\/b>e, rimasta anche nel regno del Principe Alberto il giorno di San Ranieri, il 19 novembre, come durante il lungo regno del padre <b>Ranieri III che spos\u00f2 Grace Kelly<\/b>. E Alberto, Charl\u00e8ne con i gemelli Jacques e Gabriella si affacceranno al balcone del Rocher, il palazzo dei principi in cima alla Rocca dal 1297 in mano ai Grimaldi arrivati da Genova per non lasciare pi\u00f9 questo scampolo di terra sul Mediterraneo.\u00a0    &#13;<br \/>\n&#13;<br \/>\n&#13;<br \/>\n&#13;<br \/>\n&#13;<br \/>\n&#13;<br \/>\n&#13;<br \/>\n&#13;<br \/>\n&#13;<br \/>\n&#13;<br \/>\n&#13;<br \/>\n&#13;<br \/>\n&#13;<br \/>\n&#13;<br \/>\n&#13;<br \/>\n&#13;<br \/>\n&#13;<br \/>\n&#13;<br \/>\n&#13;<br \/>\n&#13;<br \/>\n&#13;<br \/>\n&#13;<br \/>\n&#13;<br \/>\n&#13;<br \/>\n&#13;<br \/>\n&#13;<br \/>\n&#13;<br \/>\n&#13;<br \/>\n&#13;<br \/>\n&#13;<br \/>\n&#13;<br \/>\n&#13;<br \/>\n&#13;<br \/>\n&#13;<br \/>\n&#13;<br \/>\n&#13;<br \/>\n&#13;<br \/>\n&#13;<br \/>\n&#13;<br \/>\n&#13;<br \/>\n&#13;<br \/>\n&#13;<br \/>\n&#13;<br \/>\n&#13;<br \/>\n&#13;<br \/>\n&#13;<br \/>\n&#13;<br \/>\n&#13;<br \/>\n&#13;<br \/>\n&#13;<br \/>\n&#13;<br \/>\n&#13;<br \/>\n&#13;\n<\/p>\n<p class=\"chapter-paragraph\">Montecarlo \u00e8 gi\u00e0 in festa perch\u00e9 alla vigilia al palazzo si tiene il tradizionale ricevimento diplomatico, nelle stanze che hanno accolto nei secoli principi e re in visita ai Grimaldi divenuti principi al tempo di Luigi I Grimaldi, battezzato alla presenza di re Luigi XIII, e che nel 1662 ebbe il titolo dal \u00abRe Sole\u00bb, Luigi XIV.\u00a0<\/p>\n<p class=\"chapter-paragraph\"><b>Un ricevimento che per la prima volta vede come rappresentante degli Usa la presenza del consuocero di Donald Trump<\/b>: il nuovo ambasciatore di Washington a Monaco ha infatti un nome che non passa inosservato: Charles Kushner, padre di Jared, marito di Ivanka. Alberto II, affiancato dalla principessa Charl\u00e8ne, lo ha ricevuto alla Rocca per le lettere credenziali solo poche settimane fa.\u00a0<\/p>\n<p class=\"chapter-paragraph\"><b>Ieri invece \u00e8 stato il momento delle onorificenz<\/b>e e dei riconoscimenti degli Ordini cavallereschi dei Grimaldi distribuiti dal principe come \u00e8 tradizione nel giorno della Festa Nazionale. E tra i tanti premiati con le <b>Medaglie all\u2019educazione fisica e allo sport<\/b>, spicca il nome di <b>Louis Ducruet<\/b>. E\u2019 il figlio della principessa St\u00e9phanie, <b>sempre pi\u00f9 legato allo zio Alberto<\/b>, che affianca sempre nei momenti sportivi \u2013 dal Gran Premio di F1 alle partite allo Stade Louis II nel Principato. Soprattutto, Louis, studi in management sportivo che si \u00e8 fatto le ossa a Londra lavorando con alcune squadre di calcio, adesso \u00e8 presidente della squadra di football Les Barbagiuans a Monaco.\u00a0<\/p>\n<p class=\"chapter-paragraph\"><b>Anche la madre di Louis, principessa St\u00e9phanie \u00e8 stata premi<\/b>ata, per il suo contributo alla vita culturale de Principato. E a premiarla \u00e8 stata proprio la <b>sorella maggiore Caroline<\/b> che da sempre ha il ruolo di vestale della cultura nel Principato. Un&#8217;onorificenza \u00e8 stata consegnata da Caroline anche al <b>direttore del NMNM il Nouveau Mus\u00e9e National de Monaco, Bjorn Dahlstrom<\/b>.<\/p>\n<p class=\"chapter-paragraph\"><b>Domani, dopo la messa solenne di Te Deum in cattedra<\/b>le, poi l\u2019affaccio dal balcone della famiglia Grimaldi, in serata la tradizionale serata all\u2019<b>Op\u00e9ra Garnier<\/b>, il teatro che ha preso il nome dall\u2019architetto parigino Charles Garnier (lo stesso dell\u2019Op\u00e9ra nella Ville Lumi\u00e8re). Una serata, intitolata Bonsoir Monte-Carlo mai cos\u00ec speciale perch\u00e9 dedicata alla \u00abvenere nera\u00bb dell\u2019inizio del Novecento<b>, Jos\u00e9phine Baker<\/b> che esord\u00ec nel 1925 al Th\u00e9\u00e2tre des Champs-\u00c9lys\u00e9es.\u00a0<\/p>\n<p class=\"chapter-paragraph\"><b>Il presidente francese Emmanuel Macron nel 2021<\/b> l\u2019ha voluta fra gli eletti ricordati nel Pantheon, ma Monaco non ha mai concesso che le spoglie mortali della diva lasciassero il piccolo cimitero di Monaco dove riposa. Non a caso, <b>fu la principessa Grace a sostenere la Baker <\/b>negli ultimi anni della sua vita e c\u2019era lei al suo capezzale quando spir\u00f2 nel 1975. Dopo quell\u2019ultimo addio alle scene reso possibile proprio grazie alla volont\u00e0 di Grace.<\/p>\n<p class=\"is-last-update\" datetime=\"2025-11-18T12:36:32+01:00\">18 novembre 2025 ( modifica il 18 novembre 2025 | 12:36)<\/p>\n<p class=\"is-copyright\">\n            \u00a9 RIPRODUZIONE RISERVATA\n        <\/p>\n","protected":false},"excerpt":{"rendered":"di Enrica Roddolo Oggi il grande ricevimento diplomatico nel Principato con il consuocero di Trump, Charles Kushner nuovo&hellip;\n","protected":false},"author":3,"featured_media":220880,"comment_status":"","ping_status":"","sticky":false,"template":"","format":"standard","meta":{"footnotes":"","_share_on_mastodon":"0"},"categories":[160],"tags":[1493,131454,913,64545,8365,45897,115350,10871,115353,131455,14,164,165,277,4542,1690,2217,131456,46781,11349,1347,131457,131458,17582,23957,10096,20782,166,7,1693,15,52726,1573,3608,330,8158,26934,4661,13460,6088,2516,131453,9065,91627,11,167,12,168,161,162,163],"class_list":["post-220879","post","type-post","status-publish","format-standard","has-post-thumbnail","category-mondo","tag-alberto","tag-alberto-charlene","tag-ambasciatore","tag-baker","tag-balcone","tag-caroline","tag-charlene","tag-charles","tag-charles-kushner","tag-consuocero","tag-cronaca","tag-dal-mondo","tag-dalmondo","tag-de","tag-diplomatico","tag-domani","tag-festa","tag-garnier","tag-grace","tag-grimaldi","tag-ii","tag-josephine","tag-josephine-baker","tag-kushner","tag-louis","tag-luigi","tag-monaco","tag-mondo","tag-news","tag-nome","tag-notizie","tag-onorificenze","tag-opera","tag-padre","tag-palazzo","tag-presenza","tag-principato","tag-principe","tag-principessa","tag-principi","tag-re","tag-ricevimento","tag-serata","tag-stephanie","tag-ultime-notizie","tag-ultime-notizie-di-mondo","tag-ultimenotizie","tag-ultimenotiziedimondo","tag-world","tag-world-news","tag-worldnews"],"share_on_mastodon":{"url":"","error":"Validation failed: Text character limit of 500 exceeded"},"_links":{"self":[{"href":"https:\/\/www.europesays.com\/it\/wp-json\/wp\/v2\/posts\/220879","targetHints":{"allow":["GET"]}}],"collection":[{"href":"https:\/\/www.europesays.com\/it\/wp-json\/wp\/v2\/posts"}],"about":[{"href":"https:\/\/www.europesays.com\/it\/wp-json\/wp\/v2\/types\/post"}],"author":[{"embeddable":true,"href":"https:\/\/www.europesays.com\/it\/wp-json\/wp\/v2\/users\/3"}],"replies":[{"embeddable":true,"href":"https:\/\/www.europesays.com\/it\/wp-json\/wp\/v2\/comments?post=220879"}],"version-history":[{"count":0,"href":"https:\/\/www.europesays.com\/it\/wp-json\/wp\/v2\/posts\/220879\/revisions"}],"wp:featuredmedia":[{"embeddable":true,"href":"https:\/\/www.europesays.com\/it\/wp-json\/wp\/v2\/media\/220880"}],"wp:attachment":[{"href":"https:\/\/www.europesays.com\/it\/wp-json\/wp\/v2\/media?parent=220879"}],"wp:term":[{"taxonomy":"category","embeddable":true,"href":"https:\/\/www.europesays.com\/it\/wp-json\/wp\/v2\/categories?post=220879"},{"taxonomy":"post_tag","embeddable":true,"href":"https:\/\/www.europesays.com\/it\/wp-json\/wp\/v2\/tags?post=220879"}],"curies":[{"name":"wp","href":"https:\/\/api.w.org\/{rel}","templated":true}]}}