{"id":221039,"date":"2025-11-18T15:55:13","date_gmt":"2025-11-18T15:55:13","guid":{"rendered":"https:\/\/www.europesays.com\/it\/221039\/"},"modified":"2025-11-18T15:55:13","modified_gmt":"2025-11-18T15:55:13","slug":"pensiamo-a-una-trilogia-ma-ci-va-bene-anche-un-altro-solo-film","status":"publish","type":"post","link":"https:\/\/www.europesays.com\/it\/221039\/","title":{"rendered":"Pensiamo a una trilogia, ma ci va bene anche un altro solo film"},"content":{"rendered":"<p>James Cameron, impegnato col final mix di Avatar: Fuoco e Cenere, al cinema per Natale, non ha affatto rinunciato a un sequel di Alita, dal celebre manga (e anime). Robert Rodriguez lo vuole ancora dirigere.<\/p>\n<p>Quello di <strong>Alita: Angelo della Battaglia<\/strong> \u00e8 uno strano caso, non solo perch\u00e9 si tratta di una <strong>produzione hollywoodiana<\/strong> tratta dal celebre <strong>anime<\/strong> Animate \/ Madhouse, nonch\u00e9 <strong>manga di Yukito Kishiro<\/strong>. Il film si trov\u00f2 anche a uscire nel 2019 durante la transizione della <strong>Fox<\/strong>, acquisita dalla <strong>Disney<\/strong>, trovandosi in un limbo che oggi rende pi\u00f9 spinosa la sua gestione. Periodicamente <strong>James Cameron<\/strong> (in qualit\u00e0 di coproducer e cosceneggiatore) e <strong>Robert Rodriguez<\/strong> (regista) tornano a parlare di un <strong>sequel<\/strong>. Chiacchierandone con Empire, James \u00e8 pi\u00f9 che mai deciso a procedere, specie durante la pausa che si prender\u00e0 dopo <strong>Avatar: Fuoco e Cenere<\/strong>.&#13;<br \/>\n&#13;<br \/>\nLeggi anche&#13;<br \/>\n\t<strong><a href=\"https:\/\/www.comingsoon.it\/cinema\/news\/alita-angelo-della-battaglia-2-il-sequel-e-ancora-possibile\/n209287\/\" class=\"trkLeggiAnche\" target=\"_blank\" title=\"Alita - Angelo della Battaglia 2, il sequel \u00e8 ancora possibile?\" rel=\"nofollow noopener\">Alita &#8211; Angelo della Battaglia 2, il sequel \u00e8 ancora possibile?<\/a><\/strong>&#13;<br \/>\n&#13;\n<\/p>\n<p>Alita 2 \u00e8 una priorit\u00e0 per James Cameron, dopo Avatar: Fuoco e Cenere<\/p>\n<p>Avviato dalla fu-<strong>20th Century Fox<\/strong>, distribuito con la <strong>Disney<\/strong> alle porte, <a href=\"https:\/\/www.comingsoon.it\/film\/alita-angelo-della-battaglia\/54568\/scheda\/\" target=\"_blank\" title=\"Alita: Angelo della Battaglia\" rel=\"nofollow noopener\"><strong>Alita: Angelo della Battaglia<\/strong><\/a>, con una curiosa <strong>Rosa Salazar<\/strong> dai <strong>grandi e disturbanti occhi anime<\/strong>, \u00e8 stato a fine 2019 un film in bilico tra due mondi anche al <strong>boxoffice mondiale<\/strong>: con un incasso di quasi 405 milioni di dollari, per un budget sui 170 (fonte Boxofficemojo), si potrebbe considerare <strong>un semiflop o un semisuccesso<\/strong> a seconda di come si voglia vedere il proverbiale bicchiere, per\u00f2 ha attivato una <strong>fanbase<\/strong> piuttosto rumorosa. Ora i diritti sarebbero in mano alla Disney, attraverso quel che \u00e8 rimasto della Fox, cio\u00e8 la sussidiaria <strong>20th Century Studios<\/strong>. In mezzo c&#8217;\u00e8 stata la pandemia, senza contare che <a href=\"https:\/\/www.comingsoon.it\/personaggi\/james-cameron\/17802\/biografia\/\" target=\"_blank\" title=\"James Cameron\" rel=\"nofollow noopener\"><strong>James Cameron<\/strong><\/a>, attivo promotore del progetto che ha gestito con <a href=\"https:\/\/www.comingsoon.it\/personaggi\/robert-rodriguez\/84260\/biografia\/\" target=\"_blank\" title=\"Robert Rodriguez\" rel=\"nofollow noopener\"><strong>Robert Rodriguez<\/strong><\/a> alla regia, \u00e8 stato impegnato con <strong>Avatar: La via dell&#8217;acqua<\/strong> prima e adesso con <a href=\"https:\/\/www.comingsoon.it\/film\/avatar-fuoco-e-cenere\/58180\/scheda\/\" target=\"_blank\" title=\"Avatar: Fuoco e Cenere\" rel=\"nofollow noopener\"><strong>Avatar: Fuoco e Cenere<\/strong><\/a>, al cinema dal <strong>17 dicembre<\/strong>. Ma &#8211; come prima gi\u00e0 dimostr\u00f2 il suo compianto socio produttore <strong>Jon Landau<\/strong> &#8211; non ha intenzione di archiviare Alita 2 cos\u00ec presto. Dice:<\/p>\n<blockquote><p>Apprezzo la <strong>fedelt\u00e0 dei fan di Alita<\/strong>. Robert Rodriguez e io abbiamo <strong>giurato col sangue di fare almeno un altro film di Alita<\/strong>. A dirla tutta, stiamo pensando a un&#8217;architettura che apra la porta a un <strong>terzo film<\/strong>, ma ci riterremo soddisfatti se riusciremo a farne un altro. E stiamo facendo dei <strong>progressi<\/strong>. Ora che ho una casa ad Austin, in Texas, a circa cinque chilometri dalla casa di Robert, credo che ci impegneremo pi\u00f9 seriamente, non appena chiuder\u00f2 il mix qui in qualche settimana [Cameron parla del mix audio di Avatar 3, ndr].<\/p><\/blockquote>\n<p><a href=\"https:\/\/www.comingsoon.it\/film\/alita-angelo-della-battaglia\/54568\/video\/?vid=30523\" title=\"Alita: Angelo della battaglia: Terzo Trailer Ufficiale Italiano del Film - HD\" rel=\"nofollow noopener\" target=\"_blank\">Alita: Angelo della battaglia: Terzo Trailer Ufficiale Italiano del Film &#8211; HD<\/a><\/p>\n","protected":false},"excerpt":{"rendered":"James Cameron, impegnato col final mix di Avatar: Fuoco e Cenere, al cinema per Natale, non ha affatto&hellip;\n","protected":false},"author":3,"featured_media":221040,"comment_status":"","ping_status":"","sticky":false,"template":"","format":"standard","meta":{"footnotes":""},"categories":[1442],"tags":[203,454,204,1537,90,89,1521],"class_list":{"0":"post-221039","1":"post","2":"type-post","3":"status-publish","4":"format-standard","5":"has-post-thumbnail","7":"category-film","8":"tag-entertainment","9":"tag-film","10":"tag-intrattenimento","11":"tag-it","12":"tag-italia","13":"tag-italy","14":"tag-movies"},"share_on_mastodon":{"url":"https:\/\/pubeurope.com\/@it\/115571518679722775","error":""},"_links":{"self":[{"href":"https:\/\/www.europesays.com\/it\/wp-json\/wp\/v2\/posts\/221039","targetHints":{"allow":["GET"]}}],"collection":[{"href":"https:\/\/www.europesays.com\/it\/wp-json\/wp\/v2\/posts"}],"about":[{"href":"https:\/\/www.europesays.com\/it\/wp-json\/wp\/v2\/types\/post"}],"author":[{"embeddable":true,"href":"https:\/\/www.europesays.com\/it\/wp-json\/wp\/v2\/users\/3"}],"replies":[{"embeddable":true,"href":"https:\/\/www.europesays.com\/it\/wp-json\/wp\/v2\/comments?post=221039"}],"version-history":[{"count":0,"href":"https:\/\/www.europesays.com\/it\/wp-json\/wp\/v2\/posts\/221039\/revisions"}],"wp:featuredmedia":[{"embeddable":true,"href":"https:\/\/www.europesays.com\/it\/wp-json\/wp\/v2\/media\/221040"}],"wp:attachment":[{"href":"https:\/\/www.europesays.com\/it\/wp-json\/wp\/v2\/media?parent=221039"}],"wp:term":[{"taxonomy":"category","embeddable":true,"href":"https:\/\/www.europesays.com\/it\/wp-json\/wp\/v2\/categories?post=221039"},{"taxonomy":"post_tag","embeddable":true,"href":"https:\/\/www.europesays.com\/it\/wp-json\/wp\/v2\/tags?post=221039"}],"curies":[{"name":"wp","href":"https:\/\/api.w.org\/{rel}","templated":true}]}}