{"id":221974,"date":"2025-11-19T06:42:12","date_gmt":"2025-11-19T06:42:12","guid":{"rendered":"https:\/\/www.europesays.com\/it\/221974\/"},"modified":"2025-11-19T06:42:12","modified_gmt":"2025-11-19T06:42:12","slug":"a-chi-andra-leredita-delle-gemelle-kessler-che-due-anni-avevano-riscritto-il-testamento","status":"publish","type":"post","link":"https:\/\/www.europesays.com\/it\/221974\/","title":{"rendered":"A chi andr\u00e0 l\u2019eredit\u00e0 delle gemelle Kessler, che due anni avevano riscritto il testamento"},"content":{"rendered":"<p class=\"has-dropcap\"><strong>Non hanno avuto figli <a href=\"https:\/\/www.vanityfair.it\/article\/amori-gemelle-kessler-matrimonio-umberto-orsini\" target=\"_blank\" rel=\"nofollow noopener\">n\u00e9 si sono mai sposate<\/a><\/strong>, ma avevano deciso da tempo come distribuire la loro eredit\u00e0. Alice ed Ellen Kessler, <a href=\"https:\/\/www.vanityfair.it\/article\/kessler-gemelle-addio-lutto-morte-insieme-gossip\" target=\"_blank\" rel=\"nofollow noopener\">morte a 89 anni<\/a>, nella loro casa di Gr\u00fcnwald, solo due anni fa avevano riscritto <a href=\"https:\/\/www.vanityfair.it\/article\/gemelle-kessler-insieme-nate-insieme-morte-testamento-unica-urna-suicidio-assistito\" target=\"_blank\" rel=\"nofollow noopener\">il loro testamento.<\/a><\/p>\n<p>In un primo momento, come raccontarono al quotidiano tedesco Bild, <strong>tutto il patrimonio sarebbe dovuto andare a Medici Senza Frontiere.<\/strong> Ma, <strong>nel 2023, ci fu un ripensamento.<\/strong> Ellen Kessler spieg\u00f2 che lei e la sorella avevano deciso di non destinare l\u2019intera somma a un\u2019unica organizzazione, ma di distribuire l\u2019eredit\u00e0 tra pi\u00f9 realt\u00e0. \u00abMia sorella ed io ci siamo dette che non doveva avere tutto una sola realt\u00e0, ma diverse. <strong>Volevamo rendere la nostra eredit\u00e0 un po\u2019 pi\u00f9 equa, non mettere tutto in un unico calderone<\/strong>. Ci sono cos\u00ec tante persone che hanno bisogno di aiuto\u00bb, dichiar\u00f2.<\/p>\n<p>Accanto a Medici Senza Frontiere, quindi, rientrano tra i beneficiari anche <strong>la missione per ciechi CBM, Unicef, la fondazione Paul Klinger K\u00fcnstlersozialwerk, che sostiene gli artisti in difficolt\u00e0, e la Deutsche Stiftung Patientenschutz, organizzazione dedicata alla tutela dei pazienti.<\/strong> L\u2019entit\u00e0 esatta dell\u2019eredit\u00e0 non \u00e8 stata resa pubblica, ma Ellen, con ironia, rassicur\u00f2 dicendo: \u00abAbbiamo ancora un po\u2019 da parte. <strong>Abbiamo guadagnato molto bene, non abbiamo mai buttato via i soldi e li abbiamo investiti bene<\/strong>\u00bb.<\/p>\n<p>\u00abRingraziamo profondamente le gemelle Kessler, noi come organizzazione Medici Senza Frontiere non accettiamo fondi pubblici, il loro lascito ci permette di portare avanti i nostri progetti anche nel futuro\u00bb, ha commentato all&#8217;Adnkronos Laura Perrotta, direttrice generale raccolta fondi Medici Senza Frontiere. \u00ab\u00c8 un modo molto bello e tenero di starci vicini. Il significato di questa scelta \u00e8 enorme. <strong>Hanno accettato la nostra richiesta di essere il volto di una campagna di raccolta fondi testamentari nel 2014<\/strong> e l&#8217;hanno fatto in tv al programma Porta a Porta. Credo che poi siano apparse per la stessa questione anche su altri programmi. Per noi quello \u00e8 stato un gesto molto importante, perch\u00e9 era giusto che fossero loro a dirlo al mondo, anche perch\u00e9 cos\u00ec tutti potevano capire l&#8217;importanza di un testamento solidale. Nel tempo hanno aggiunto anche altri eredi, ma noi <strong>siamo stati il primo amore e per questo saremo sempre grati alle gemelle Kessler<\/strong>\u00bb.<\/p>\n<p>Prima di morire, le gemelle hanno anche inviato <strong>alla loro cara amica Carolin Reiber,<\/strong> conduttrice televisiva tedesca, 85 anni, un piccolo pacco con la richiesta di non aprirlo prima del 18 novembre. Reiber ha rivelato alla rivista Bunte cosa conteneva: \u00ab<strong>Bellissimi gioielli che avevo sempre ammirato<\/strong>, alcuni con pietre di giada. Alice ed Ellen devono avermeli lasciati in eredit\u00e0\u00bb. Nel pacco c\u2019era anche una lettera, di cui la donna non ha voluto svelare il contenuto.<\/p>\n<p>Cresciute a Tauche, vicino Lipsia, iniziarono a studiare danza a sei anni. Nel 1952 raggiunsero a D\u00fcsseldorf il padre, fuggito prima di loro dalla Germania Est. Poco dopo arriv\u00f2 il salto: <strong>il teatro Lido di Parigi le trasform\u00f2 nelle celebri Lido-Zwillinge, le gemelle del Lido<\/strong>, e le proiett\u00f2 nel mito. Negli anni Sessanta divennero una delle coppie artistiche pi\u00f9 riconosciute al mondo: cinema, musical, televisione, dischi, tourn\u00e9e internazionali e persino palcoscenici condivisi con Frank Sinatra e Fred Astaire. Anche da ottantenni non si erano del tutto fermate, partecipando al musical di Udo J\u00fcrgens Ich war noch niemals in New York.<\/p>\n<p>Negli ultimi anni si erano ritirate nella loro <strong>grande villa con piscina nel sud di Monaco, una propriet\u00e0 che, secondo la stampa, supererebbe i novecento metri quadrati<\/strong> e che ora entra a pieno titolo nel patrimonio da dividere tra le organizzazioni indicate nel testamento.<\/p>\n","protected":false},"excerpt":{"rendered":"Non hanno avuto figli n\u00e9 si sono mai sposate, ma avevano deciso da tempo come distribuire la loro&hellip;\n","protected":false},"author":3,"featured_media":221975,"comment_status":"","ping_status":"","sticky":false,"template":"","format":"standard","meta":{"footnotes":""},"categories":[6],"tags":[8534,14,8,1537,90,89,7,15,82,9,83,10,8533,6123,13,11,80,84,12,81,85,6124],"class_list":{"0":"post-221974","1":"post","2":"type-post","3":"status-publish","4":"format-standard","5":"has-post-thumbnail","7":"category-ultime-notizie","8":"tag-celebrity","9":"tag-cronaca","10":"tag-headlines","11":"tag-it","12":"tag-italia","13":"tag-italy","14":"tag-news","15":"tag-notizie","16":"tag-notizie-di-cronaca","17":"tag-notizie-principali","18":"tag-notiziedicronaca","19":"tag-notizieprincipali","20":"tag-people","21":"tag-textabovecenterfullbleed","22":"tag-titoli","23":"tag-ultime-notizie","24":"tag-ultime-notizie-di-cronaca","25":"tag-ultime-notizie-e-news-di-oggi","26":"tag-ultimenotizie","27":"tag-ultimenotiziedicronaca","28":"tag-ultimenotizieenewsdioggi","29":"tag-web"},"share_on_mastodon":{"url":"https:\/\/pubeurope.com\/@it\/115575006350537408","error":""},"_links":{"self":[{"href":"https:\/\/www.europesays.com\/it\/wp-json\/wp\/v2\/posts\/221974","targetHints":{"allow":["GET"]}}],"collection":[{"href":"https:\/\/www.europesays.com\/it\/wp-json\/wp\/v2\/posts"}],"about":[{"href":"https:\/\/www.europesays.com\/it\/wp-json\/wp\/v2\/types\/post"}],"author":[{"embeddable":true,"href":"https:\/\/www.europesays.com\/it\/wp-json\/wp\/v2\/users\/3"}],"replies":[{"embeddable":true,"href":"https:\/\/www.europesays.com\/it\/wp-json\/wp\/v2\/comments?post=221974"}],"version-history":[{"count":0,"href":"https:\/\/www.europesays.com\/it\/wp-json\/wp\/v2\/posts\/221974\/revisions"}],"wp:featuredmedia":[{"embeddable":true,"href":"https:\/\/www.europesays.com\/it\/wp-json\/wp\/v2\/media\/221975"}],"wp:attachment":[{"href":"https:\/\/www.europesays.com\/it\/wp-json\/wp\/v2\/media?parent=221974"}],"wp:term":[{"taxonomy":"category","embeddable":true,"href":"https:\/\/www.europesays.com\/it\/wp-json\/wp\/v2\/categories?post=221974"},{"taxonomy":"post_tag","embeddable":true,"href":"https:\/\/www.europesays.com\/it\/wp-json\/wp\/v2\/tags?post=221974"}],"curies":[{"name":"wp","href":"https:\/\/api.w.org\/{rel}","templated":true}]}}