{"id":222038,"date":"2025-11-19T07:51:12","date_gmt":"2025-11-19T07:51:12","guid":{"rendered":"https:\/\/www.europesays.com\/it\/222038\/"},"modified":"2025-11-19T07:51:12","modified_gmt":"2025-11-19T07:51:12","slug":"le-avevo-sentite-3-mesi-fa-problemi-al-cuore-si-ammalavano-insieme-parla-umberto-orsini-grande-amore-di-ellen-kessler","status":"publish","type":"post","link":"https:\/\/www.europesays.com\/it\/222038\/","title":{"rendered":"&#8220;Le avevo sentite 3 mesi fa, problemi al cuore. Si ammalavano insieme&#8221;. Parla Umberto Orsini, grande amore di Ellen Kessler"},"content":{"rendered":"<p>\u201cLe ho voluto molto bene. Di Ellen, ma anche di Alice, mi piaceva che erano donne intelligenti\u201d. A parlare cos\u00ec, intervistato da Repubblica, \u00e8 Umberto Orsini, attore oggi 91enne. Della loro <a href=\"https:\/\/www.today.it\/tv\/news\/gemelle-kessler-vita-privata-amori.html\" target=\"_blank\" rel=\"nofollow noopener\">vita privata<\/a>, seppur non moltissimo, qualcosa si sa. Si era fidanzato con Ellen, e la loro storia d\u2019amore fu un pezzo importate della mondanit\u00e0 dell&#8217;epoca: \u201cSiamo stati felici insieme. Quindici, venti anni: una storia che poi \u00e8 diventata una bella amicizia, fatta di stima, rispetto, affetto\u201d.<\/p>\n<p>Le parole di Umberto Orsini sulle gemelle Kessler<\/p>\n<p>Sul <a href=\"https:\/\/www.today.it\/tv\/news\/morte-gemelle-kessler-dettagli.html\" target=\"_blank\" rel=\"nofollow noopener\">suicidio assistito delle due icone della tv<\/a>, non ha dubbi: \u201cHanno fatto bene, era il loro desiderio. L\u2019avevano anche detto pubblicamente, a un giornale, che avrebbero voluto essere seppellite assieme. Ma soprattutto perch\u00e9 quel che \u00e8 certo \u00e8 che sopravvivere una all&#8217;altra sarebbe stato terribile, lacerante, inaccettabile. Erano inseparabili\u201d.<\/p>\n<p>L&#8217;ultima volta che le ha sentite \u00e8 stata 3 mesi fa: \u201cIo le avevo sentite, come ogni anno, il 20 agosto per il compleanno. Dicevano solo di qualche problema al cuore, ma cose dell\u2019et\u00e0. Nessun allarme di questo tipo\u201d, le parole sulle<a href=\"https:\/\/www.today.it\/tv\/news\/eredita-gemelle-kessler.html\" target=\"_blank\" rel=\"nofollow noopener\"> gemelle Kessler morte due giorni fa<\/a>.<\/p>\n<p>\u201cSi ammalavano insieme\u201d<\/p>\n<p>E ancora ha detto: \u201cSi ammalavano perfino insieme. Sar\u00e0 stato il \u201867, \u201868, facevano a teatro Viola violino, viola d\u2018amore e un giorno si presentano tutte e due gialle. Avevano preso un virus intestinale. Insieme ovviamente. Quelle volte che partivamo Ellen ed io, una sentiva l&#8217;altra a distanza. Veramente\u201d.\u00a0<\/p>\n<p>Ancora oggi il ricordo di quell&#8217;amore con Ellen Kessler \u00e8 vivido nella sua mente: \u201cBeh s\u00ec. Le ho voluto molto bene. Di Ellen, ma anche di Alice, mi piaceva che erano donne intelligenti. E\u2019 che avevano un background incredibile di dolore, legato alla loro infanzia, che poi ha come cementato la loro umanit\u00e0. A quei tempi, per esempio, loro erano gi\u00e0 due figure importanti nella cultura popolare italiana, ma il successo lo vivevano con onest\u00e0 perch\u00e9 non avevano mai dimenticato la loro origine povera\u201d.<\/p>\n<p><a href=\"https:\/\/www.today.it\/tv\/news\/morte-gemelle-kessler-dettagli.html\" target=\"_blank\" rel=\"nofollow noopener\">&#8220;Il medico ha preparato l&#8217;infusione, ma la valvola l&#8217;hanno girata loro&#8221;: l&#8217;iniezione, il mistero sulla data, l&#8217;urna accanto alla madre. I dettagli sulla morte delle gemelle Kessler\u00a0<\/a><a href=\"https:\/\/www.today.it\/tv\/news\/mentana-gemelle-kessler.html\" target=\"_blank\" rel=\"nofollow noopener\">Il post di Enrico Mentana sulla morte delle gemelle Kessler divide il web. Cosa ha scritto<\/a>L&#8217;incontro tra Orsini ed Ellen Kessler<\/p>\n<p>Anni d&#8217;oro, vissuti con la freschezza tipica della giovent\u00f9: \u201cQuando eravamo entrambi a Roma, spesso con noi c\u2019era anche Alice. All\u2019inizio della nostra storia, poi, Alice era fidanzata con Enrico Maria Salerno, grande attore e mio grande amico, quindi uscivamo la sera tutti assieme\u201d.<\/p>\n<p>Infine Orsini ha concluso ricordando come nacque il loro amore: \u201cIn via Teulada a Roma. Era il 1964. Io facevo uno sceneggiato, I grandi camaleonti. Ci incontrammo come se venissimo da due mondi siderali, io coi costumi da rivoluzionario francese, lei in un trionfo di paillettes\u201d.<\/p>\n","protected":false},"excerpt":{"rendered":"\u201cLe ho voluto molto bene. Di Ellen, ma anche di Alice, mi piaceva che erano donne intelligenti\u201d. A&hellip;\n","protected":false},"author":3,"featured_media":222039,"comment_status":"","ping_status":"","sticky":false,"template":"","format":"standard","meta":{"footnotes":"","_share_on_mastodon":"0"},"categories":[1451],"tags":[1621,1620,203,204,1537,90,89,6142,130859],"class_list":["post-222038","post","type-post","status-publish","format-standard","has-post-thumbnail","category-celebrita","tag-celebrita","tag-celebrities","tag-entertainment","tag-intrattenimento","tag-it","tag-italia","tag-italy","tag-kessler","tag-umberto-orsini"],"share_on_mastodon":{"url":"https:\/\/pubeurope.com\/@it\/115575277698821884","error":""},"_links":{"self":[{"href":"https:\/\/www.europesays.com\/it\/wp-json\/wp\/v2\/posts\/222038","targetHints":{"allow":["GET"]}}],"collection":[{"href":"https:\/\/www.europesays.com\/it\/wp-json\/wp\/v2\/posts"}],"about":[{"href":"https:\/\/www.europesays.com\/it\/wp-json\/wp\/v2\/types\/post"}],"author":[{"embeddable":true,"href":"https:\/\/www.europesays.com\/it\/wp-json\/wp\/v2\/users\/3"}],"replies":[{"embeddable":true,"href":"https:\/\/www.europesays.com\/it\/wp-json\/wp\/v2\/comments?post=222038"}],"version-history":[{"count":0,"href":"https:\/\/www.europesays.com\/it\/wp-json\/wp\/v2\/posts\/222038\/revisions"}],"wp:featuredmedia":[{"embeddable":true,"href":"https:\/\/www.europesays.com\/it\/wp-json\/wp\/v2\/media\/222039"}],"wp:attachment":[{"href":"https:\/\/www.europesays.com\/it\/wp-json\/wp\/v2\/media?parent=222038"}],"wp:term":[{"taxonomy":"category","embeddable":true,"href":"https:\/\/www.europesays.com\/it\/wp-json\/wp\/v2\/categories?post=222038"},{"taxonomy":"post_tag","embeddable":true,"href":"https:\/\/www.europesays.com\/it\/wp-json\/wp\/v2\/tags?post=222038"}],"curies":[{"name":"wp","href":"https:\/\/api.w.org\/{rel}","templated":true}]}}