{"id":223923,"date":"2025-11-20T12:25:14","date_gmt":"2025-11-20T12:25:14","guid":{"rendered":"https:\/\/www.europesays.com\/it\/223923\/"},"modified":"2025-11-20T12:25:14","modified_gmt":"2025-11-20T12:25:14","slug":"inchiesta-tods-le-richieste-del-pm-sul-caporalato-stop-alla-pubblicita-per-sei-mesi-chi-sono-gli-indagati","status":"publish","type":"post","link":"https:\/\/www.europesays.com\/it\/223923\/","title":{"rendered":"Inchiesta Tod\u2019s, le richieste del pm sul caporalato: stop alla pubblicit\u00e0 per sei mesi, chi sono gli indagati"},"content":{"rendered":"<p>    I manager indagati dalla Procura<\/p>\n<p class=\"chapter-paragraph\">Indagati sono i manager destinatari degli audit: Simone Bernardini, Mirko Bartolini e Vittorio Mancini. Da Tod\u2019s, interpellata, ieri, mercoled\u00ec 19 novembre, nessun commento. \u00abNoi non siamo quelle porcheriole,<a href=\"https:\/\/www.corriere.it\/economia\/moda-business\/25_ottobre_09\/tod-s-l-amarezza-del-gruppo-se-interpellati-in-tempo-avremmo-chiarito-tutto-4d8d0e14-89c5-4855-9454-2fb2e9f08xlk.shtml\" title=\"Tod\u2019s, l\u2019amarezza del gruppo: se interpellati in tempo, avremmo chiarito tutto\" rel=\"nofollow noopener\" target=\"_blank\"> mettere in discussione con leggerezza il made in Italy crea danni enormi<\/a>, questa <b>mancanza di rispetto per la nostra reputazione \u00e8 una vergogna<\/b>\u00bb, aveva reagito Della Valle agli esordi dell\u2019inchiesta, \u00abla gente come il procuratore Paolo Storari deve pensare che non si pu\u00f2 mettere alla berlina la reputazione di persone come noi\u00bb.<br \/>Sulla precedente <b>richiesta di amministrazione giudiziaria <\/b>dell\u2019allora non indagata Tod\u2019s, che ora andr\u00e0 appunto ad Ancona dopo la decisione della cassazione, in una nota \u00abTod\u2019s S.p.a. prende atto che la Corte di Cassazione ha rigettato ieri le richieste e il ricorso del Dottor Paolo Storari.<br \/>In merito alle nuove contestazioni sulla medesima vicenda\u00bb, che in realt\u00e0 \u00e8 invece<b> la richiesta di misura interdittiva a della pubblicit\u00e0<\/b> a carico della indagata Tod\u2019s, \u00abla  Societ\u00e0 sta ora esaminando con la stessa tranquillit\u00e0 l\u2019ulteriore materiale prodotto, con preoccupante tempismo, dal Dottor Storari\u00bb.<\/p>\n","protected":false},"excerpt":{"rendered":"I manager indagati dalla Procura Indagati sono i manager destinatari degli audit: Simone Bernardini, Mirko Bartolini e Vittorio&hellip;\n","protected":false},"author":3,"featured_media":223924,"comment_status":"","ping_status":"","sticky":false,"template":"","format":"standard","meta":{"footnotes":"","_share_on_mastodon":"0"},"categories":[172],"tags":[15935,133069,178,31,23432,4157,48168,4072,177,19496,3905,133066,1888,8986,133067,24964,5558,2995,20306,133068,1537,90,89,11804,707,28,8554,893,90061,2439,282,13592,47096,863,100369,3892,2746],"class_list":["post-223923","post","type-post","status-publish","format-standard","has-post-thumbnail","category-affari","tag-acquisito","tag-acquisito-significativi","tag-affari","tag-amministrazione","tag-amministrazione-giudiziaria","tag-ancona","tag-audit","tag-azienda","tag-business","tag-caporalato","tag-carabinieri","tag-certificatore","tag-dicembre","tag-dolo","tag-dormitori","tag-fornitori","tag-gip","tag-giudiziaria","tag-indagata","tag-indagata-tod","tag-it","tag-italia","tag-italy","tag-macerata","tag-maggio","tag-milano","tag-operai","tag-ottobre","tag-paghe","tag-pm","tag-procura","tag-pubblicita","tag-sfruttamento","tag-sicurezza","tag-tod","tag-tribunale","tag-valle"],"share_on_mastodon":{"url":"","error":"Validation failed: Text character limit of 500 exceeded"},"_links":{"self":[{"href":"https:\/\/www.europesays.com\/it\/wp-json\/wp\/v2\/posts\/223923","targetHints":{"allow":["GET"]}}],"collection":[{"href":"https:\/\/www.europesays.com\/it\/wp-json\/wp\/v2\/posts"}],"about":[{"href":"https:\/\/www.europesays.com\/it\/wp-json\/wp\/v2\/types\/post"}],"author":[{"embeddable":true,"href":"https:\/\/www.europesays.com\/it\/wp-json\/wp\/v2\/users\/3"}],"replies":[{"embeddable":true,"href":"https:\/\/www.europesays.com\/it\/wp-json\/wp\/v2\/comments?post=223923"}],"version-history":[{"count":0,"href":"https:\/\/www.europesays.com\/it\/wp-json\/wp\/v2\/posts\/223923\/revisions"}],"wp:featuredmedia":[{"embeddable":true,"href":"https:\/\/www.europesays.com\/it\/wp-json\/wp\/v2\/media\/223924"}],"wp:attachment":[{"href":"https:\/\/www.europesays.com\/it\/wp-json\/wp\/v2\/media?parent=223923"}],"wp:term":[{"taxonomy":"category","embeddable":true,"href":"https:\/\/www.europesays.com\/it\/wp-json\/wp\/v2\/categories?post=223923"},{"taxonomy":"post_tag","embeddable":true,"href":"https:\/\/www.europesays.com\/it\/wp-json\/wp\/v2\/tags?post=223923"}],"curies":[{"name":"wp","href":"https:\/\/api.w.org\/{rel}","templated":true}]}}