{"id":224297,"date":"2025-11-20T17:44:12","date_gmt":"2025-11-20T17:44:12","guid":{"rendered":"https:\/\/www.europesays.com\/it\/224297\/"},"modified":"2025-11-20T17:44:12","modified_gmt":"2025-11-20T17:44:12","slug":"trapani-shark-i-granata-hanno-il-primato-per-punti-realizzati","status":"publish","type":"post","link":"https:\/\/www.europesays.com\/it\/224297\/","title":{"rendered":"Trapani Shark, i granata hanno il primato per punti realizzati"},"content":{"rendered":"<p>&#13;<br \/>\n        &#13;<br \/>\n&#13;<br \/>\n        &#13;<\/p>\n<p>            <a href=\"https:\/\/www.telesudweb.it\/wp-content\/uploads\/2025\/11\/TP-SHARK-Venezia.png\" data-caption=\"Trapani Shark vs Reyer Venezia\" rel=\"nofollow noopener\" target=\"_blank\"><img loading=\"lazy\" decoding=\"async\" width=\"696\" height=\"375\" class=\"entry-thumb td-modal-image\" src=\"https:\/\/www.europesays.com\/it\/wp-content\/uploads\/2025\/11\/TP-SHARK-Venezia-696x375.png\"   alt=\"Trapani Shark vs Reyer Venezia\" title=\"TP SHARK Venezia\"\/><\/a>Trapani Shark vs Reyer Venezia<\/p>\n<p>Dare continuit\u00e0 alla filosofia dello scorso anno: la Trapani Shark, dopo 8 giornate di campionato, si riconferma la squadra che realizza pi\u00f9 punti per partita. La media dei granata \u00e8 di 92.1, una statistica che, anche lo scorso anno, vedeva i siciliani in vetta. A seguire c\u2019\u00e8 la Reyer Venezia con 91.5, poi Tortona, ferma a 89.5. Tutto questo nasce proprio dalla difesa. Trapani \u00e8 una squadra a cui piace correre e, per farlo, ha la necessit\u00e0 di difendere forte per attaccare l\u2019altra met\u00e0 campo sguarnita. A testimoniarlo \u00e8 il numero che riguarda le palle recuperate: la Shark conduce in LBA con 8.6 di media per partita, quasi una in pi\u00f9 di Cremona, seconda a 7.8. Con un JD Notae ritrovato, la volont\u00e0 di Trapani \u00e8 quella di mettere le marce alte e giocare ad alta intensit\u00e0 per tutti i 40 minuti, anche perch\u00e9, sui 24 secondi, i granata non sono proprio brillantissimi e il pi\u00f9 delle volte, finiscono per affidarsi a soluzioni individuali come la penetrazione di Jordan Ford (che spesso arriva al ferro come se andasse in moto non appena cambia passo), o ai polpastrelli sensibilissimi di Allen che accetta di buon grado anche tiri dal coefficiente di difficolt\u00e0 elevatissimo. \u00c8 comunque un roster maturo quello a disposizione di Repe\u0161a che fino a questo punto della stagione \u00e8 stato abilissimo nel gestire i numerosi infortuni e i tantissimi impegni che hanno contraddistinto questo avvio di stagione fra Serie A e Champions League, un anno che si prospetta ancora ricco di impegni e di ambizioni.<\/p>\n<p>        &#13;<br \/>\n&#13;<br \/>\n        &#13;<br \/>\n                        &#13;<br \/>\n            &#13;<br \/>\n&#13;<br \/>\n                        Articolo precedente<a href=\"https:\/\/www.telesudweb.it\/20-11-2025\/penalizzazione-al-trapani-shark-antonini-smentisce\" rel=\"nofollow noopener\" target=\"_blank\">Penalizzazione al Trapani Shark: Antonini smentisce<\/a>                                &#13;<br \/>\n&#13;<\/p>\n","protected":false},"excerpt":{"rendered":"&#13; &#13; &#13; &#13; Trapani Shark vs Reyer Venezia Dare continuit\u00e0 alla filosofia dello scorso anno: la Trapani&hellip;\n","protected":false},"author":3,"featured_media":224298,"comment_status":"","ping_status":"","sticky":false,"template":"","format":"standard","meta":{"footnotes":""},"categories":[1453],"tags":[1756,1757,1537,90,89,1868,245,244,5914],"class_list":{"0":"post-224297","1":"post","2":"type-post","3":"status-publish","4":"format-standard","5":"has-post-thumbnail","7":"category-basket","8":"tag-basket","9":"tag-basketball","10":"tag-it","11":"tag-italia","12":"tag-italy","13":"tag-lba","14":"tag-sport","15":"tag-sports","16":"tag-trapani-shark"},"share_on_mastodon":{"url":"https:\/\/pubeurope.com\/@it\/115583272211714259","error":""},"_links":{"self":[{"href":"https:\/\/www.europesays.com\/it\/wp-json\/wp\/v2\/posts\/224297","targetHints":{"allow":["GET"]}}],"collection":[{"href":"https:\/\/www.europesays.com\/it\/wp-json\/wp\/v2\/posts"}],"about":[{"href":"https:\/\/www.europesays.com\/it\/wp-json\/wp\/v2\/types\/post"}],"author":[{"embeddable":true,"href":"https:\/\/www.europesays.com\/it\/wp-json\/wp\/v2\/users\/3"}],"replies":[{"embeddable":true,"href":"https:\/\/www.europesays.com\/it\/wp-json\/wp\/v2\/comments?post=224297"}],"version-history":[{"count":0,"href":"https:\/\/www.europesays.com\/it\/wp-json\/wp\/v2\/posts\/224297\/revisions"}],"wp:featuredmedia":[{"embeddable":true,"href":"https:\/\/www.europesays.com\/it\/wp-json\/wp\/v2\/media\/224298"}],"wp:attachment":[{"href":"https:\/\/www.europesays.com\/it\/wp-json\/wp\/v2\/media?parent=224297"}],"wp:term":[{"taxonomy":"category","embeddable":true,"href":"https:\/\/www.europesays.com\/it\/wp-json\/wp\/v2\/categories?post=224297"},{"taxonomy":"post_tag","embeddable":true,"href":"https:\/\/www.europesays.com\/it\/wp-json\/wp\/v2\/tags?post=224297"}],"curies":[{"name":"wp","href":"https:\/\/api.w.org\/{rel}","templated":true}]}}