{"id":224364,"date":"2025-11-20T18:35:16","date_gmt":"2025-11-20T18:35:16","guid":{"rendered":"https:\/\/www.europesays.com\/it\/224364\/"},"modified":"2025-11-20T18:35:16","modified_gmt":"2025-11-20T18:35:16","slug":"giro-ditalia-2026-la-tappa-a-milano-ci-sara-accordo-fra-comune-e-rcs-sport","status":"publish","type":"post","link":"https:\/\/www.europesays.com\/it\/224364\/","title":{"rendered":"Giro d&#8217;Italia 2026, la tappa a Milano ci sar\u00e0: accordo fra Comune e RCS Sport"},"content":{"rendered":"<p>\t\t<img width=\"2560\" height=\"1701\" src=\"https:\/\/www.europesays.com\/it\/wp-content\/uploads\/2025\/11\/1012122044-scaled.jpg\" class=\"attachment-full size-full wp-post-image\" alt=\"\" data-main-img=\"1\" decoding=\"async\" fetchpriority=\"high\"  \/><\/p>\n<p>\t\t\t\t\t\t\t \u00a9 Sirotti<\/p>\n<p>\t\t\t\t\t<a href=\"https:\/\/cyclingpro.net\/spaziociclismo\/altro\/scopri-lapp-ufficiale-di-spaziociclismo\/\" title=\"\" rel=\"nofollow noopener\" target=\"_blank\"><br \/>\n\t\t\t\t\t\t<img loading=\"lazy\" decoding=\"async\" src=\"https:\/\/www.europesays.com\/it\/wp-content\/uploads\/2025\/09\/1758060682_662_Banner-App-SpazioCiclismo.png\" alt=\"\" width=\"728\" height=\"91\"\/><br \/>\n\t\t\t\t\t<\/a><\/p>\n<p>Il <strong>Giro d\u2019Italia 2026<\/strong> far\u00e0 tappa a <strong>Milano<\/strong>. Non vedr\u00e0 l\u00ec la sua conclusione, come accaduto pi\u00f9 volte in passato, ma il capoluogo milanese sar\u00e0 sede di arrivo di una frazione. La possibilit\u00e0 che la Corsa Rosa potesse tornare sulle strade della metropoli lombarda aveva iniziato a circolare gi\u00e0 da qualche settimana,<a href=\"https:\/\/cyclingpro.net\/spaziociclismo\/giro-2026\/percorso-giro-ditalia-2026-anticipazioni-e-indiscrezioni-sicura-la-partenza-della-bulgaria-probabile-la-conclusione-a-milano-possibile-uno-sconfinamento-in-svizzera\/\" target=\"_blank\" rel=\"noopener nofollow\"> trovando pure conferma nelle parole di Urbano Cairo, proprietario di RCS, e del sindaco Beppe Sala.\u00a0<\/a>Qualche dubbio era poi emerso per via dell\u2019aspetto economico della questione, <a href=\"https:\/\/cyclingpro.net\/spaziociclismo\/giro-2026\/giro-ditalia-2026-milano-vuole-una-tappa-ma-bisogna-reperire-400mila-euro\/\" target=\"_blank\" rel=\"noopener nofollow\">dato che si era parlato di una somma di 400mila euro che il Comune avrebbe dovuto recuperare nelle pieghe del Bilancio<\/a> per destinarla all\u2019organizzazione della tappa.<\/p>\n<p>Secondo quanto rimbalza dalla Spagna, la situazione \u00e8 stata sbrogliata e la tappa milanese ci sar\u00e0. Stando a quel che riporta<a href=\"https:\/\/as.com\/ciclismo\/giro_italia\/milan-regresa-al-giro-de-italia-en-2026-f202511-n\/\" target=\"_blank\" rel=\"noopener nofollow\"> AS<\/a>, la citt\u00e0 del Duomo torner\u00e0 infatti a fare da teatro alla Corsa Rosa, a distanza di cinque anni dall\u2019ultima volta. Nel dettaglio, a Milano dovrebbe concludersi la frazione numero 15, quella che, <strong>domenica 24 maggio<\/strong>, concluder\u00e0 la seconda settimana piena di gara. Non dovrebbe trattarsi di una cronometro e quindi, in attesa dei dettagli che emergeranno nella loro interezza in occasione della presentazione ufficiale (prevista per l\u20191 dicembre) potrebbe essere lecito aspettarsi un arrivo dedicato ai velocisti.<\/p>\n<p>In base alle indiscrezioni circolate finora, la tappa milanese arriverebbe<a href=\"https:\/\/cyclingpro.net\/spaziociclismo\/giro-2026\/giro-ditalia-2026-confermato-un-arrivo-di-tappa-a-verbania-durante-la-seconda-settimana-niente-mottarone-sara-giornata-da-attaccanti\/\" target=\"_blank\" rel=\"noopener nofollow\"> il giorno dopo rispetto a quella che dovrebbe svolgersi interamente in territorio svizzero<\/a>. Possibile quindi che la Corsa Rosa si presenti a Milano arrivando da nord e partendo o dalla Svizzera o da una localit\u00e0 del Varesino o del Comasco (nelle scorse settimane si era parlato di Busto Arsizio).<\/p>\n<p>Seguici<\/p>\n<p>\t\t\t\t\t\t\t\t\t\t<a href=\"https:\/\/news.google.com\/publications\/CAAqBwgKMNaVhQswhaiCAw?hl=it&amp;gl=IT&amp;ceid=IT%3Ait\" title=\"Google News\" target=\"_blank\" rel=\"nofollow noopener\" class=\"post-followus-btn google-new-btn\"><br \/>\n\t\t\t\t\t\t<img decoding=\"async\" src=\"https:\/\/cyclingpro.net\/spaziociclismo\/wp-content\/themes\/jannah\/assets\/images\/google-news.svg\" alt=\"Google News\" loading=\"lazy\" width=\"120\" height=\"22\"\/><br \/>\n\t\t\t\t\t<\/a><br \/>\n\t\t\t\t\t\t\t\t\t\t<a href=\"https:\/\/flipboard.com\/@SpazioCiclismo\" title=\"Flipboard\" target=\"_blank\" rel=\"nofollow noopener\" class=\"post-followus-btn flipboard-btn\"><br \/>\n\t\t\t\t\t\t<img decoding=\"async\" src=\"https:\/\/cyclingpro.net\/spaziociclismo\/wp-content\/themes\/jannah\/assets\/images\/flipboard.svg\" alt=\"Flipboard\" loading=\"lazy\" width=\"152\" height=\"30\"\/><br \/>\n\t\t\t\t\t<\/a><\/p>\n","protected":false},"excerpt":{"rendered":"\u00a9 Sirotti Il Giro d\u2019Italia 2026 far\u00e0 tappa a Milano. Non vedr\u00e0 l\u00ec la sua conclusione, come accaduto&hellip;\n","protected":false},"author":3,"featured_media":224365,"comment_status":"","ping_status":"","sticky":false,"template":"","format":"standard","meta":{"footnotes":""},"categories":[1456],"tags":[1824,1825,30818,1537,90,89,245,244],"class_list":{"0":"post-224364","1":"post","2":"type-post","3":"status-publish","4":"format-standard","5":"has-post-thumbnail","7":"category-ciclismo","8":"tag-ciclismo","9":"tag-cycling","10":"tag-giro-ditalia-2026","11":"tag-it","12":"tag-italia","13":"tag-italy","14":"tag-sport","15":"tag-sports"},"share_on_mastodon":{"url":"https:\/\/pubeurope.com\/@it\/115583472761682773","error":""},"_links":{"self":[{"href":"https:\/\/www.europesays.com\/it\/wp-json\/wp\/v2\/posts\/224364","targetHints":{"allow":["GET"]}}],"collection":[{"href":"https:\/\/www.europesays.com\/it\/wp-json\/wp\/v2\/posts"}],"about":[{"href":"https:\/\/www.europesays.com\/it\/wp-json\/wp\/v2\/types\/post"}],"author":[{"embeddable":true,"href":"https:\/\/www.europesays.com\/it\/wp-json\/wp\/v2\/users\/3"}],"replies":[{"embeddable":true,"href":"https:\/\/www.europesays.com\/it\/wp-json\/wp\/v2\/comments?post=224364"}],"version-history":[{"count":0,"href":"https:\/\/www.europesays.com\/it\/wp-json\/wp\/v2\/posts\/224364\/revisions"}],"wp:featuredmedia":[{"embeddable":true,"href":"https:\/\/www.europesays.com\/it\/wp-json\/wp\/v2\/media\/224365"}],"wp:attachment":[{"href":"https:\/\/www.europesays.com\/it\/wp-json\/wp\/v2\/media?parent=224364"}],"wp:term":[{"taxonomy":"category","embeddable":true,"href":"https:\/\/www.europesays.com\/it\/wp-json\/wp\/v2\/categories?post=224364"},{"taxonomy":"post_tag","embeddable":true,"href":"https:\/\/www.europesays.com\/it\/wp-json\/wp\/v2\/tags?post=224364"}],"curies":[{"name":"wp","href":"https:\/\/api.w.org\/{rel}","templated":true}]}}