{"id":224578,"date":"2025-11-20T21:35:16","date_gmt":"2025-11-20T21:35:16","guid":{"rendered":"https:\/\/www.europesays.com\/it\/224578\/"},"modified":"2025-11-20T21:35:16","modified_gmt":"2025-11-20T21:35:16","slug":"cassieri-licenziati-da-pam-per-il-test-del-finto-cliente-lazienda-non-fa-marcia-indietro","status":"publish","type":"post","link":"https:\/\/www.europesays.com\/it\/224578\/","title":{"rendered":"Cassieri licenziati da Pam per il \u00abtest del finto cliente\u00bb: l&#8217;azienda non fa marcia indietro"},"content":{"rendered":"<p>    di<br \/>\n    Aldo Tani<\/p>\n<p class=\"summary-art is-line-h-12\">Un caso a Siena e due a Livorno: gli ispettori hanno di fatto simulato un furto per vedere se i cassieri se ne accorgevano, quando non lo hanno fatto, li hanno licenziati<\/p>\n<p class=\"chapter-paragraph\"><a href=\"https:\/\/corrierefiorentino.corriere.it\/notizie\/cronaca\/25_novembre_18\/tre-cassieri-licenziati-dalla-pam-dopo-il-test-del-finto-cliente-la-protesta-dei-sindacati-in-toscana-b5b63fda-8d94-406d-8116-e883ec295xlk.shtml\" rel=\"nofollow noopener\" target=\"_blank\">I licenziamenti dei lavoratori toscani di Pam, due a Livorno e uno a Siena, restano.<\/a> <b>Il gruppo della grande distribuzione nell\u2019incontro con i sindacati non ha lasciato spazio ad aperture.<\/b> Il faccia a faccia era di carattere nazionale, perch\u00e9 sul tavolo ci sono anche una ventina di provvedimenti a Roma.\u00a0\u00abLoro vogliono andare verso il conflitto \u2013 sottolinea Massimiliano Fabozzi della Filcams Cgil \u2013 e noi siamo pronti alla mobilitazione\u00bb.<\/p>\n<p class=\"chapter-paragraph\">Strategia legata in primo luogo agli addii forzati di Fabio Giomi, 62enne di Poggibonsi (Siena), e di Davide e Tomaso per quanto riguarda la citt\u00e0 labronica. <b>Tutti puniti per aver fallito \u00abil test del carrello\u00bb.<\/b> Per il sindacalista per\u00f2 c\u2019\u00e8 di pi\u00f9: \u00abQuello che \u00e8 successo \u00e8 soltanto la punta dell\u2019iceberg. C\u2019\u00e8 tutta una parte sommersa legata alle condizioni difficili dentro il commercio, tra carichi di lavoro insostenibili e provvedimenti punitivi\u00bb.    &#13;<br \/>\n&#13;<br \/>\n&#13;<br \/>\n&#13;<br \/>\n&#13;<br \/>\n&#13;<br \/>\n&#13;<br \/>\n&#13;<br \/>\n&#13;<br \/>\n&#13;<br \/>\n&#13;<br \/>\n&#13;<br \/>\n&#13;<br \/>\n&#13;<br \/>\n&#13;<br \/>\n&#13;<br \/>\n&#13;<br \/>\n&#13;<br \/>\n&#13;<br \/>\n&#13;<br \/>\n&#13;<br \/>\n&#13;<br \/>\n&#13;<br \/>\n&#13;<br \/>\n&#13;<br \/>\n&#13;<br \/>\n&#13;<br \/>\n&#13;<br \/>\n&#13;<br \/>\n&#13;<br \/>\n&#13;<br \/>\n&#13;<br \/>\n&#13;<br \/>\n&#13;<br \/>\n&#13;<br \/>\n&#13;<br \/>\n&#13;<br \/>\n&#13;<br \/>\n&#13;<br \/>\n&#13;<br \/>\n&#13;<br \/>\n&#13;<br \/>\n&#13;<br \/>\n&#13;<br \/>\n&#13;<br \/>\n&#13;<br \/>\n&#13;<br \/>\n&#13;<br \/>\n&#13;<br \/>\n&#13;<br \/>\n&#13;<br \/>\n&#13;<br \/>\n&#13;\n<\/p>\n<p class=\"chapter-paragraph\">Eppure un tentativo di trovare una quadra era stato fatto dalle parti sociali. <b>\u00abAvevamo proposto di ritirare i licenziamenti e di trasformarli in sanzioni <\/b>\u2013 prosegue Fabozzi -. Questo ci dava tempo per trovare una soluzione definitiva\u00bb. Espediente che non \u00e8 andato a buon fine, cos\u00ec i sindacati sono pronti ad attivarsi, con scioperi e vertenze.<\/p>\n<p class=\"chapter-paragraph\"><b>Per proteggere gli interessi di Giomi \u00e8 gi\u00e0 stata percorsa anche la via legale, con un\u2019istanza presentata al giudice del lavoro<\/b>. \u00abSe credono che ci fermeremo, si sbagliano \u2013 fa notare il delegato della Filcams -. Lo stratagemma utilizzato nei confronti di questi lavoratori \u00e8 un solo un modo per allontanare chi \u00e8 vicino alla pensioni o chi \u00e8 ritenuto poco produttivo\u00bb.<\/p>\n<p class=\"chapter-paragraph\">Secondo il sindacalista la questione ha messo in luce anche un altro problema, se possibile pi\u00f9 grave: <b>\u00abQui si chiede ai lavoratori di fare le ispezioni,<\/b> ma se una persona arriva a rubare una scatoletta di tonno o un prodotto simile, non \u00e8 perch\u00e9 vuole danneggiare il supermercato, ma pi\u00f9 semplicemente ha fame\u00bb.<\/p>\n<p class=\"chapter-paragraph\">Alla luce di quanto avvenuto nell\u2019incontro a Roma, i dirigenti sindacali presto si riuniranno per decidere come attivarsi. <b>La prospettiva \u00e8 di procedere con una mobilitazione nazionale,<\/b> nel tentativo di coinvolgere, oltre la politica (al momento \u00e8 stata presentata un\u2019interrogazione parlamentare da Avs), anche le associazioni di categoria e Federdistribuzione, finora silenti sull\u2019accaduto.<\/p>\n<p class=\"is-mr-t-20 is-mr-b-20\"><b><br \/>\n                    <a href=\"https:\/\/corrierefiorentino.corriere.it\/?intcmp=Notizielocali_nd_010623_corriere_ss_fior\" target=\"_blank\" rel=\"nofollow noopener\">Vai a tutte le notizie di Firenze<\/a><br \/>\n            <\/b><\/p>\n<p class=\"chapter-paragraph\"><b><a href=\"https:\/\/www.corriere.it\/newsletter\/?theme=45&amp;intcmp=NL-artic_nd_050624_corriere_ss_fior\" target=\"_blank\" rel=\"nofollow noopener\">Iscriviti alla newsletter del Corriere Fiorentino<\/a><\/b><\/p>\n<p class=\"is-last-update\" datetime=\"2025-11-20T16:36:11+01:00\">20 novembre 2025<\/p>\n<p class=\"is-copyright\">\n            \u00a9 RIPRODUZIONE RISERVATA\n        <\/p>\n","protected":false},"excerpt":{"rendered":"di Aldo Tani Un caso a Siena e due a Livorno: gli ispettori hanno di fatto simulato un&hellip;\n","protected":false},"author":3,"featured_media":224579,"comment_status":"","ping_status":"","sticky":false,"template":"","format":"standard","meta":{"footnotes":""},"categories":[6],"tags":[500,133369,133370,14,133371,63382,133372,8,399,1537,90,89,9324,23543,10293,57226,8285,18494,14037,7,15,82,9,83,10,38893,6729,3237,2515,987,11909,133373,5174,6801,2641,13,5186,11,80,84,12,81,85],"class_list":{"0":"post-224578","1":"post","2":"type-post","3":"status-publish","4":"format-standard","5":"has-post-thumbnail","7":"category-ultime-notizie","8":"tag-accaduto","9":"tag-attivarsi","10":"tag-cassieri","11":"tag-cronaca","12":"tag-fabozzi","13":"tag-filcams","14":"tag-giomi","15":"tag-headlines","16":"tag-incontro","17":"tag-it","18":"tag-italia","19":"tag-italy","20":"tag-lavoratori","21":"tag-legata","22":"tag-licenziamenti","23":"tag-licenziati","24":"tag-livorno","25":"tag-luce","26":"tag-mobilitazione","27":"tag-news","28":"tag-notizie","29":"tag-notizie-di-cronaca","30":"tag-notizie-principali","31":"tag-notiziedicronaca","32":"tag-notizieprincipali","33":"tag-pam","34":"tag-presentata","35":"tag-pronti","36":"tag-provvedimenti","37":"tag-roma","38":"tag-siena","39":"tag-sindacalista","40":"tag-sindacati","41":"tag-tentativo","42":"tag-test","43":"tag-titoli","44":"tag-trovare","45":"tag-ultime-notizie","46":"tag-ultime-notizie-di-cronaca","47":"tag-ultime-notizie-e-news-di-oggi","48":"tag-ultimenotizie","49":"tag-ultimenotiziedicronaca","50":"tag-ultimenotizieenewsdioggi"},"share_on_mastodon":{"url":"","error":"Validation failed: Text character limit of 500 exceeded"},"_links":{"self":[{"href":"https:\/\/www.europesays.com\/it\/wp-json\/wp\/v2\/posts\/224578","targetHints":{"allow":["GET"]}}],"collection":[{"href":"https:\/\/www.europesays.com\/it\/wp-json\/wp\/v2\/posts"}],"about":[{"href":"https:\/\/www.europesays.com\/it\/wp-json\/wp\/v2\/types\/post"}],"author":[{"embeddable":true,"href":"https:\/\/www.europesays.com\/it\/wp-json\/wp\/v2\/users\/3"}],"replies":[{"embeddable":true,"href":"https:\/\/www.europesays.com\/it\/wp-json\/wp\/v2\/comments?post=224578"}],"version-history":[{"count":0,"href":"https:\/\/www.europesays.com\/it\/wp-json\/wp\/v2\/posts\/224578\/revisions"}],"wp:featuredmedia":[{"embeddable":true,"href":"https:\/\/www.europesays.com\/it\/wp-json\/wp\/v2\/media\/224579"}],"wp:attachment":[{"href":"https:\/\/www.europesays.com\/it\/wp-json\/wp\/v2\/media?parent=224578"}],"wp:term":[{"taxonomy":"category","embeddable":true,"href":"https:\/\/www.europesays.com\/it\/wp-json\/wp\/v2\/categories?post=224578"},{"taxonomy":"post_tag","embeddable":true,"href":"https:\/\/www.europesays.com\/it\/wp-json\/wp\/v2\/tags?post=224578"}],"curies":[{"name":"wp","href":"https:\/\/api.w.org\/{rel}","templated":true}]}}