{"id":224630,"date":"2025-11-20T22:22:12","date_gmt":"2025-11-20T22:22:12","guid":{"rendered":"https:\/\/www.europesays.com\/it\/224630\/"},"modified":"2025-11-20T22:22:12","modified_gmt":"2025-11-20T22:22:12","slug":"la-manifestazione-davanti-al-forum-di-assago","status":"publish","type":"post","link":"https:\/\/www.europesays.com\/it\/224630\/","title":{"rendered":"la manifestazione davanti al Forum di Assago"},"content":{"rendered":"<p>Un presidio organizzato per boicottare la partita di basket dell&#8217;Ea7 contro Hapoel Tel Aviv, la squadra israeliana. Proprio stasera, infatti, si disputa il tanto discusso match di basket al Forum di Assago.\u00a0<\/p>\n<p>\u201cRitengo grave che gli organismi sportivi internazionali &#8211; ha commentato ieri il consigliere regionale e tifoso dell&#8217;Olimpia, Luca Paladini &#8211; non abbiano fatto come con la Russia ed estromesso ogni rappresentante di uno Stato che si \u00e8 macchiato di crimini di guerra, dalle competizioni internazionali. Per questo, solo per questo mi autodenuncio in partenza. Andr\u00f2 al Forum con una bandiera palestinese. Andr\u00f2 per ricordare cosa \u00e8 successo e continua a succedere l\u00ec\u201d.\u00a0<\/p>\n<p>Il presidio<\/p>\n<p>Gli attivisti pro Pal si sono ritrovato alle 18.30 davanti all&#8217;impianto, in circa 50, mentre i pullman delle squadre sono gi\u00e0 all&#8217;interno del Forum. Diversi i cori intonati, tra cui \u201cNetanyahu a testa in gi\u00f9\u201d. Anche Global Movement to Gaza Lombardia ha commentato: \u201cCi\u00f2 che pu\u00f2 sembrare una semplice competizione sportiva rappresenta in realt\u00e0 l&#8217;ennesima dimostrazione della complicit\u00e0 della citt\u00e0 di Milano con lo Stato genocida di Israele\u201d, si legge in un post sui social dove definiscono la vicenda \u201csportswashing, dove lo sport viene utilizzato come vetrina politica per ripulire l&#8217;immagine di uno Stato criminale, legittimandone le azioni e dirottando l&#8217;attenzione da un genocidio che non si \u00e8 mai fermato\u201d.\u00a0<\/p>\n<p>         &#13;<br \/>\n  &#13;<br \/>\n    &#13;<br \/>\n      &#13;<br \/>\n    &#13;<br \/>\n    <strong>2<\/strong> minuti di lettura   &#13;<\/p>\n","protected":false},"excerpt":{"rendered":"Un presidio organizzato per boicottare la partita di basket dell&#8217;Ea7 contro Hapoel Tel Aviv, la squadra israeliana. Proprio&hellip;\n","protected":false},"author":3,"featured_media":224631,"comment_status":"","ping_status":"","sticky":false,"template":"","format":"standard","meta":{"footnotes":""},"categories":[176],"tags":[1756,1537,90,89,13166,54430,245,244],"class_list":{"0":"post-224630","1":"post","2":"type-post","3":"status-publish","4":"format-standard","5":"has-post-thumbnail","7":"category-sport","8":"tag-basket","9":"tag-it","10":"tag-italia","11":"tag-italy","12":"tag-manifestazioni","13":"tag-pro-pal","14":"tag-sport","15":"tag-sports"},"share_on_mastodon":{"url":"https:\/\/pubeurope.com\/@it\/115584364918970795","error":""},"_links":{"self":[{"href":"https:\/\/www.europesays.com\/it\/wp-json\/wp\/v2\/posts\/224630","targetHints":{"allow":["GET"]}}],"collection":[{"href":"https:\/\/www.europesays.com\/it\/wp-json\/wp\/v2\/posts"}],"about":[{"href":"https:\/\/www.europesays.com\/it\/wp-json\/wp\/v2\/types\/post"}],"author":[{"embeddable":true,"href":"https:\/\/www.europesays.com\/it\/wp-json\/wp\/v2\/users\/3"}],"replies":[{"embeddable":true,"href":"https:\/\/www.europesays.com\/it\/wp-json\/wp\/v2\/comments?post=224630"}],"version-history":[{"count":0,"href":"https:\/\/www.europesays.com\/it\/wp-json\/wp\/v2\/posts\/224630\/revisions"}],"wp:featuredmedia":[{"embeddable":true,"href":"https:\/\/www.europesays.com\/it\/wp-json\/wp\/v2\/media\/224631"}],"wp:attachment":[{"href":"https:\/\/www.europesays.com\/it\/wp-json\/wp\/v2\/media?parent=224630"}],"wp:term":[{"taxonomy":"category","embeddable":true,"href":"https:\/\/www.europesays.com\/it\/wp-json\/wp\/v2\/categories?post=224630"},{"taxonomy":"post_tag","embeddable":true,"href":"https:\/\/www.europesays.com\/it\/wp-json\/wp\/v2\/tags?post=224630"}],"curies":[{"name":"wp","href":"https:\/\/api.w.org\/{rel}","templated":true}]}}