{"id":224785,"date":"2025-11-21T00:36:11","date_gmt":"2025-11-21T00:36:11","guid":{"rendered":"https:\/\/www.europesays.com\/it\/224785\/"},"modified":"2025-11-21T00:36:11","modified_gmt":"2025-11-21T00:36:11","slug":"dicono-che-e-bello-al-cinema","status":"publish","type":"post","link":"https:\/\/www.europesays.com\/it\/224785\/","title":{"rendered":"Dicono che \u00e8 bello, al cinema"},"content":{"rendered":"<p>Caricamento player<\/p>\n<p>Sono ormai pi\u00f9 di due anni che le persone abbonate al Post possono ricevere una <a href=\"https:\/\/www.ilpost.it\/newsletter\/dicono-che-bello\/\" rel=\"nofollow noopener\" target=\"_blank\">newsletter<\/a> settimanale che consiglia film e serie da vedere in streaming: Dicono che \u00e8 bello, di Gabriele Niola. A settembre di quest\u2019anno, per la Mostra del cinema di Venezia, la newsletter era diventata eccezionalmente un podcast: ora da eccezione diventa regola, e quindi il Post ha un nuovo podcast settimanale. Si chiama <a href=\"https:\/\/www.ilpost.it\/podcasts\/dicono-che-e-bello-a-venezia\/\" rel=\"nofollow noopener\" target=\"_blank\">Dicono che \u00e8 bello, al cinema<\/a>, esce ogni gioved\u00ec pomeriggio ed \u00e8 scritto e condotto dallo stesso Gabriele Niola insieme a Bianca Ferrari.<\/p>\n<p>Ogni settimana, Ferrari e Niola parleranno di due o tre film tra i pi\u00f9 rilevanti, discussi o anche solo quelli su cui vale la pena sapere qualcosa, tra quelli che saranno al cinema nel weekend. Con l\u2019obiettivo di raccontare cosa c\u2019\u00e8 di bello (o no) da vedere al cinema e capire insieme come mai si fanno certi film e non altri, cosa ci dicono le loro trame, la loro storia produttiva o il loro eventuale successo.<\/p>\n<p>La <a href=\"http:\/\/la-seconda-parte-di-wicked-il-film-dautore-con-the-rock-e-le-proiezioni-speciali-per-critici-e-giornalisti\" rel=\"nofollow\">prima puntata<\/a> \u00e8 gi\u00e0 disponibile e parla di due tra le prime uscite natalizie che stanno arrivando al cinema in questi giorni: The Smashing Machine con Dwayne Johnson, ispirato alla vita dell\u2019atleta professionista di MMA Mark Kerr, e la seconda parte del musical con maggiori incassi di tutti i tempi, Wicked. E poi nella puntata rispondendo anche a una domanda che potrebbe essersi fatto chi \u00e8 solito leggere le recensioni dei film, e cio\u00e8: come fanno i critici a vedere i film prima dell\u2019uscita al cinema? Quando li vedono, dove e come si fa ad accedere a queste proiezioni?<\/p>\n<p><strong>\u2013 <a href=\"https:\/\/www.ilpost.it\/podcasts\/dicono-che-e-bello-a-venezia\/la-seconda-parte-di-wicked-il-film-dautore-con-the-rock-e-le-proiezioni-speciali-per-critici-e-giornalisti\/\" rel=\"nofollow noopener\" target=\"_blank\">Ascolta la prima puntata di Dicono che \u00e8 bello al cinema<\/a><\/strong><\/p>\n<p>Gabriele Niola \u00e8 critico e giornalista di cinema e collabora da tempo con il Post scrivendo di film e serie e raccontando e spiegando i meccanismi dell\u2019industria. Nella sua newsletter settimanale Dicono che \u00e8 bello consiglia alle persone abbonate al Post film e serie tv, nuovi o del passato pi\u00f9 o meno recente, da vedere in streaming.<\/p>\n<p>Bianca Ferrari \u00e8 nata a Bologna nel 1996 e dal 2023 vive a Roma, dove lavora come critica cinematografica e divulgatrice culturale. Ha collaborato per anni con la Cineteca di Bologna come tutor didattica e redattrice, per poi approdare a Badtaste come critica cinematografica e podcaster.<\/p>\n<p>Dicono che \u00e8 bello al cinema uscir\u00e0 ogni gioved\u00ec alle 18 sul sito e sull\u2019app del Post e sulle principali piattaforme di podcast (Spotify e Apple Podcasts). I primi mesi sar\u00e0 aperto a chiunque voglia ascoltarlo, successivamente entrer\u00e0 a far parte dell\u2019offerta per le persone abbonate al Post.<\/p>\n","protected":false},"excerpt":{"rendered":"Caricamento player Sono ormai pi\u00f9 di due anni che le persone abbonate al Post possono ricevere una newsletter&hellip;\n","protected":false},"author":3,"featured_media":224786,"comment_status":"","ping_status":"","sticky":false,"template":"","format":"standard","meta":{"footnotes":""},"categories":[1442],"tags":[203,454,204,1537,90,89,1521],"class_list":{"0":"post-224785","1":"post","2":"type-post","3":"status-publish","4":"format-standard","5":"has-post-thumbnail","7":"category-film","8":"tag-entertainment","9":"tag-film","10":"tag-intrattenimento","11":"tag-it","12":"tag-italia","13":"tag-italy","14":"tag-movies"},"share_on_mastodon":{"url":"https:\/\/pubeurope.com\/@it\/115584891891407947","error":""},"_links":{"self":[{"href":"https:\/\/www.europesays.com\/it\/wp-json\/wp\/v2\/posts\/224785","targetHints":{"allow":["GET"]}}],"collection":[{"href":"https:\/\/www.europesays.com\/it\/wp-json\/wp\/v2\/posts"}],"about":[{"href":"https:\/\/www.europesays.com\/it\/wp-json\/wp\/v2\/types\/post"}],"author":[{"embeddable":true,"href":"https:\/\/www.europesays.com\/it\/wp-json\/wp\/v2\/users\/3"}],"replies":[{"embeddable":true,"href":"https:\/\/www.europesays.com\/it\/wp-json\/wp\/v2\/comments?post=224785"}],"version-history":[{"count":0,"href":"https:\/\/www.europesays.com\/it\/wp-json\/wp\/v2\/posts\/224785\/revisions"}],"wp:featuredmedia":[{"embeddable":true,"href":"https:\/\/www.europesays.com\/it\/wp-json\/wp\/v2\/media\/224786"}],"wp:attachment":[{"href":"https:\/\/www.europesays.com\/it\/wp-json\/wp\/v2\/media?parent=224785"}],"wp:term":[{"taxonomy":"category","embeddable":true,"href":"https:\/\/www.europesays.com\/it\/wp-json\/wp\/v2\/categories?post=224785"},{"taxonomy":"post_tag","embeddable":true,"href":"https:\/\/www.europesays.com\/it\/wp-json\/wp\/v2\/tags?post=224785"}],"curies":[{"name":"wp","href":"https:\/\/api.w.org\/{rel}","templated":true}]}}