{"id":225355,"date":"2025-11-21T09:44:10","date_gmt":"2025-11-21T09:44:10","guid":{"rendered":"https:\/\/www.europesays.com\/it\/225355\/"},"modified":"2025-11-21T09:44:10","modified_gmt":"2025-11-21T09:44:10","slug":"bonus-casa-al-36-o-al-50-gli-sgravi-fiscali-per-le-ristrutturazioni-spiegati-caso-per-caso-in-modo-semplice","status":"publish","type":"post","link":"https:\/\/www.europesays.com\/it\/225355\/","title":{"rendered":"Bonus casa al 36% o al 50%? Gli sgravi fiscali per le ristrutturazioni spiegati caso per caso (in modo semplice)"},"content":{"rendered":"<p class=\"chapter-paragraph\">Nei primi sette mesi dell\u2019anno le imprese edili hanno fatturato per lavori agevolati dal Fisco il 22% in meno rispetto al corrispondente periodo del 2024; l\u2019entit\u00e0 della diminuzione \u00e8 ricavabile confrontando l\u2019ammontare delle ritenute d\u2019acconto incassate dall\u2019Erario sulla base dei \u201cbonifici parlanti\u201d indispensabile per ottenere lo sconto di imposte sul 730. Un calo che significa <b>meno Irpef e meno Iva incassata e in prospettiva pi\u00f9 cassa integrazione <\/b>da finanziare e che con tutta evidenza ha consigliato di bloccare almeno per tutto il 2026 un\u2019ulteriore stretta sull\u2019importo dei bonus, un taglio che senza interventi legislativi porterebbe l\u2019<b>aliquota a partire dal 1\u00b0 gennaio prossimo al 36% per la prima casa e al 30%<\/b> <b>nelle altre ipotesi.<\/b> A queste limitate novit\u00e0 si affianca il discusso intervento <a href=\"https:\/\/www.corriere.it\/economia\/finanza\/25_novembre_21\/manovra-restano-i-nodi-dopo-il-vertice-di-governo-affitti-brevi-la-lega-punta-a-riportare-la-cedolare-secca-al-21-3b2d3d0a-ecb6-419e-b9ad-693696ec9xlk.shtml\" title=\"Manovra, restano i nodi dopo il vertice di governo. Affitti brevi, la Lega punta a riportare la cedolare secca al 21%\" rel=\"nofollow noopener\" target=\"_blank\">sulle aliquote della cedolare secca per gli affitti brevi <\/a>che, assieme alle nuove tasse su banche e assicurazioni, sta causando una fibrillazione tra i partiti che sarebbe difficile raccontare a uno straniero poco pratico del teatrino della politica nostrana, perch\u00e9, al di l\u00e0 del merito dei provvedimenti, \u00e8 inverosimile che quanto contenuto dal <b>disegno di legge sia arrivato in Cdm <\/b>a insaputa dei partiti della maggioranza.<br \/>Sulla base anche dei quesiti che ci stanno pervenendo alla redazione cerchiamo di rispondere alla domande pi\u00f9 frequenti sulle novit\u00e0 del disegno di Legge di Bilancio.<\/p>\n<p class=\"is-last-update\" data-show-time=\"|\" datetime=\"2025-11-21T09:19:07+01:00\">21 novembre &#8211; 09:19<\/p>\n<p class=\"is-copyright\">\u00a9 RIPRODUZIONE RISERVATA<\/p>\n","protected":false},"excerpt":{"rendered":"Nei primi sette mesi dell\u2019anno le imprese edili hanno fatturato per lavori agevolati dal Fisco il 22% in&hellip;\n","protected":false},"author":3,"featured_media":225356,"comment_status":"","ping_status":"","sticky":false,"template":"","format":"standard","meta":{"footnotes":"","_share_on_mastodon":"0"},"categories":[172],"tags":[2268,178,28644,33494,133775,133780,133781,64870,3817,55404,839,2333,133782,1033,587,35365,177,61018,107234,128683,133783,34272,38409,56301,133784,6693,15094,7881,38836,806,133776,133785,2448,2496,4487,2614,133777,756,14781,2460,1537,90,89,722,1207,22,1285,7462,731,17921,4262,4736,26547,6897,36554,5644,107235,2434,133778,906,133779],"class_list":["post-225355","post","type-post","status-publish","format-standard","has-post-thumbnail","category-affari","tag-abitazione","tag-affari","tag-affitti","tag-affitti-brevi","tag-agevolabili","tag-agevolabili-tratta","tag-agevolabili-tratta-opere","tag-agevolazione","tag-aliquota","tag-aliquote","tag-almeno","tag-base","tag-benestare","tag-bilancio","tag-bonus","tag-brevi","tag-business","tag-cedolare","tag-cedolare-secca","tag-cedolare-secca-affitti","tag-comodatario","tag-compromesso","tag-coniuge","tag-consecutivi","tag-consecutivi-cedolare","tag-contratto","tag-contribuente","tag-data","tag-detrazione","tag-diritto","tag-diritto-reale","tag-diritto-reale-immobile","tag-disegno","tag-disegno-legge","tag-edificio","tag-gennaio","tag-gennaio-prossimo","tag-immobile","tag-immobili","tag-ipotesi","tag-it","tag-italia","tag-italy","tag-lavori","tag-legge","tag-maggioranza","tag-massimo","tag-novita","tag-opere","tag-proprietario","tag-prossimo","tag-reale","tag-redditi","tag-regole","tag-requisito","tag-ristrutturazione","tag-secca","tag-si","tag-stipulato","tag-tratta","tag-tratta-opere"],"share_on_mastodon":{"url":"","error":"Validation failed: Text character limit of 500 exceeded"},"_links":{"self":[{"href":"https:\/\/www.europesays.com\/it\/wp-json\/wp\/v2\/posts\/225355","targetHints":{"allow":["GET"]}}],"collection":[{"href":"https:\/\/www.europesays.com\/it\/wp-json\/wp\/v2\/posts"}],"about":[{"href":"https:\/\/www.europesays.com\/it\/wp-json\/wp\/v2\/types\/post"}],"author":[{"embeddable":true,"href":"https:\/\/www.europesays.com\/it\/wp-json\/wp\/v2\/users\/3"}],"replies":[{"embeddable":true,"href":"https:\/\/www.europesays.com\/it\/wp-json\/wp\/v2\/comments?post=225355"}],"version-history":[{"count":0,"href":"https:\/\/www.europesays.com\/it\/wp-json\/wp\/v2\/posts\/225355\/revisions"}],"wp:featuredmedia":[{"embeddable":true,"href":"https:\/\/www.europesays.com\/it\/wp-json\/wp\/v2\/media\/225356"}],"wp:attachment":[{"href":"https:\/\/www.europesays.com\/it\/wp-json\/wp\/v2\/media?parent=225355"}],"wp:term":[{"taxonomy":"category","embeddable":true,"href":"https:\/\/www.europesays.com\/it\/wp-json\/wp\/v2\/categories?post=225355"},{"taxonomy":"post_tag","embeddable":true,"href":"https:\/\/www.europesays.com\/it\/wp-json\/wp\/v2\/tags?post=225355"}],"curies":[{"name":"wp","href":"https:\/\/api.w.org\/{rel}","templated":true}]}}