{"id":225400,"date":"2025-11-21T10:28:18","date_gmt":"2025-11-21T10:28:18","guid":{"rendered":"https:\/\/www.europesays.com\/it\/225400\/"},"modified":"2025-11-21T10:28:18","modified_gmt":"2025-11-21T10:28:18","slug":"inter-collovati-mea-culpa-su-chivu-mi-devo-ricredere-avevo-una-teoria","status":"publish","type":"post","link":"https:\/\/www.europesays.com\/it\/225400\/","title":{"rendered":"Inter, Collovati: &#8220;Mea culpa su Chivu, mi devo ricredere! Avevo una teoria&#8221;"},"content":{"rendered":"<p>Fulvio Collovati, doppio ex di Inter e Milan, ha rilasciato un&#8217;intervista ai microfoni del Corriere della Sera. Queste le sue parole verso il derby<\/p>\n<p><strong>Fulvio Collovati<\/strong>, doppio ex di Inter e Milan, ha rilasciato un&#8217;intervista ai microfoni del Corriere della Sera. Queste le sue parole <a href=\"https:\/\/www.fcinter1908.it\/ultimora\/inter-milan-ecco-chi-non-ha-mai-segnato-derby\/\" rel=\"nofollow noopener\" target=\"_blank\">verso il derby<\/a> di domenica sera:\u00a0\u00abSecondo me sar\u00e0 una partita molto tattica. Non penso che Massimiliano Allegri si esporr\u00e0. Viene tacciato, secondo me ingiustamente, di \u201ccorto muso\u201d. Per\u00f2, cercher\u00e0 di colpire in contropiede sfruttando la velocit\u00e0 di Rafael Leao e di Pulisic. L\u2019Inter, invece, attende e riparte sfruttando le corsie esterne\u00bb.<\/p>\n<p>Vogliamo fare subito un pronostico?<\/p>\n<p>\u00abStavolta no. Mi espongo sempre, ma stavolta vedo una gara pi\u00f9 equilibrata. L\u2019Inter ha pi\u00f9 potenzialit\u00e0 in avanti con Lautaro Martinez, Pio Esposito, Thuram e Bonny. Il Milan per questo motivo sar\u00e0 molto chiuso, cercher\u00e0 di non concedere spazi. Un\u2019altra cosa da dire \u00e8 che in questo derby ci sar\u00e0, per quanto riguarda il centrocampo, il meglio del nostro campionato: Rabiot, Modric e Fofana da una parte; Barella, Calhanoglu e uno tra Zielinski e Sucic dall\u2019altra, visto che Mkhitaryan \u00e8 out per infortunio\u00bb.<\/p>\n<p><strong>Come valuta il lavoro di Cristian Chivu?<\/strong><\/p>\n<p>\u00abMi devo ricredere, ho sbagliato e faccio mea culpa. Ho sbagliato perch\u00e9 io ho una mia teoria: le big devono essere allenate da tecnici esperti. Nel calcio di oggi, rispetto ai miei tempi, i giocatori hanno il sopravvento. Invece, Chivu \u00e8 entrato in empatia con lo spogliatoio, lo rispettano. Devo fargli i complimenti\u00bb.<\/p>\n<p>E come valuta l\u2019Inter in Europa?<\/p>\n<p>\u00abL\u2019anno scorso ho commentato le due gare pi\u00f9 belle, Inter-Bayern Monaco e Inter-Barcellona. I nerazzurri sono pi\u00f9 una squadra europea che italiana\u00bb.<\/p>\n<p>Per\u00f2, cosa serve all\u2019Inter per fare il definitivo salto di qualit\u00e0 in campionato?<\/p>\n<p>\u00abL\u2019Inter ha i quattro attaccanti pi\u00f9 forti del campionato. Li ha proprio tutti e quattro: Lautaro Martinez, Pio Esposito, Thuram e Bonny. Ma \u00e8 una squadra che subisce tanti gol. Crea 10-15 occasioni, ma subisce. Motivo per il quale l\u2019Inter deve stare pi\u00f9 attenta in fase difensiva\u00bb.<\/p>\n<p>Senza Dumfries, per\u00f2, i nerazzurri rischiano qualcosa?<\/p>\n<p>\u00abA destra avranno Carlos Augusto. Ha gi\u00e0 giocato l\u00ec con la Lazio. Il Milan nella sua sinistra avr\u00e0 uno tra Estupinan e Bartesaghi, vediamo\u00bb.<\/p>\n<p>Per l\u2019Inter quanto \u00e8 importante il rientro di Thuram?<\/p>\n<p>\u00ab\u00c8 importantissimo. Poi certo, come detto prima, l\u2019Inter in avanti ha molte alternative. Marcus, per\u00f2, facilit\u00e0 il lavoro di Lautaro Martinez. Thuram fa molto movimento in fase offensiva\u00bb.<\/p>\n<p class=\"is-copyright\">\u00a9 RIPRODUZIONE RISERVATA<\/p>\n","protected":false},"excerpt":{"rendered":"Fulvio Collovati, doppio ex di Inter e Milan, ha rilasciato un&#8217;intervista ai microfoni del Corriere della Sera. Queste&hellip;\n","protected":false},"author":3,"featured_media":225401,"comment_status":"","ping_status":"","sticky":false,"template":"","format":"standard","meta":{"footnotes":""},"categories":[1452],"tags":[2537,4346,721,1856,41018,2839,133793,133794,95273,133795,133796,4864,18909,133797,133798,5187,1891,133799,1906,133800,133801,7171,1740,350,1537,90,89,5826,12049,35788,553,11688,13287,1739,245,244,33591],"class_list":{"0":"post-225400","1":"post","2":"type-post","3":"status-publish","4":"format-standard","5":"has-post-thumbnail","7":"category-calcio","8":"tag-altra","9":"tag-bonny","10":"tag-calcio","11":"tag-campionato","12":"tag-cerchera","13":"tag-chivu","14":"tag-chivu-devo","15":"tag-chivu-devo-ricredere","16":"tag-collovati","17":"tag-collovati-doppio","18":"tag-collovati-doppio-inter","19":"tag-corriere","20":"tag-corriere-sera","21":"tag-corriere-sera-parole","22":"tag-culpa","23":"tag-derby","24":"tag-devo","25":"tag-devo-ricredere","26":"tag-doppio","27":"tag-doppio-inter","28":"tag-doppio-inter-milan","29":"tag-esposito","30":"tag-football","31":"tag-inter","32":"tag-it","33":"tag-italia","34":"tag-italy","35":"tag-lautaro","36":"tag-lautaro-martinez","37":"tag-martinez","38":"tag-milan","39":"tag-sbagliato","40":"tag-sera","41":"tag-soccer","42":"tag-sport","43":"tag-sports","44":"tag-thuram"},"share_on_mastodon":{"url":"https:\/\/pubeurope.com\/@it\/115587219953585835","error":""},"_links":{"self":[{"href":"https:\/\/www.europesays.com\/it\/wp-json\/wp\/v2\/posts\/225400","targetHints":{"allow":["GET"]}}],"collection":[{"href":"https:\/\/www.europesays.com\/it\/wp-json\/wp\/v2\/posts"}],"about":[{"href":"https:\/\/www.europesays.com\/it\/wp-json\/wp\/v2\/types\/post"}],"author":[{"embeddable":true,"href":"https:\/\/www.europesays.com\/it\/wp-json\/wp\/v2\/users\/3"}],"replies":[{"embeddable":true,"href":"https:\/\/www.europesays.com\/it\/wp-json\/wp\/v2\/comments?post=225400"}],"version-history":[{"count":0,"href":"https:\/\/www.europesays.com\/it\/wp-json\/wp\/v2\/posts\/225400\/revisions"}],"wp:featuredmedia":[{"embeddable":true,"href":"https:\/\/www.europesays.com\/it\/wp-json\/wp\/v2\/media\/225401"}],"wp:attachment":[{"href":"https:\/\/www.europesays.com\/it\/wp-json\/wp\/v2\/media?parent=225400"}],"wp:term":[{"taxonomy":"category","embeddable":true,"href":"https:\/\/www.europesays.com\/it\/wp-json\/wp\/v2\/categories?post=225400"},{"taxonomy":"post_tag","embeddable":true,"href":"https:\/\/www.europesays.com\/it\/wp-json\/wp\/v2\/tags?post=225400"}],"curies":[{"name":"wp","href":"https:\/\/api.w.org\/{rel}","templated":true}]}}