{"id":225410,"date":"2025-11-21T10:34:13","date_gmt":"2025-11-21T10:34:13","guid":{"rendered":"https:\/\/www.europesays.com\/it\/225410\/"},"modified":"2025-11-21T10:34:13","modified_gmt":"2025-11-21T10:34:13","slug":"hunger-games-il-trailer-del-prequel-lalba-sulla-mietitura","status":"publish","type":"post","link":"https:\/\/www.europesays.com\/it\/225410\/","title":{"rendered":"Hunger Games&#8221;, il trailer del prequel &#8220;L\u2019alba sulla Mietitura"},"content":{"rendered":"<p>\u00a0 Al centro del racconto c\u2019\u00e8 Haymitch Abernathy, ancora adolescente, catapultato in una delle edizioni pi\u00f9 sanguinose dei Giochi: la cinquantesima, un\u2019arena in cui la posta non \u00e8 mai stata cos\u00ec alta. Le immagini diffuse anticipano un viaggio emotivo e oscuro, dove si intravedono i primi passi del personaggio destinato a diventare uno dei simboli della ribellione.<br \/>Il prequel adatta l\u2019ultimo romanzo di Suzanne Collins e ci porta alle radici del conflitto che segner\u00e0 la storia di Panem. Lontano dagli sfarzi pi\u00f9 moderni del Capitol, &#8220;L\u2019alba sulla Mietitura&#8221; recupera atmosfere crude e spoglie, simili a quelle che avevano definito i primi film della saga. Il trailer mette in scena una Panem segnata da tensioni sociali, dove la mietitura non \u00e8 solo un rituale, ma una ferita che ogni distretto porta con s\u00e9. Il tono \u00e8 immediatamente pi\u00f9 cupo, quasi a suggerire che il passato della nazione contenga le risposte alle violenze che esploderanno negli anni successivi.<\/p>\n","protected":false},"excerpt":{"rendered":"\u00a0 Al centro del racconto c\u2019\u00e8 Haymitch Abernathy, ancora adolescente, catapultato in una delle edizioni pi\u00f9 sanguinose dei&hellip;\n","protected":false},"author":3,"featured_media":225411,"comment_status":"","ping_status":"","sticky":false,"template":"","format":"standard","meta":{"footnotes":""},"categories":[1442],"tags":[203,454,204,1537,90,89,1521],"class_list":{"0":"post-225410","1":"post","2":"type-post","3":"status-publish","4":"format-standard","5":"has-post-thumbnail","7":"category-film","8":"tag-entertainment","9":"tag-film","10":"tag-intrattenimento","11":"tag-it","12":"tag-italia","13":"tag-italy","14":"tag-movies"},"share_on_mastodon":{"url":"https:\/\/pubeurope.com\/@it\/115587243379303966","error":""},"_links":{"self":[{"href":"https:\/\/www.europesays.com\/it\/wp-json\/wp\/v2\/posts\/225410","targetHints":{"allow":["GET"]}}],"collection":[{"href":"https:\/\/www.europesays.com\/it\/wp-json\/wp\/v2\/posts"}],"about":[{"href":"https:\/\/www.europesays.com\/it\/wp-json\/wp\/v2\/types\/post"}],"author":[{"embeddable":true,"href":"https:\/\/www.europesays.com\/it\/wp-json\/wp\/v2\/users\/3"}],"replies":[{"embeddable":true,"href":"https:\/\/www.europesays.com\/it\/wp-json\/wp\/v2\/comments?post=225410"}],"version-history":[{"count":0,"href":"https:\/\/www.europesays.com\/it\/wp-json\/wp\/v2\/posts\/225410\/revisions"}],"wp:featuredmedia":[{"embeddable":true,"href":"https:\/\/www.europesays.com\/it\/wp-json\/wp\/v2\/media\/225411"}],"wp:attachment":[{"href":"https:\/\/www.europesays.com\/it\/wp-json\/wp\/v2\/media?parent=225410"}],"wp:term":[{"taxonomy":"category","embeddable":true,"href":"https:\/\/www.europesays.com\/it\/wp-json\/wp\/v2\/categories?post=225410"},{"taxonomy":"post_tag","embeddable":true,"href":"https:\/\/www.europesays.com\/it\/wp-json\/wp\/v2\/tags?post=225410"}],"curies":[{"name":"wp","href":"https:\/\/api.w.org\/{rel}","templated":true}]}}