{"id":225793,"date":"2025-11-21T15:49:15","date_gmt":"2025-11-21T15:49:15","guid":{"rendered":"https:\/\/www.europesays.com\/it\/225793\/"},"modified":"2025-11-21T15:49:15","modified_gmt":"2025-11-21T15:49:15","slug":"la-vita-dellatleta-e-solitudine-ho-desideri-di-maternita","status":"publish","type":"post","link":"https:\/\/www.europesays.com\/it\/225793\/","title":{"rendered":"La vita dell&#8217;atleta \u00e8 solitudine. Ho desideri di maternit\u00e0"},"content":{"rendered":"<p>\u201cLa <strong>vita<\/strong> dell\u2019atleta \u00e8 <strong>solitudine.<\/strong> Se non hai la fortuna di vivere a casa e \u2013 credo che <strong>l\u201980%<\/strong> degli <strong>atleti<\/strong> non viva con i propri genitori \u2013 quando ti <strong>svegli,<\/strong> sei da sola: fai <strong>colazione,<\/strong> vai in <strong>palestra, torni, pranzi,<\/strong> torni in <strong>palestra, ceni<\/strong> e vai a dormire. E sei sempre <strong>sola.<\/strong> Sempre. E quindi succede che ti abitui, che comincia a piacerti quella solitudine\u201d. <a href=\"https:\/\/www.ilfattoquotidiano.it\/2025\/10\/03\/egonu-lautaro-incontro-capitani-news\/8148168\/\" rel=\"nofollow noopener\" target=\"_blank\">Mai banale <strong>Paola Egonu<\/strong><\/a> nelle sue dichiarazioni. La <strong>pallavolista italiana<\/strong> ha parlato ai microfoni di GQ Italia, che l\u2019ha nominata <strong>atleta dell\u2019anno. <\/strong>Miglior opposto in <strong>Champions League,<\/strong> miglior opposto all\u2019ultima <strong>Nations League<\/strong> ed Mvp nell\u2019ultima <strong>Supercoppa Italiana<\/strong> vinta con la Pro Victoria, Paola Egonu <a href=\"https:\/\/www.ilfattoquotidiano.it\/2025\/09\/07\/italvolley-femminile-mondiale-turchia-news\/8118552\/\" rel=\"nofollow noopener\" target=\"_blank\">con la <strong>nazionale italiana<\/strong> femminile di <strong>volley<\/strong> ha vinto gli ultimi <strong>Mondiali<\/strong><\/a> e la <strong>medaglia d\u2019oro<\/strong> alle <strong>Olimpiadi<\/strong>.<\/p>\n<p>Nel corso dell\u2019intervista ha affrontato <strong>diversi aspetti,<\/strong> tra cui appunto quello della <strong>solitudine dell\u2019atleta:<\/strong> \u201cPoi vedi i tuoi coetanei e magari succede qualcosa: chiami i genitori, oh Dio, \u00e8 successo questo, quello, si chiacchiera, si sta al telefono. Nella vita dell\u2019atleta <strong>non hai il tempo di fermarti, di piangere, di parlare<\/strong>. Appena c\u2019\u00e8 un problema devi reagire, andare oltre. Perch\u00e9 siamo abituate ad andare a una velocit\u00e0 molto pi\u00f9 alta\u201d, ha spiegato Egonu. \u201c\u00c8 difficile per\u00f2 <strong>essere comprese<\/strong> sempre, perch\u00e9 non viviamo le stesse cose, cio\u00e8 <strong>non vivono in prima persona<\/strong> le emozioni che vivo io. Per\u00f2 \u00e8 <strong>importantissimo<\/strong> avere qualcuno che ti supporta e che ti ascolta\u201d.<\/p>\n<p>La pallavolista italiana \u2013 oggi fidanzata con il pallavolista <strong>Leonardo Puliti<\/strong> \u2013 \u00e8 entrata poi maggiormente nel dettaglio del <strong>concetto,<\/strong> spiegando tutte le <strong>difficolt\u00e0<\/strong> che <strong>un\u2019atleta<\/strong> pu\u00f2 avere nel corso della <strong>quotidianit\u00e0<\/strong> e della <strong>pianificazione<\/strong> della <strong>propria vita.<\/strong> \u201cIo <strong>sono<\/strong> una <strong>donna<\/strong> e ho desideri di <strong>maternit\u00e0.<\/strong> Ci sono nove mesi in cui devi stare ferma, il tuo <strong>fisico cambia,<\/strong> non sai se riuscirai a tornare a quel livello, quindi se vuoi un figlio, o lo fai prima, interrompi la carriera, torni, ma se non sei in grado, smetti e ti manca. \u00c8 il momento giusto? Come si fa a dire,<strong> \u2018adesso riprendo\u2019?<\/strong>\u201c.<\/p>\n<p>E qui \u2013 secondo Paola Egonu \u2013 la differenza tra <strong>un atleta uomo<\/strong> e una <strong>donna:<\/strong> \u201cNel senso che quando un uomo fa un figlio, pu\u00f2 scegliere di tornare immediatamente in campo. \u00c8 una questione <strong>legata<\/strong> al <strong>corpo<\/strong> e al recupero. Per me \u00e8 un grandissimo <strong>conflitto,<\/strong> come si fa a tornare a giocare? E riuscirei a mantenere <strong>un certo livello<\/strong>? Per adesso ho messo un limite di tempo, poi si vedr\u00e0\u201d.<\/p>\n<p><strong>26 anni<\/strong>. Troppo presto ancora per iniziare a pensare al ritiro, ma Egonu ha gi\u00e0 le <strong>idee chiare<\/strong> a riguardo: \u201cNon ci ho ancora pensato, per\u00f2 sicuramente vorrei avere il coraggio di <strong>smettere nel momento giusto della mia carriera<\/strong>, per potermi costruire la vita dopo e non avere paura dell\u2019incognito che c\u2019\u00e8 dopo, appunto, e continuare ad andare avanti, ma in maniera diversa\u201d.<\/p>\n","protected":false},"excerpt":{"rendered":"\u201cLa vita dell\u2019atleta \u00e8 solitudine. Se non hai la fortuna di vivere a casa e \u2013 credo che&hellip;\n","protected":false},"author":3,"featured_media":225794,"comment_status":"","ping_status":"","sticky":false,"template":"","format":"standard","meta":{"footnotes":""},"categories":[1474],"tags":[1537,90,89,245,244,1869],"class_list":{"0":"post-225793","1":"post","2":"type-post","3":"status-publish","4":"format-standard","5":"has-post-thumbnail","7":"category-volley","8":"tag-it","9":"tag-italia","10":"tag-italy","11":"tag-sport","12":"tag-sports","13":"tag-volley"},"share_on_mastodon":{"url":"https:\/\/pubeurope.com\/@it\/115588481987181577","error":""},"_links":{"self":[{"href":"https:\/\/www.europesays.com\/it\/wp-json\/wp\/v2\/posts\/225793","targetHints":{"allow":["GET"]}}],"collection":[{"href":"https:\/\/www.europesays.com\/it\/wp-json\/wp\/v2\/posts"}],"about":[{"href":"https:\/\/www.europesays.com\/it\/wp-json\/wp\/v2\/types\/post"}],"author":[{"embeddable":true,"href":"https:\/\/www.europesays.com\/it\/wp-json\/wp\/v2\/users\/3"}],"replies":[{"embeddable":true,"href":"https:\/\/www.europesays.com\/it\/wp-json\/wp\/v2\/comments?post=225793"}],"version-history":[{"count":0,"href":"https:\/\/www.europesays.com\/it\/wp-json\/wp\/v2\/posts\/225793\/revisions"}],"wp:featuredmedia":[{"embeddable":true,"href":"https:\/\/www.europesays.com\/it\/wp-json\/wp\/v2\/media\/225794"}],"wp:attachment":[{"href":"https:\/\/www.europesays.com\/it\/wp-json\/wp\/v2\/media?parent=225793"}],"wp:term":[{"taxonomy":"category","embeddable":true,"href":"https:\/\/www.europesays.com\/it\/wp-json\/wp\/v2\/categories?post=225793"},{"taxonomy":"post_tag","embeddable":true,"href":"https:\/\/www.europesays.com\/it\/wp-json\/wp\/v2\/tags?post=225793"}],"curies":[{"name":"wp","href":"https:\/\/api.w.org\/{rel}","templated":true}]}}