{"id":225912,"date":"2025-11-21T17:25:13","date_gmt":"2025-11-21T17:25:13","guid":{"rendered":"https:\/\/www.europesays.com\/it\/225912\/"},"modified":"2025-11-21T17:25:13","modified_gmt":"2025-11-21T17:25:13","slug":"steven-soderbergh-aggiorna-sul-progresso-del-suo-documentario-sullultima-intervista-a-john-lennon-e-yoko-ono","status":"publish","type":"post","link":"https:\/\/www.europesays.com\/it\/225912\/","title":{"rendered":"Steven Soderbergh aggiorna sul progresso del suo documentario sull&#8217;ultima intervista a John Lennon e Yoko Ono"},"content":{"rendered":"<p>L&#8217;instancabile regista Steven Soderbergh \u00e8 al lavoro da un po&#8217; su un documentario che racconta l&#8217;ultima intervista a John Lennon prima di essere ucciso. Ecco a che punto sta.<\/p>\n<p>Proprio ieri parlavamo, a proposito dell&#8217;arrivo su <strong>Disney+<\/strong> di <strong>The Beatles Anthology<\/strong>, del perdurante successo del quartetto di Liverpool e dei suoi componenti. Forse quello che non tutti sanno \u00e8 che <a href=\"https:\/\/www.comingsoon.it\/personaggi\/steven-soderbergh\/95297\/biografia\/\" target=\"_blank\" title=\"Steven Soderbergh\" rel=\"nofollow noopener\"><strong>Steven Soderbergh<\/strong><\/a> \u00e8 da tempo al lavoro su un <strong>documentario<\/strong> che riguarda il pi\u00f9 carismatico del gruppo, <a href=\"https:\/\/www.comingsoon.it\/personaggi\/john-lennon\/59992\/biografia\/\" target=\"_blank\" title=\"John Lennon\" rel=\"nofollow noopener\"><strong>John Lennon<\/strong><\/a>, ucciso nel 1980 da <strong>Mark Chapman<\/strong>. E non si tratta di un documentario qualsiasi, visto che al centro c&#8217;\u00e8 la famosa ultima intervista concessa dal musicista, poche ore prima di essere ammazzato. In una conferenza stampa al festival di Doha, a cui ha partecipato, <strong>Soderbergh<\/strong> ha parlato dello stato di questo progetto.<\/p>\n<p>Steven Soderbergh e l&#8217;ultima intervista di John Lennon (e Yoko)<\/p>\n<p>Durante l&#8217;incontro stampa al Doha Film Festival, dove \u00e8 andato a presentare il suo nuovo film, The Christophers, Soderbergh ha parlato del progetto a cui sta lavorando con queste parole<\/p>\n<blockquote><p>E&#8217; quasi finito. Ne sono entusiasta. E&#8217; un incredibile documento storico questa intervista, e quindi il mio lavoro \u00e8 ovviamente presente ma in modo da evidenziarla e non distrarre da quella. Non provo a reinventare la forma, spero solo di creare un film che arrivi a quante pi\u00f9 persone possibili quello che John e Yoko avevano da dire quel pomeriggio prima che lui fosse ucciso. Erano entrambi molto liberi nella discussione. Da persona che \u00e8 stata intervistata molte volte sono rimasto sorpreso da quanto fossero aperti ed entusiasti di parlare. Sembra quasi che non siano mai stati intervistati prima&#8230; Voglio che arrivi al pubblico questo, e che quello che loro dicevano 45 anni non \u00e8 solo attuale ancora adesso. Lo \u00e8 forse ancora di pi\u00f9 in termini di relazioni, politica, di come ci trattiamo a vicenda, come i sistemi agiscono sull&#8217;individuo e, soprattutto, dell&#8217;importanza dell&#8217;amore nella nostra vita quotidiana e nel nostro lavoro.<\/p><\/blockquote>\n<p>Oltre a queste informazioni sul film, che speriamo di vedere presto, <strong>Soderbergh<\/strong>, che ha vinto l&#8217;Oscar nel 2001 per <strong>Traffic<\/strong> ed \u00e8 stato candidato per <strong>Erin Brockovich<\/strong>, ha fatto un interessante commento sul proliferare dei premi cinematografici: &#8220;Credo che sia giusto di tanto in tanto riconoscere il lavoro dei propri colleghi e pari. Quello che ho osservato nel corso della mia carriera \u00e8 l&#8217;espansione di questi riconoscimenti in sei mesi di attivit\u00e0 da una sola sera . E&#8217; una stagione (quella dei premi) che dura pi\u00f9 di qualsiasi stagione naturale&#8221;. Ha poi continuato: &#8220;Il motivo per cui lavoriamo viene riassunto in una conversazione sulla strategia. Non credo che questa cosa passer\u00e0. E&#8217; un po&#8217; come se qualcuno venisse da te ogni due settimane e ti dicesse: \u00e8 il mio compleanno. Si perde per strada un po&#8217; della sua attrattiva. Ci sono cos\u00ec tanti premi! Sono trascorsi 25 anni da quando Traffic ed Erin Brockovich vennero candidati agli Oscar, quindi non li frequento da parecchio tempo, anche se guardo ancora la cerimonia, ma devo dire che quando vedo quello che devono passare le persone che fanno le campagne per il premo e quelli che sono candidati, non mi sembra molto divertente&#8221;.<\/p>\n<p>L&#8217;ultima intervista a John Lennon e le sue ultime ore<\/p>\n<p>L&#8217;intervista su cui verte il documentario di <strong>Steven Soderbergh<\/strong> si svolse la mattina dell&#8217;8 dicembre 1980 nell&#8217;appartamento in cui abitavano, nel Dakota Building newyorkese. L&#8217;interlocutore era il giornalista Dave Sholin, del network radiofonico RKO. L&#8217;incontro era stato organizzato nel corso della promozione del nuovo album da solista di <strong>John Lennon,<\/strong> &#8220;Double Fantasy&#8221;, che segnava il suo ritorno alla musica. Lennon si trovava in un periodo particolarmente sereno della sua vita, si era goduto la volontaria interruzione dell&#8217;attivit\u00e0 per dedicarsi al figlio <strong>Sean Ono<\/strong>, con cui condivideva il compleanno e che aveva all&#8217;epoca cinque anni. Prima dell&#8217;intervista, John Lennon e Yoko Ono avevano posato per una sessione fotografica con la celebre fotografa <strong>Anne Leibovitz<\/strong>, da cui fu tratta la foto di copertina di Rolling Stone. Dopo l&#8217;intervista, John e Yoko andarono al Record Plant Studio per una sessione di missaggio della canzone di Yoko, &#8220;Walking on Thin Ice&#8221;. Nel pomeriggio Lennon fu fermato fuori dal Dakota Building da un suo dichiarato fan di 25 anni, <strong>Mark David Chapman<\/strong>, a cui autograf\u00f2 la copertina di un album. La sera stessa, poco prima delle 23, Chapman lo aspett\u00f2 armato di pistola fuori dall&#8217;edificio. Lennon fu dichiarato morto al suo arrivo al Roosevelt Hospital alle 23.15. Una scomparsa che sconvolse il mondo intero e per cui l&#8217;assassino, condannato all&#8217;ergastolo, \u00e8 tutt&#8217;oggi in carcere.<\/p>\n","protected":false},"excerpt":{"rendered":"L&#8217;instancabile regista Steven Soderbergh \u00e8 al lavoro da un po&#8217; su un documentario che racconta l&#8217;ultima intervista a&hellip;\n","protected":false},"author":3,"featured_media":225913,"comment_status":"","ping_status":"","sticky":false,"template":"","format":"standard","meta":{"footnotes":""},"categories":[1442],"tags":[203,454,204,1537,90,89,1521],"class_list":{"0":"post-225912","1":"post","2":"type-post","3":"status-publish","4":"format-standard","5":"has-post-thumbnail","7":"category-film","8":"tag-entertainment","9":"tag-film","10":"tag-intrattenimento","11":"tag-it","12":"tag-italia","13":"tag-italy","14":"tag-movies"},"share_on_mastodon":{"url":"https:\/\/pubeurope.com\/@it\/115588859521104693","error":""},"_links":{"self":[{"href":"https:\/\/www.europesays.com\/it\/wp-json\/wp\/v2\/posts\/225912","targetHints":{"allow":["GET"]}}],"collection":[{"href":"https:\/\/www.europesays.com\/it\/wp-json\/wp\/v2\/posts"}],"about":[{"href":"https:\/\/www.europesays.com\/it\/wp-json\/wp\/v2\/types\/post"}],"author":[{"embeddable":true,"href":"https:\/\/www.europesays.com\/it\/wp-json\/wp\/v2\/users\/3"}],"replies":[{"embeddable":true,"href":"https:\/\/www.europesays.com\/it\/wp-json\/wp\/v2\/comments?post=225912"}],"version-history":[{"count":0,"href":"https:\/\/www.europesays.com\/it\/wp-json\/wp\/v2\/posts\/225912\/revisions"}],"wp:featuredmedia":[{"embeddable":true,"href":"https:\/\/www.europesays.com\/it\/wp-json\/wp\/v2\/media\/225913"}],"wp:attachment":[{"href":"https:\/\/www.europesays.com\/it\/wp-json\/wp\/v2\/media?parent=225912"}],"wp:term":[{"taxonomy":"category","embeddable":true,"href":"https:\/\/www.europesays.com\/it\/wp-json\/wp\/v2\/categories?post=225912"},{"taxonomy":"post_tag","embeddable":true,"href":"https:\/\/www.europesays.com\/it\/wp-json\/wp\/v2\/tags?post=225912"}],"curies":[{"name":"wp","href":"https:\/\/api.w.org\/{rel}","templated":true}]}}