{"id":225931,"date":"2025-11-21T17:41:12","date_gmt":"2025-11-21T17:41:12","guid":{"rendered":"https:\/\/www.europesays.com\/it\/225931\/"},"modified":"2025-11-21T17:41:12","modified_gmt":"2025-11-21T17:41:12","slug":"alcaraz-mostra-la-casa-dei-genitori-tovaglia-di-plastica-sedie-pieghevoli-e-mobili-ikea-con-i-trofei-di-wimbledon-e-us-open","status":"publish","type":"post","link":"https:\/\/www.europesays.com\/it\/225931\/","title":{"rendered":"Alcaraz mostra la casa dei genitori: tovaglia di plastica, sedie pieghevoli e mobili Ikea con i trofei di Wimbledon e Us Open"},"content":{"rendered":"<p>    di<br \/>\n    Francesco Sessa<\/p>\n<p class=\"summary-art is-line-h-12\">Lo spagnolo ha postato una foto per celebrare i compagni della Spagna in Coppa Davis in cui si notano dettagli di straordinaria normalit\u00e0. Ecco dove vive il numero 1 del mondo<\/p>\n<p class=\"chapter-paragraph\">La scarpa appoggiata su una tovaglia di plastica, cimeli sparsi, una foto di Papa Francesco. Un televisore\u00a0\u00abnormale\u00bb appeso al muro, che trasmette tennis. Una foto di vita comune, in cui chiunque si pu\u00f2 identificare, mensole di Ikea. Peccato che, qua e l\u00e0, compaiano i pi\u00f9 ambiti trofei del tennis: la coppa di Wimbledon, quella degli Us Open. Autore dello scatto: <b>Carlos Alcaraz<\/b>, il numero 1 del mondo, milionario che si riposa a casa con i genitori, come un 22enne qualsiasi.<\/p>\n<p>    La normalit\u00e0 di Alcaraz<\/p>\n<p class=\"chapter-paragraph\">Carlitos ha pubblicato la foto per celebrare la vittoria della Spagna ai quarti di finale contro la Repubblica Ceca ai quarti di finale. Alcaraz non c&#8217;\u00e8,<a href=\"https:\/\/www.corriere.it\/sport\/tennis\/25_novembre_18\/alcaraz-edema-muscolare-davis-a-forte-rischio-b109f45b-de1c-46dc-b962-b9a34ed13xlk.shtml\" rel=\"nofollow noopener\" target=\"_blank\"> ha dovuto rinunciare alla Coppa Davis<\/a> a causa di un edema alla coscia dopo <b>la finale contro Jannik Sinner alle Atp Finals<\/b>. Tradotto: il numero 1 \u00e8 entrato nella post-season, ma non si \u00e8 (ancora) dato a vacanze di lusso. Chiss\u00e0 se ci sar\u00e0 spazio per Ibiza, la consueta meta dello spagnolo, ma intanto Carlos \u00e8 a Murcia, a casa con i genitori, lontano dallo sfarzo.\u00a0    &#13;<br \/>\n&#13;<br \/>\n&#13;<br \/>\n&#13;<br \/>\n&#13;<br \/>\n&#13;<br \/>\n&#13;<br \/>\n&#13;<br \/>\n&#13;<br \/>\n&#13;<br \/>\n&#13;<br \/>\n&#13;<br \/>\n&#13;<br \/>\n&#13;<br \/>\n&#13;<br \/>\n&#13;<br \/>\n&#13;<br \/>\n&#13;<br \/>\n&#13;<br \/>\n&#13;<br \/>\n&#13;<br \/>\n&#13;<br \/>\n&#13;<br \/>\n&#13;<br \/>\n&#13;<br \/>\n&#13;<br \/>\n&#13;<br \/>\n&#13;<br \/>\n&#13;<br \/>\n&#13;<br \/>\n&#13;<br \/>\n&#13;<br \/>\n&#13;<br \/>\n&#13;<br \/>\n&#13;<br \/>\n&#13;<br \/>\n&#13;<br \/>\n&#13;<br \/>\n&#13;<br \/>\n&#13;<br \/>\n&#13;<br \/>\n&#13;<br \/>\n&#13;<br \/>\n&#13;<br \/>\n&#13;<br \/>\n&#13;<br \/>\n&#13;<br \/>\n&#13;<br \/>\n&#13;<br \/>\n&#13;<br \/>\n&#13;<br \/>\n&#13;<br \/>\n&#13;\n<\/p>\n<p class=\"chapter-paragraph\">Osservare la foto nel dettaglio \u00e8 un viaggio in una vita comune. La gamba di Carlos poggia su una sedia pieghevole, aperta, mentre quelle chiuse sono appoggiate contro il muro. Sotto il televisore, varie foto: Alcaraz che esulta per la vittoria del primo Slam (gli Us Open 2022), scatti di gruppo, persino il volto di Papa Bergoglio. C&#8217;\u00e8 un contenitore con le palle da tennis, uno con il telecomando, libri.\u00a0<\/p>\n<p class=\"chapter-paragraph\">Sopra: foto di famiglia, le coppe di Wimbledon e Us Open, anche il contenitore per il mate argentino. Segnali di normalit\u00e0 di un campione raccontato per quello che \u00e8 nella serie Netflix\u00a0\u00abCarlos Alcaraz: My Way\u00bb, in cui si vedeva anche la cameretta dello spagnolo nella casa dei genitori: una stanza striminzita, da ragazzo comune. Alcaraz, per ora, non \u00e8 cambiato. E ha un disperato bisogno di normalit\u00e0.<\/p>\n<p class=\"is-last-update\" datetime=\"2025-11-21T18:28:10+01:00\">21 novembre 2025 ( modifica il 21 novembre 2025 | 18:28)<\/p>\n<p class=\"is-copyright\">\n            \u00a9 RIPRODUZIONE RISERVATA\n        <\/p>\n","protected":false},"excerpt":{"rendered":"di Francesco Sessa Lo spagnolo ha postato una foto per celebrare i compagni della Spagna in Coppa Davis&hellip;\n","protected":false},"author":3,"featured_media":225932,"comment_status":"","ping_status":"","sticky":false,"template":"","format":"standard","meta":{"footnotes":""},"categories":[1457],"tags":[1265,3363,4627,6746,393,3024,4297,24184,9849,1426,228,134095,2753,60949,1537,90,89,51542,1312,2006,3665,245,244,1273,7379,6665,1274,129707,129708],"class_list":{"0":"post-225931","1":"post","2":"type-post","3":"status-publish","4":"format-standard","5":"has-post-thumbnail","7":"category-tennis","8":"tag-alcaraz","9":"tag-carlos","10":"tag-carlos-alcaraz","11":"tag-celebrare","12":"tag-comune","13":"tag-contenitore","14":"tag-coppa","15":"tag-coppa-davis","16":"tag-davis","17":"tag-finale","18":"tag-foto","19":"tag-foto-celebrare","20":"tag-genitori","21":"tag-ikea","22":"tag-it","23":"tag-italia","24":"tag-italy","25":"tag-normalita","26":"tag-numero","27":"tag-open","28":"tag-spagnolo","29":"tag-sport","30":"tag-sports","31":"tag-tennis","32":"tag-us","33":"tag-us-open","34":"tag-wimbledon","35":"tag-wimbledon-us","36":"tag-wimbledon-us-open"},"share_on_mastodon":{"url":"https:\/\/pubeurope.com\/@it\/115588922528761024","error":""},"_links":{"self":[{"href":"https:\/\/www.europesays.com\/it\/wp-json\/wp\/v2\/posts\/225931","targetHints":{"allow":["GET"]}}],"collection":[{"href":"https:\/\/www.europesays.com\/it\/wp-json\/wp\/v2\/posts"}],"about":[{"href":"https:\/\/www.europesays.com\/it\/wp-json\/wp\/v2\/types\/post"}],"author":[{"embeddable":true,"href":"https:\/\/www.europesays.com\/it\/wp-json\/wp\/v2\/users\/3"}],"replies":[{"embeddable":true,"href":"https:\/\/www.europesays.com\/it\/wp-json\/wp\/v2\/comments?post=225931"}],"version-history":[{"count":0,"href":"https:\/\/www.europesays.com\/it\/wp-json\/wp\/v2\/posts\/225931\/revisions"}],"wp:featuredmedia":[{"embeddable":true,"href":"https:\/\/www.europesays.com\/it\/wp-json\/wp\/v2\/media\/225932"}],"wp:attachment":[{"href":"https:\/\/www.europesays.com\/it\/wp-json\/wp\/v2\/media?parent=225931"}],"wp:term":[{"taxonomy":"category","embeddable":true,"href":"https:\/\/www.europesays.com\/it\/wp-json\/wp\/v2\/categories?post=225931"},{"taxonomy":"post_tag","embeddable":true,"href":"https:\/\/www.europesays.com\/it\/wp-json\/wp\/v2\/tags?post=225931"}],"curies":[{"name":"wp","href":"https:\/\/api.w.org\/{rel}","templated":true}]}}